{"id":12029,"date":"2024-02-23T13:18:27","date_gmt":"2024-02-23T12:18:27","guid":{"rendered":"http:\/\/www.oagvm.sk\/wphirfolyam\/?p=12029"},"modified":"2024-02-23T14:07:32","modified_gmt":"2024-02-23T13:07:32","slug":"12029","status":"publish","type":"post","link":"http:\/\/www.oagvm.sk\/wphirfolyam\/?p=12029","title":{"rendered":"Sz\u00ednh\u00e1zl\u00e1togat\u00e1s Kom\u00e1romban &#8211; N\u00e1v\u0161teva divadeln\u00e9ho\u00a0 predstavenia"},"content":{"rendered":"<h3 style=\"text-align: justify;\"><span style=\"font-family: tahoma, arial, helvetica, sans-serif; color: #ff6600;\"><strong>Sz\u00ednh\u00e1zl\u00e1togat\u00e1s Kom\u00e1romban<\/strong><\/span><\/h3>\n<h3 style=\"text-align: justify;\"><span style=\"font-family: tahoma, arial, helvetica, sans-serif;\">2024. febru\u00e1r 20-\u00e1n d\u00e9lut\u00e1n nagy \u00f6r\u00f6mmel indultunk el Kom\u00e1romba a J\u00f3kai Sz\u00ednh\u00e1zba az idei sz\u00ednh\u00e1zi \u00e9vad 2. di\u00e1kb\u00e9rletes el\u0151ad\u00e1s\u00e1ra. Ez\u00fattal Jordi Galceran, kort\u00e1rs katal\u00e1n dr\u00e1ma\u00edr\u00f3 Burundanga c\u00edm\u0171 v\u00edgj\u00e1t\u00e9k\u00e1t n\u00e9zt\u00fck meg, amelynek a k\u00f6z\u00e9ppontj\u00e1ban egy nem v\u00e1rt terhess\u00e9g \u00e1ll. Abszurdn\u00e1l abszurdabb szitu\u00e1c\u00f3k k\u00f6vetik egym\u00e1st, k\u00f6zben megjelenik a darabban a fiatalok v\u00e1gya, hogy valamiben kiteljesedjenek. A kit\u0171n\u0151 szereposzt\u00e1s \u00e9s az \u00f6tletes d\u00edszletek csak emelt\u00e9k a sz\u00ednh\u00e1zi el\u0151ad\u00e1s sz\u00ednvonal\u00e1t.<\/span><\/h3>\n<h3 style=\"text-align: justify;\"><span style=\"font-family: tahoma, arial, helvetica, sans-serif;\">K\u00f6sz\u00f6nj\u00fck, hogy r\u00e9szesei\u00a0 lehett\u00fcnk ennek a\u00a0felejthetetlen el\u0151ad\u00e1snak.<\/span><\/h3>\n<h3 style=\"text-align: right;\"><span style=\"font-family: tahoma, arial, helvetica, sans-serif;\">Mgr. M\u00e9sz\u00e1ros Ilona, az iskola tan\u00e1ra<\/span><\/h3>\n<h3 style=\"text-align: justify;\"><span style=\"font-family: tahoma, arial, helvetica, sans-serif; color: #ff6600;\"><strong>N\u00e1v\u0161teva divadeln\u00e9ho\u00a0 predstavenia<\/strong><\/span><\/h3>\n<h3 style=\"text-align: justify;\"><span style=\"font-family: tahoma, arial, helvetica, sans-serif;\">20. febru\u00e1ra 2024 \u017eiaci na\u0161ej \u0161koly zav\u00edtali do J\u00f3kaiho divadla v Kom\u00e1rne. Pozreli sme si veselohru \u00a0pod n\u00e1zvom \u00a0Burundanga, \u00a0ktor\u00fd nap\u00edsal s\u00fa\u010dasn\u00fd katal\u00e1nsky dramatik, Jordi Galceran. V centre deja je ne\u010dakan\u00e9 tehotenstvo vysoko\u0161kol\u00e1\u010dky Berty. Medzit\u00fdm vznikaj\u00fa r\u00f4zne absurdn\u00e9 situ\u00e1cie. V hre sa objavia aj t\u00fa\u017eby mlad\u00fdch a h\u013eadanie miesta v spolo\u010dnosti. V\u00fdborn\u00e9 hereck\u00e9 obsadenie a zauj\u00edmavo vyrie\u0161en\u00e9 kulisy len zv\u00fd\u0161ili \u00farove\u0148 divadeln\u00e9ho predstavenia.<\/span><\/h3>\n<h3 style=\"text-align: justify;\"><span style=\"font-family: tahoma, arial, helvetica, sans-serif;\">\u010eakujeme za nezabudnute\u013en\u00e9 umeleck\u00e9 z\u00e1\u017eitky.<\/span><\/h3>\n<h3 style=\"text-align: right;\"><span style=\"font-family: tahoma, arial, helvetica, sans-serif;\">Mgr. Helena M\u00e9sz\u00e1rosov\u00e1, u\u010dite\u013eka \u0161koly<\/span><\/h3>\n<div id=\"metaslider-id-11621\" style=\"width: 100%; margin: 0 auto;\" class=\"ml-slider-3-23-0 metaslider metaslider-flex metaslider-11621 ml-slider nav-hidden\">\n    <div id=\"metaslider_container_11621\">\n        <div id=\"metaslider_11621\">\n            <ul aria-live=\"polite\" class=\"slides\">\n                <li style=\"display: block; width: 100%;\" class=\"slide-11629 ms-image\"><img width=\"900\" height=\"506\" src=\"http:\/\/www.oagvm.sk\/wphirfolyam\/wp-content\/uploads\/2024\/01\/IMG_4076-1.jpg\" class=\"slider-11621 slide-11629\" alt=\"\" loading=\"lazy\" rel=\"\" title=\"IMG_4076 (1)\" srcset=\"http:\/\/www.oagvm.sk\/wphirfolyam\/wp-content\/uploads\/2024\/01\/IMG_4076-1.jpg 900w, http:\/\/www.oagvm.sk\/wphirfolyam\/wp-content\/uploads\/2024\/01\/IMG_4076-1-300x169.jpg 300w, http:\/\/www.oagvm.sk\/wphirfolyam\/wp-content\/uploads\/2024\/01\/IMG_4076-1-768x432.jpg 768w\" sizes=\"(max-width: 900px) 100vw, 900px\" \/><\/li>\n                <li style=\"display: none; width: 100%;\" class=\"slide-11630 ms-image\"><img width=\"900\" height=\"506\" src=\"http:\/\/www.oagvm.sk\/wphirfolyam\/wp-content\/uploads\/2024\/01\/IMG_4076.jpg\" class=\"slider-11621 slide-11630\" alt=\"\" loading=\"lazy\" rel=\"\" title=\"IMG_4076\" srcset=\"http:\/\/www.oagvm.sk\/wphirfolyam\/wp-content\/uploads\/2024\/01\/IMG_4076.jpg 900w, http:\/\/www.oagvm.sk\/wphirfolyam\/wp-content\/uploads\/2024\/01\/IMG_4076-300x169.jpg 300w, http:\/\/www.oagvm.sk\/wphirfolyam\/wp-content\/uploads\/2024\/01\/IMG_4076-768x432.jpg 768w\" sizes=\"(max-width: 900px) 100vw, 900px\" \/><\/li>\n                <li style=\"display: none; width: 100%;\" class=\"slide-11631 ms-image\"><img width=\"900\" height=\"506\" src=\"http:\/\/www.oagvm.sk\/wphirfolyam\/wp-content\/uploads\/2024\/01\/IMG_4079.jpg\" class=\"slider-11621 slide-11631\" alt=\"\" loading=\"lazy\" rel=\"\" title=\"IMG_4079\" srcset=\"http:\/\/www.oagvm.sk\/wphirfolyam\/wp-content\/uploads\/2024\/01\/IMG_4079.jpg 900w, http:\/\/www.oagvm.sk\/wphirfolyam\/wp-content\/uploads\/2024\/01\/IMG_4079-300x169.jpg 300w, http:\/\/www.oagvm.sk\/wphirfolyam\/wp-content\/uploads\/2024\/01\/IMG_4079-768x432.jpg 768w\" sizes=\"(max-width: 900px) 100vw, 900px\" \/><\/li>\n                <li style=\"display: none; width: 100%;\" class=\"slide-11632 ms-image\"><img width=\"900\" height=\"506\" src=\"http:\/\/www.oagvm.sk\/wphirfolyam\/wp-content\/uploads\/2024\/01\/IMG_4080.jpg\" class=\"slider-11621 slide-11632\" alt=\"\" loading=\"lazy\" rel=\"\" title=\"IMG_4080\" srcset=\"http:\/\/www.oagvm.sk\/wphirfolyam\/wp-content\/uploads\/2024\/01\/IMG_4080.jpg 900w, http:\/\/www.oagvm.sk\/wphirfolyam\/wp-content\/uploads\/2024\/01\/IMG_4080-300x169.jpg 300w, http:\/\/www.oagvm.sk\/wphirfolyam\/wp-content\/uploads\/2024\/01\/IMG_4080-768x432.jpg 768w\" sizes=\"(max-width: 900px) 100vw, 900px\" \/><\/li>\n                <li style=\"display: none; width: 100%;\" class=\"slide-11633 ms-image\"><img width=\"506\" height=\"900\" src=\"http:\/\/www.oagvm.sk\/wphirfolyam\/wp-content\/uploads\/2024\/01\/IMG_4081.jpg\" class=\"slider-11621 slide-11633\" alt=\"\" loading=\"lazy\" rel=\"\" title=\"IMG_4081\" srcset=\"http:\/\/www.oagvm.sk\/wphirfolyam\/wp-content\/uploads\/2024\/01\/IMG_4081.jpg 506w, http:\/\/www.oagvm.sk\/wphirfolyam\/wp-content\/uploads\/2024\/01\/IMG_4081-169x300.jpg 169w\" sizes=\"(max-width: 506px) 100vw, 506px\" \/><\/li>\n                <li style=\"display: none; width: 100%;\" class=\"slide-11634 ms-image\"><img width=\"506\" height=\"900\" src=\"http:\/\/www.oagvm.sk\/wphirfolyam\/wp-content\/uploads\/2024\/01\/IMG_4082.jpg\" class=\"slider-11621 slide-11634\" alt=\"\" loading=\"lazy\" rel=\"\" title=\"IMG_4082\" srcset=\"http:\/\/www.oagvm.sk\/wphirfolyam\/wp-content\/uploads\/2024\/01\/IMG_4082.jpg 506w, http:\/\/www.oagvm.sk\/wphirfolyam\/wp-content\/uploads\/2024\/01\/IMG_4082-169x300.jpg 169w\" sizes=\"(max-width: 506px) 100vw, 506px\" \/><\/li>\n                <li style=\"display: none; width: 100%;\" class=\"slide-11635 ms-image\"><img width=\"900\" height=\"506\" src=\"http:\/\/www.oagvm.sk\/wphirfolyam\/wp-content\/uploads\/2024\/01\/IMG_4085.jpg\" class=\"slider-11621 slide-11635\" alt=\"\" loading=\"lazy\" rel=\"\" title=\"IMG_4085\" srcset=\"http:\/\/www.oagvm.sk\/wphirfolyam\/wp-content\/uploads\/2024\/01\/IMG_4085.jpg 900w, http:\/\/www.oagvm.sk\/wphirfolyam\/wp-content\/uploads\/2024\/01\/IMG_4085-300x169.jpg 300w, http:\/\/www.oagvm.sk\/wphirfolyam\/wp-content\/uploads\/2024\/01\/IMG_4085-768x432.jpg 768w\" sizes=\"(max-width: 900px) 100vw, 900px\" \/><\/li>\n            <\/ul>\n        <\/div>\n        \n    <\/div>\n<\/div>\n","protected":false},"excerpt":{"rendered":"<p>Sz\u00ednh\u00e1zl\u00e1togat\u00e1s Kom\u00e1romban 2024. febru\u00e1r 20-\u00e1n d\u00e9lut\u00e1n nagy \u00f6r\u00f6mmel indultunk el Kom\u00e1romba a J\u00f3kai Sz\u00ednh\u00e1zba az idei sz\u00ednh\u00e1zi \u00e9vad 2. di\u00e1kb\u00e9rletes el\u0151ad\u00e1s\u00e1ra. Ez\u00fattal Jordi Galceran, kort\u00e1rs katal\u00e1n dr\u00e1ma\u00edr\u00f3 Burundanga c\u00edm\u0171 v\u00edgj\u00e1t\u00e9k\u00e1t n\u00e9zt\u00fck meg, amelynek a k\u00f6z\u00e9ppontj\u00e1ban egy nem v\u00e1rt terhess\u00e9g \u00e1ll. Abszurdn\u00e1l abszurdabb szitu\u00e1c\u00f3k k\u00f6vetik egym\u00e1st, k\u00f6zben megjelenik a darabban a fiatalok v\u00e1gya, hogy valamiben kiteljesedjenek. &#8230; <a title=\"Sz\u00ednh\u00e1zl\u00e1togat\u00e1s Kom\u00e1romban &#8211; N\u00e1v\u0161teva divadeln\u00e9ho\u00a0 predstavenia\" class=\"read-more\" href=\"http:\/\/www.oagvm.sk\/wphirfolyam\/?p=12029\">Olvass tov\u00e1bb<span class=\"screen-reader-text\">Sz\u00ednh\u00e1zl\u00e1togat\u00e1s Kom\u00e1romban &#8211; N\u00e1v\u0161teva divadeln\u00e9ho\u00a0 predstavenia<\/span><\/a><\/p>\n","protected":false},"author":2,"featured_media":0,"comment_status":"closed","ping_status":"closed","sticky":false,"template":"","format":"standard","meta":[],"categories":[73],"tags":[],"_links":{"self":[{"href":"http:\/\/www.oagvm.sk\/wphirfolyam\/index.php?rest_route=\/wp\/v2\/posts\/12029"}],"collection":[{"href":"http:\/\/www.oagvm.sk\/wphirfolyam\/index.php?rest_route=\/wp\/v2\/posts"}],"about":[{"href":"http:\/\/www.oagvm.sk\/wphirfolyam\/index.php?rest_route=\/wp\/v2\/types\/post"}],"author":[{"embeddable":true,"href":"http:\/\/www.oagvm.sk\/wphirfolyam\/index.php?rest_route=\/wp\/v2\/users\/2"}],"replies":[{"embeddable":true,"href":"http:\/\/www.oagvm.sk\/wphirfolyam\/index.php?rest_route=%2Fwp%2Fv2%2Fcomments&post=12029"}],"version-history":[{"count":2,"href":"http:\/\/www.oagvm.sk\/wphirfolyam\/index.php?rest_route=\/wp\/v2\/posts\/12029\/revisions"}],"predecessor-version":[{"id":12031,"href":"http:\/\/www.oagvm.sk\/wphirfolyam\/index.php?rest_route=\/wp\/v2\/posts\/12029\/revisions\/12031"}],"wp:attachment":[{"href":"http:\/\/www.oagvm.sk\/wphirfolyam\/index.php?rest_route=%2Fwp%2Fv2%2Fmedia&parent=12029"}],"wp:term":[{"taxonomy":"category","embeddable":true,"href":"http:\/\/www.oagvm.sk\/wphirfolyam\/index.php?rest_route=%2Fwp%2Fv2%2Fcategories&post=12029"},{"taxonomy":"post_tag","embeddable":true,"href":"http:\/\/www.oagvm.sk\/wphirfolyam\/index.php?rest_route=%2Fwp%2Fv2%2Ftags&post=12029"}],"curies":[{"name":"wp","href":"https:\/\/api.w.org\/{rel}","templated":true}]}}