{"id":1284,"date":"2019-12-06T09:35:47","date_gmt":"2019-12-06T08:35:47","guid":{"rendered":"http:\/\/87.197.53.202\/wphirfolyam\/?p=1284"},"modified":"2019-12-09T09:09:24","modified_gmt":"2019-12-09T08:09:24","slug":"%ef%bb%bfmezeskalacs-keszites-a-kollegiumban-pecenie-pernikov-na-skolskom-internate","status":"publish","type":"post","link":"http:\/\/www.oagvm.sk\/wphirfolyam\/?p=1284","title":{"rendered":"\ufeffM\u00e9zeskal\u00e1cs-k\u00e9sz\u00edt\u00e9s a koll\u00e9giumban &#8211; Pe\u010denie pern\u00edkov na \u0161kolskom intern\u00e1te"},"content":{"rendered":"<div style=\"text-align: justify;\"><span style=\"font-size: large; color: #ff6600;\"><strong>M\u00e9zeskal\u00e1cs-k\u00e9sz\u00edt\u00e9s a koll\u00e9giumban<\/strong>\u00a0<\/span><\/div>\n<div style=\"text-align: justify;\"><span style=\"font-size: medium;\">\u00a0<\/span><\/div>\n<div style=\"text-align: justify;\"><span style=\"font-size: medium;\">A koll\u00e9gium di\u00e1kjaik\u00e9nt az elm\u00falt hetekben megismerkedhett\u00fcnk az agyagoz\u00e1s \u00e9s a pap\u00edrfon\u00e1s technik\u00e1j\u00e1val. Az adventre val\u00f3 r\u00e1hangol\u00f3d\u00e1s id\u0151szak\u00e1ban egy tov\u00e1bbi k\u00e9zm\u0171ves mesters\u00e9g, a m\u00e9zeskal\u00e1cs-k\u00e9sz\u00edt\u00e9s fort\u00e9lyait saj\u00e1t\u00edthattuk el. Az \u00f6tletet a nevel\u0151n\u0151 adta, mi pedig \u00f6r\u00f6mmel mondtunk igent. A t\u00e9sztak\u00e9sz\u00edt\u00e9s \u201enagy m\u0171velet\u00e9re\u201d az iskola konyh\u00e1j\u00e1ban, a nevel\u0151n\u0151 fel\u00fcgyelete mellett ker\u00fclt sor, aki t\u00fczetesen elmagyar\u00e1zott mindent. A\u00a0 legnagyobb kih\u00edv\u00e1st a t\u00e9szta ny\u00fajt\u00e1sa jelentette, mik\u00f6zben j\u00f3kat nevett\u00fcnk \u00fcgyetlenked\u00e9s\u00fcnk\u00f6n, de v\u00e9g\u00fcl sikerrel j\u00e1rtunk. Ezt k\u00f6vet\u0151en a t\u00e9szt\u00e1b\u00f3l k\u00fcl\u00f6nb\u00f6z\u0151 kar\u00e1csonyi form\u00e1kat szaggattunk \u00e9s megs\u00fct\u00f6tt\u00fck.\u00a0 A d\u00e9lut\u00e1n vid\u00e1m hangulatban telt el, \u00e9s kisv\u00e1rtatva csod\u00e1s illat \u00e1rasztotta el az eg\u00e9sz konyh\u00e1t. Az utols\u00f3 m\u0171veletre advent els\u0151 het\u00e9ben ker\u00fclt sor: a m\u00e9zeskal\u00e1cs-figur\u00e1kat h\u00f3feh\u00e9r cukorm\u00e1zzal d\u00edsz\u00edtett\u00fck. S hogy ne csak magunknak szerezz\u00fcnk \u00f6r\u00f6met, saj\u00e1t k\u00e9sz\u00edt\u00e9s\u0171 m\u00e9zeskal\u00e1csaink egy r\u00e9sz\u00e9vel meglept\u00fck a helyi nyugd\u00edjas otthon lak\u00f3it. Mert az advent err\u0151l is sz\u00f3l!\u00a0<\/span><\/div>\n<div style=\"text-align: justify;\"><span style=\"font-size: medium;\">\u00a0<\/span><\/div>\n<div style=\"text-align: right;\"><span style=\"font-size: medium;\"><em>Anda Vikt\u00f3ria<\/em> a <em>S\u00e1rm\u00e1ny T\u00fcnde<\/em>, a Di\u00e1ktan\u00e1cs tagjai<\/span><\/div>\n<div style=\"text-align: justify;\"><span style=\"font-size: medium;\">\u00a0<\/span><\/div>\n<div style=\"text-align: justify;\"><span style=\"font-size: medium;\"><span style=\"font-size: large; color: #ff6600;\"><strong>Pe\u010denie pern\u00edkov na \u0161kolskom intern\u00e1te<\/strong><\/span>\u00a0<\/span><\/div>\n<div style=\"text-align: justify;\"><span style=\"font-size: medium;\">\u00a0<\/span><\/div>\n<div style=\"text-align: justify;\"><span style=\"font-size: medium;\">V znamen\u00ed adventnej atmosf\u00e9ry aj posledn\u00fd novembrov\u00fd t\u00fd\u017ede\u0148 bol pln\u00fd z\u00e1\u017eitkov na \u0161kolskom intern\u00e1te. Spomedzi kreat\u00edvnych tvorieb v minul\u00fdch t\u00fd\u017ed\u0148och sme sa zozn\u00e1mili s tajomstvami hrn\u010diarstva a spriadan\u00edm papiera. Teraz sme si vymysleli, \u017ee sa nau\u010d\u00edme piec\u0165 pern\u00edk v kuchyni \u0161kolskej jed\u00e1lne. N\u00e1pad pri\u0161iel od vychov\u00e1vate\u013eky a my sme s nad\u0161en\u00edm s\u00fahlasili. Podrobne a trpezlivo n\u00e1m vysvetlila cel\u00fd postup a tak sme za\u010dali pr\u00e1cu. Ve\u013ekou v\u00fdzvou bolo vyvalcovanie cesta, nasmiali sme sa nad na\u0161ou nemo\u017enos\u0165ou, ale nakoniec sa n\u00e1m to \u00faspe\u0161ne podarilo. Vysekali sme r\u00f4zne viano\u010dn\u00e9 fig\u00farky a upiekli sme ich. Popoludnie sa nieslo v dobrej n\u00e1lade a \u010do je hlavn\u00e9, v\u0161ade sa niesla pr\u00edjemn\u00e1 v\u00f4\u0148a pern\u00edkov. V prv\u00fd adventn\u00fd t\u00fd\u017ede\u0148 sme ich vyzdobili bielou polevou a rozhodli sme sa, \u017ee o na\u0161u rados\u0165 sa podel\u00edme aj s miestnym domovom d\u00f4chodcov, a to tak, \u017ee darujeme z na\u0161ich z\u00e1kuskov. Ve\u010f aj o tom je Advent.\u00a0 \u00a0<\/span><\/div>\n<div style=\"text-align: justify;\"><span style=\"font-size: medium;\">\u00a0<\/span><\/div>\n<div style=\"text-align: right;\"><span style=\"font-size: medium;\"><em>Vikt\u00f3ria Anda<\/em> a <em>T\u00fcnde S\u00e1rm\u00e1ny<\/em>, \u010dlenovia \u017diackej rady \u00a0<\/span><\/div>\n<div id=\"metaslider-id-1272\" style=\"max-width: 600px; margin: 0 auto;\" class=\"ml-slider-3-23-0 metaslider metaslider-flex metaslider-1272 ml-slider nav-hidden\">\n    <div id=\"metaslider_container_1272\">\n        <div id=\"metaslider_1272\">\n            <ul aria-live=\"polite\" class=\"slides\">\n                <li style=\"display: block; width: 100%;\" class=\"slide-1277 ms-image\"><img width=\"450\" height=\"600\" src=\"http:\/\/www.oagvm.sk\/wphirfolyam\/wp-content\/uploads\/2019\/12\/mezeskalacs01.jpg\" class=\"slider-1272 slide-1277\" alt=\"\" loading=\"lazy\" rel=\"\" title=\"mezeskalacs01\" srcset=\"http:\/\/www.oagvm.sk\/wphirfolyam\/wp-content\/uploads\/2019\/12\/mezeskalacs01.jpg 450w, http:\/\/www.oagvm.sk\/wphirfolyam\/wp-content\/uploads\/2019\/12\/mezeskalacs01-225x300.jpg 225w\" sizes=\"(max-width: 450px) 100vw, 450px\" \/><\/li>\n                <li style=\"display: none; width: 100%;\" class=\"slide-1278 ms-image\"><img width=\"450\" height=\"600\" src=\"http:\/\/www.oagvm.sk\/wphirfolyam\/wp-content\/uploads\/2019\/12\/mezeskalacs02.jpg\" class=\"slider-1272 slide-1278\" alt=\"\" loading=\"lazy\" rel=\"\" title=\"mezeskalacs02\" srcset=\"http:\/\/www.oagvm.sk\/wphirfolyam\/wp-content\/uploads\/2019\/12\/mezeskalacs02.jpg 450w, http:\/\/www.oagvm.sk\/wphirfolyam\/wp-content\/uploads\/2019\/12\/mezeskalacs02-225x300.jpg 225w\" sizes=\"(max-width: 450px) 100vw, 450px\" \/><\/li>\n                <li style=\"display: none; width: 100%;\" class=\"slide-1279 ms-image\"><img width=\"450\" height=\"600\" src=\"http:\/\/www.oagvm.sk\/wphirfolyam\/wp-content\/uploads\/2019\/12\/mezeskalacs03.jpg\" class=\"slider-1272 slide-1279\" alt=\"\" loading=\"lazy\" rel=\"\" title=\"mezeskalacs03\" srcset=\"http:\/\/www.oagvm.sk\/wphirfolyam\/wp-content\/uploads\/2019\/12\/mezeskalacs03.jpg 450w, http:\/\/www.oagvm.sk\/wphirfolyam\/wp-content\/uploads\/2019\/12\/mezeskalacs03-225x300.jpg 225w\" sizes=\"(max-width: 450px) 100vw, 450px\" \/><\/li>\n                <li style=\"display: none; width: 100%;\" class=\"slide-1280 ms-image\"><img width=\"600\" height=\"450\" src=\"http:\/\/www.oagvm.sk\/wphirfolyam\/wp-content\/uploads\/2019\/12\/mezeskalacs04.jpg\" class=\"slider-1272 slide-1280\" alt=\"\" loading=\"lazy\" rel=\"\" title=\"mezeskalacs04\" srcset=\"http:\/\/www.oagvm.sk\/wphirfolyam\/wp-content\/uploads\/2019\/12\/mezeskalacs04.jpg 600w, http:\/\/www.oagvm.sk\/wphirfolyam\/wp-content\/uploads\/2019\/12\/mezeskalacs04-300x225.jpg 300w\" sizes=\"(max-width: 600px) 100vw, 600px\" \/><\/li>\n            <\/ul>\n        <\/div>\n        \n    <\/div>\n<\/div>\n","protected":false},"excerpt":{"rendered":"<p>M\u00e9zeskal\u00e1cs-k\u00e9sz\u00edt\u00e9s a koll\u00e9giumban\u00a0 \u00a0 A koll\u00e9gium di\u00e1kjaik\u00e9nt az elm\u00falt hetekben megismerkedhett\u00fcnk az agyagoz\u00e1s \u00e9s a pap\u00edrfon\u00e1s technik\u00e1j\u00e1val. Az adventre val\u00f3 r\u00e1hangol\u00f3d\u00e1s id\u0151szak\u00e1ban egy tov\u00e1bbi k\u00e9zm\u0171ves mesters\u00e9g, a m\u00e9zeskal\u00e1cs-k\u00e9sz\u00edt\u00e9s fort\u00e9lyait saj\u00e1t\u00edthattuk el. Az \u00f6tletet a nevel\u0151n\u0151 adta, mi pedig \u00f6r\u00f6mmel mondtunk igent. A t\u00e9sztak\u00e9sz\u00edt\u00e9s \u201enagy m\u0171velet\u00e9re\u201d az iskola konyh\u00e1j\u00e1ban, a nevel\u0151n\u0151 fel\u00fcgyelete mellett ker\u00fclt sor, aki &#8230; <a title=\"\ufeffM\u00e9zeskal\u00e1cs-k\u00e9sz\u00edt\u00e9s a koll\u00e9giumban &#8211; Pe\u010denie pern\u00edkov na \u0161kolskom intern\u00e1te\" class=\"read-more\" href=\"http:\/\/www.oagvm.sk\/wphirfolyam\/?p=1284\">Olvass tov\u00e1bb<span class=\"screen-reader-text\">\ufeffM\u00e9zeskal\u00e1cs-k\u00e9sz\u00edt\u00e9s a koll\u00e9giumban &#8211; Pe\u010denie pern\u00edkov na \u0161kolskom intern\u00e1te<\/span><\/a><\/p>\n","protected":false},"author":1,"featured_media":0,"comment_status":"open","ping_status":"open","sticky":false,"template":"","format":"standard","meta":[],"categories":[50],"tags":[],"_links":{"self":[{"href":"http:\/\/www.oagvm.sk\/wphirfolyam\/index.php?rest_route=\/wp\/v2\/posts\/1284"}],"collection":[{"href":"http:\/\/www.oagvm.sk\/wphirfolyam\/index.php?rest_route=\/wp\/v2\/posts"}],"about":[{"href":"http:\/\/www.oagvm.sk\/wphirfolyam\/index.php?rest_route=\/wp\/v2\/types\/post"}],"author":[{"embeddable":true,"href":"http:\/\/www.oagvm.sk\/wphirfolyam\/index.php?rest_route=\/wp\/v2\/users\/1"}],"replies":[{"embeddable":true,"href":"http:\/\/www.oagvm.sk\/wphirfolyam\/index.php?rest_route=%2Fwp%2Fv2%2Fcomments&post=1284"}],"version-history":[{"count":2,"href":"http:\/\/www.oagvm.sk\/wphirfolyam\/index.php?rest_route=\/wp\/v2\/posts\/1284\/revisions"}],"predecessor-version":[{"id":1333,"href":"http:\/\/www.oagvm.sk\/wphirfolyam\/index.php?rest_route=\/wp\/v2\/posts\/1284\/revisions\/1333"}],"wp:attachment":[{"href":"http:\/\/www.oagvm.sk\/wphirfolyam\/index.php?rest_route=%2Fwp%2Fv2%2Fmedia&parent=1284"}],"wp:term":[{"taxonomy":"category","embeddable":true,"href":"http:\/\/www.oagvm.sk\/wphirfolyam\/index.php?rest_route=%2Fwp%2Fv2%2Fcategories&post=1284"},{"taxonomy":"post_tag","embeddable":true,"href":"http:\/\/www.oagvm.sk\/wphirfolyam\/index.php?rest_route=%2Fwp%2Fv2%2Ftags&post=1284"}],"curies":[{"name":"wp","href":"https:\/\/api.w.org\/{rel}","templated":true}]}}