{"id":1345,"date":"2019-12-09T11:38:00","date_gmt":"2019-12-09T10:38:00","guid":{"rendered":"http:\/\/87.197.53.202\/wphirfolyam\/?p=1345"},"modified":"2019-12-09T11:43:26","modified_gmt":"2019-12-09T10:43:26","slug":"%ef%bb%bfa-szalagavatok-fenyeben-vo-svetle-stuzkovej","status":"publish","type":"post","link":"http:\/\/www.oagvm.sk\/wphirfolyam\/?p=1345","title":{"rendered":"\ufeffA szalagavat\u00f3k f\u00e9ny\u00e9ben &#8211; Vo svetle stu\u017ekovej"},"content":{"rendered":"<div style=\"text-align: justify;\"><span style=\"font-size: medium;\"><span style=\"font-size: large; color: #008000;\"><strong>A\u00a0szalagavat\u00f3k f\u00e9ny\u00e9ben<\/strong><\/span>\u00a0\u00a0 \u00a0\u00a0<\/span><\/div>\n<div style=\"text-align: justify;\"><span style=\"font-size: medium;\"><strong><br \/><\/strong><\/span><\/div>\n<div style=\"text-align: justify;\"><span style=\"font-size: medium;\"><strong>Kedves maturandusok!<\/strong><strong>\u00a0<\/strong><\/span><\/div>\n<div style=\"text-align: justify;\"><span style=\"font-size: medium;\"> K\u00edv\u00e1nom nektek, \u00e9s egy\u00fattal elv\u00e1rom t\u0151letek, hogy \u00e9rezz\u00e9tek magatokat akkor is megjel\u00f6lve, amikor a szalag m\u00e1r nem lesz a hajt\u00f3k\u00e1tokon. \u00c9rezz\u00e9tek magatokat megjel\u00f6lve arra, hogy tov\u00e1bbvigy\u00e9tek az iskola szellemis\u00e9g\u00e9t, valamint \u00e9rezz\u00e9tek magatokat k\u00e9pesnek \u00e9s elhivatottnak arra, hogy az \u00e9letetekkel v\u00e9grehajts\u00e1tok a nektek kijel\u00f6lt nagy tettet!\u00a0<\/span><\/div>\n<div style=\"text-align: justify;\"><span style=\"font-size: medium;\"><strong>Mint sz\u00e9pre \u00e9s j\u00f3ra hivatott ifj\u00fas\u00e1gnak<\/strong> a szalag mell\u00e9 engedj\u00e9tek meg, hogy felt\u0171zzem\u00a0Aranyosi Ervin gondolatait:\u00a0\u00a0<\/span><\/div>\n<div style=\"text-align: justify;\"><span style=\"font-size: medium;\">\u201eMerre megy az utam?\u00a0<br \/> \u00a0V\u00e1lasz\u00fathoz \u00e9rtem.\u00a0<br \/> Lerogytam a f\u00f6ldre, Teremt\u0151met k\u00e9rtem:\u00a0<br \/> Seg\u00edtsen d\u00f6nteni, melyiket v\u00e1lasszam?\u00a0<br \/> Rosszat elker\u00fclve, csak a sz\u00e9pet kapjam.\u00a0<br \/> S sz\u00f3lott az \u00daR hozz\u00e1m: &#8211; Nincsen rossz d\u00f6nt\u00e9sed,\u00a0<br \/> csak ha teend\u0151id, b\u00fcntet\u00e9snek \u00e9rzed.\u00a0<br \/> Minden \u00fat feladat, amit el kell v\u00e9gezz!\u00a0<br \/> Rajtad \u00e1ll, hogyan jutsz el a v\u00e9g\u00e9hez.\u201c<\/span><\/div>\n<div style=\"text-align: justify;\"><span style=\"font-size: medium;\"><em><br \/><\/em><\/span><\/div>\n<div style=\"text-align: right;\"><span style=\"font-size: medium;\"><em>Mgr. Horv\u00e1th Erzs\u00e9bet<\/em>\u00a0\u2013 iskolaigazgat\u00f3\u00a0 \u00a0\u00a0<\/span><\/div>\n<div style=\"text-align: justify;\"><span style=\"font-size: medium;\"><br \/><\/span><\/div>\n<div style=\"text-align: justify;\"><span style=\"font-size: medium;\">2019. december 6-\u00e1n int\u00e9zm\u00e9ny\u00fcnk h\u00e1rom oszt\u00e1lya \u00e1llt b\u00fcszk\u00e9n a\u00a0helyi m\u0171vel\u0151d\u00e9si k\u00f6zpont sz\u00ednpad\u00e1n \u00e9s v\u00e1rta a k\u00f6z\u00e9piskol\u00e1s \u00e9vek v\u00e9g\u00e9t jelz\u0151 szalag felt\u0171z\u00e9s\u00e9t:<strong>\u00a0<\/strong>\u00a0<\/span><\/div>\n<div style=\"text-align: justify;\"><span style=\"font-size: medium;\"><strong>a IV.A oszt\u00e1ly &#8211; oszt\u00e1lyf\u0151n\u00f6ke Mgr. Monika Vargov\u00e1, Mgr Cs\u00e9mi Zolt\u00e1n, a IV.B oszt\u00e1ly &#8211; oszt\u00e1lyf\u0151n\u00f6ke\u00a0Mgr. V\u00e9gh Vince, a\u00a0IV.CM oszt\u00e1ly &#8211; oszt\u00e1lyf\u0151n\u00f6ke Ing. Baranyai Ang\u00e9la.<\/strong> <strong>\u00a0<\/strong>\u00a0<\/span><\/div>\n<div style=\"text-align: justify;\"><span style=\"font-size: medium;\"><strong><br \/><\/strong><\/span><\/div>\n<div style=\"text-align: justify;\"><span style=\"font-size: medium;\"><span style=\"font-size: large; color: #008000;\"><strong>Vo svetle stu\u017ekovej<\/strong><\/span>\u00a0 \u00a0\u00a0\u00a0<\/span><\/div>\n<div style=\"text-align: justify;\"><span style=\"font-size: medium;\"><br \/><\/span><\/div>\n<div style=\"text-align: justify;\"><span style=\"font-size: medium;\">\u201ePostoj chv\u00ed\u013ea, si kr\u00e1sna&#8230;Vo vzduchu c\u00edti\u0165 chvenie, nap\u00e4tie, po\u010du\u0165 tich\u00fa vravu. V\u0161etko nasved\u010duje tomu, \u017ee na n\u00e1s v\u0161etk\u00fdch \u010dak\u00e1 neopakovate\u013en\u00e1, sl\u00e1vnostn\u00e1 chv\u00ed\u013ea, ktor\u00e1 zostane nav\u017edy zakorenen\u00e1 hlboko v na\u0161ich a ver\u00edm, \u017ee aj vo va\u0161ich spomienkach. \u00c1no, mil\u00ed \u0161tudenti, drah\u00ed rodi\u010dia, mil\u00fd u\u010dite\u013esk\u00fd zbor, v\u00e1\u017een\u00ed hostia, zi\u0161li sme sa tu v duchu d\u00e1vnej trad\u00edcie stu\u017ekovej sl\u00e1vnosti. V\u00a0dne\u0161n\u00fd ve\u010der sa na\u0161i \u0161tvrt\u00e1ci stan\u00fa \u010dakate\u013emi na maturitu. Od ostatn\u00fdch \u0161tudentov ich bude odli\u0161ova\u0165 zelen\u00e1 stu\u017eka. \u00a0\u00a0<\/span><\/div>\n<div style=\"text-align: justify;\"><span style=\"font-size: medium;\"><strong><br \/><\/strong><\/span><\/div>\n<div style=\"text-align: justify;\"><span style=\"font-size: medium;\"><strong>Mil\u00ed \u0161tvrt\u00e1ci!\u00a0<\/strong>\u00a0<\/span><\/div>\n<div style=\"text-align: justify;\"><span style=\"font-size: medium;\">Roky pre\u017eit\u00e9 na strednej \u0161kole s\u00fa tie najkraj\u0161ie v \u017eivote \u010dloveka. S\u00fa kr\u00e1sne, romantick\u00e9 a bl\u00e1zniv\u00e9. Kamar\u00e1tstva, priate\u013estv\u00e1 a l\u00e1sky z tohto obdobia pretrvaj\u00fa dlh\u00e9 roky, ba niekedy i cel\u00fd \u017eivot.\u00a0<\/span><\/div>\n<div style=\"text-align: justify;\"><span style=\"font-size: medium;\">Z\u00a0mozaiky stredo\u0161kolsk\u00fdch rokov v\u00e1m ch\u00fdba len p\u00e1r posledn\u00fdch k\u00faskov. A\u00a0potom u\u017e len smelo do fini\u0161u, posledn\u00e9 k\u00fasky zapadn\u00fa na svoje miesto a\u00a0mozaika stredo\u0161kolsk\u00fdch liet je zlo\u017een\u00e1.\u00a0<\/span><\/div>\n<div style=\"text-align: justify;\"><span style=\"font-size: medium;\">Na ceste, ktor\u00e1 je pred Vami, bu\u010fte vern\u00ed sami sebe, svojim snom a\u00a0ide\u00e1lom.\u201c<\/span><\/div>\n<div style=\"text-align: justify;\"><span style=\"font-size: medium;\"><em><br \/><\/em><\/span><\/div>\n<div style=\"text-align: right;\"><span style=\"font-size: medium;\"><em>Mgr. Al\u017ebeta Horv\u00e1thov\u00e1<\/em>\u00a0\u2013 riadite\u013eka \u0161koly\u00a0<strong>\u00a0<\/strong>\u00a0 \u00a0\u00a0<\/span><\/div>\n<div style=\"text-align: justify;\"><span style=\"font-size: medium;\"><br \/><\/span><\/div>\n<div style=\"text-align: justify;\"><span style=\"font-size: medium;\">6. decembra 2019 sa hrdo postavili na p\u00f3dium miestneho kult\u00farneho strediska tri triedy na\u0161ej in\u0161tit\u00facie a \u010dakali na pripnutie zelenej stu\u017eky:\u00a0<\/span><\/div>\n<div style=\"text-align: justify;\"><span style=\"font-size: medium;\"><strong>IV.A &#8211; triedna u\u010dite\u013eka: Mgr. Monika Vargov\u00e1, triedny u\u010dite\u013e: Mgr. Zolt\u00e1n Cs\u00e9mi, \u00a0IV.B &#8211; triedny u\u010dite\u013e: Mgr. Vince V\u00e9gh, IV.CM &#8211; triedna u\u010dite\u013eka: Ing. Angela Baranyai.<\/strong> \u00a0<\/span><\/div>\n<p><BR><br \/>\n<div id=\"metaslider-id-1347\" style=\"max-width: 600px; margin: 0 auto;\" class=\"ml-slider-3-23-0 metaslider metaslider-flex metaslider-1347 ml-slider\">\n    <div id=\"metaslider_container_1347\">\n        <div id=\"metaslider_1347\">\n            <ul aria-live=\"polite\" class=\"slides\">\n                <li style=\"display: block; width: 100%;\" class=\"slide-1368 ms-image\"><img width=\"600\" height=\"450\" src=\"http:\/\/www.oagvm.sk\/wphirfolyam\/wp-content\/uploads\/2019\/12\/szalagavato-01.jpg\" class=\"slider-1347 slide-1368\" alt=\"\" loading=\"lazy\" rel=\"\" title=\"szalagavato-01\" srcset=\"http:\/\/www.oagvm.sk\/wphirfolyam\/wp-content\/uploads\/2019\/12\/szalagavato-01.jpg 600w, http:\/\/www.oagvm.sk\/wphirfolyam\/wp-content\/uploads\/2019\/12\/szalagavato-01-300x225.jpg 300w\" sizes=\"(max-width: 600px) 100vw, 600px\" \/><\/li>\n                <li style=\"display: none; width: 100%;\" class=\"slide-1369 ms-image\"><img width=\"600\" height=\"450\" src=\"http:\/\/www.oagvm.sk\/wphirfolyam\/wp-content\/uploads\/2019\/12\/szalagavato-02.jpg\" class=\"slider-1347 slide-1369\" alt=\"\" loading=\"lazy\" rel=\"\" title=\"szalagavato-02\" srcset=\"http:\/\/www.oagvm.sk\/wphirfolyam\/wp-content\/uploads\/2019\/12\/szalagavato-02.jpg 600w, http:\/\/www.oagvm.sk\/wphirfolyam\/wp-content\/uploads\/2019\/12\/szalagavato-02-300x225.jpg 300w\" sizes=\"(max-width: 600px) 100vw, 600px\" \/><\/li>\n                <li style=\"display: none; width: 100%;\" class=\"slide-1370 ms-image\"><img width=\"600\" height=\"450\" src=\"http:\/\/www.oagvm.sk\/wphirfolyam\/wp-content\/uploads\/2019\/12\/szalagavato-03.jpg\" class=\"slider-1347 slide-1370\" alt=\"\" loading=\"lazy\" rel=\"\" title=\"szalagavato-03\" srcset=\"http:\/\/www.oagvm.sk\/wphirfolyam\/wp-content\/uploads\/2019\/12\/szalagavato-03.jpg 600w, http:\/\/www.oagvm.sk\/wphirfolyam\/wp-content\/uploads\/2019\/12\/szalagavato-03-300x225.jpg 300w\" sizes=\"(max-width: 600px) 100vw, 600px\" \/><\/li>\n                <li style=\"display: none; width: 100%;\" class=\"slide-1371 ms-image\"><img width=\"600\" height=\"450\" src=\"http:\/\/www.oagvm.sk\/wphirfolyam\/wp-content\/uploads\/2019\/12\/szalagavato-04.jpg\" class=\"slider-1347 slide-1371\" alt=\"\" loading=\"lazy\" rel=\"\" title=\"szalagavato-04\" srcset=\"http:\/\/www.oagvm.sk\/wphirfolyam\/wp-content\/uploads\/2019\/12\/szalagavato-04.jpg 600w, http:\/\/www.oagvm.sk\/wphirfolyam\/wp-content\/uploads\/2019\/12\/szalagavato-04-300x225.jpg 300w\" sizes=\"(max-width: 600px) 100vw, 600px\" \/><\/li>\n                <li style=\"display: none; width: 100%;\" class=\"slide-1372 ms-image\"><img width=\"600\" height=\"578\" src=\"http:\/\/www.oagvm.sk\/wphirfolyam\/wp-content\/uploads\/2019\/12\/szalagavato-05.jpg\" class=\"slider-1347 slide-1372\" alt=\"\" loading=\"lazy\" rel=\"\" title=\"szalagavato-05\" srcset=\"http:\/\/www.oagvm.sk\/wphirfolyam\/wp-content\/uploads\/2019\/12\/szalagavato-05.jpg 600w, http:\/\/www.oagvm.sk\/wphirfolyam\/wp-content\/uploads\/2019\/12\/szalagavato-05-300x289.jpg 300w\" sizes=\"(max-width: 600px) 100vw, 600px\" \/><\/li>\n                <li style=\"display: none; width: 100%;\" class=\"slide-1373 ms-image\"><img width=\"600\" height=\"450\" src=\"http:\/\/www.oagvm.sk\/wphirfolyam\/wp-content\/uploads\/2019\/12\/szalagavato-06.jpg\" class=\"slider-1347 slide-1373\" alt=\"\" loading=\"lazy\" rel=\"\" title=\"szalagavato-06\" srcset=\"http:\/\/www.oagvm.sk\/wphirfolyam\/wp-content\/uploads\/2019\/12\/szalagavato-06.jpg 600w, http:\/\/www.oagvm.sk\/wphirfolyam\/wp-content\/uploads\/2019\/12\/szalagavato-06-300x225.jpg 300w\" sizes=\"(max-width: 600px) 100vw, 600px\" \/><\/li>\n                <li style=\"display: none; width: 100%;\" class=\"slide-1374 ms-image\"><img width=\"450\" height=\"600\" src=\"http:\/\/www.oagvm.sk\/wphirfolyam\/wp-content\/uploads\/2019\/12\/szalagavato-07.jpg\" class=\"slider-1347 slide-1374\" alt=\"\" loading=\"lazy\" rel=\"\" title=\"szalagavato-07\" srcset=\"http:\/\/www.oagvm.sk\/wphirfolyam\/wp-content\/uploads\/2019\/12\/szalagavato-07.jpg 450w, http:\/\/www.oagvm.sk\/wphirfolyam\/wp-content\/uploads\/2019\/12\/szalagavato-07-225x300.jpg 225w\" sizes=\"(max-width: 450px) 100vw, 450px\" \/><\/li>\n                <li style=\"display: none; width: 100%;\" class=\"slide-1375 ms-image\"><img width=\"600\" height=\"450\" src=\"http:\/\/www.oagvm.sk\/wphirfolyam\/wp-content\/uploads\/2019\/12\/szalagavato-08.jpg\" class=\"slider-1347 slide-1375\" alt=\"\" loading=\"lazy\" rel=\"\" title=\"szalagavato-08\" srcset=\"http:\/\/www.oagvm.sk\/wphirfolyam\/wp-content\/uploads\/2019\/12\/szalagavato-08.jpg 600w, http:\/\/www.oagvm.sk\/wphirfolyam\/wp-content\/uploads\/2019\/12\/szalagavato-08-300x225.jpg 300w\" sizes=\"(max-width: 600px) 100vw, 600px\" \/><\/li>\n                <li style=\"display: none; width: 100%;\" class=\"slide-1376 ms-image\"><img width=\"600\" height=\"450\" src=\"http:\/\/www.oagvm.sk\/wphirfolyam\/wp-content\/uploads\/2019\/12\/szalagavato-09.jpg\" class=\"slider-1347 slide-1376\" alt=\"\" loading=\"lazy\" rel=\"\" title=\"szalagavato-09\" srcset=\"http:\/\/www.oagvm.sk\/wphirfolyam\/wp-content\/uploads\/2019\/12\/szalagavato-09.jpg 600w, http:\/\/www.oagvm.sk\/wphirfolyam\/wp-content\/uploads\/2019\/12\/szalagavato-09-300x225.jpg 300w\" sizes=\"(max-width: 600px) 100vw, 600px\" \/><\/li>\n                <li style=\"display: none; width: 100%;\" class=\"slide-1377 ms-image\"><img width=\"600\" height=\"450\" src=\"http:\/\/www.oagvm.sk\/wphirfolyam\/wp-content\/uploads\/2019\/12\/szalagavato-10.jpg\" class=\"slider-1347 slide-1377\" alt=\"\" loading=\"lazy\" rel=\"\" title=\"szalagavato-10\" srcset=\"http:\/\/www.oagvm.sk\/wphirfolyam\/wp-content\/uploads\/2019\/12\/szalagavato-10.jpg 600w, http:\/\/www.oagvm.sk\/wphirfolyam\/wp-content\/uploads\/2019\/12\/szalagavato-10-300x225.jpg 300w\" sizes=\"(max-width: 600px) 100vw, 600px\" \/><\/li>\n                <li style=\"display: none; width: 100%;\" class=\"slide-1378 ms-image\"><img width=\"450\" height=\"600\" src=\"http:\/\/www.oagvm.sk\/wphirfolyam\/wp-content\/uploads\/2019\/12\/szalagavato-11.jpg\" class=\"slider-1347 slide-1378\" alt=\"\" loading=\"lazy\" rel=\"\" title=\"szalagavato-11\" srcset=\"http:\/\/www.oagvm.sk\/wphirfolyam\/wp-content\/uploads\/2019\/12\/szalagavato-11.jpg 450w, http:\/\/www.oagvm.sk\/wphirfolyam\/wp-content\/uploads\/2019\/12\/szalagavato-11-225x300.jpg 225w\" sizes=\"(max-width: 450px) 100vw, 450px\" \/><\/li>\n                <li style=\"display: none; width: 100%;\" class=\"slide-1379 ms-image\"><img width=\"600\" height=\"450\" src=\"http:\/\/www.oagvm.sk\/wphirfolyam\/wp-content\/uploads\/2019\/12\/szalagavato-12.jpg\" class=\"slider-1347 slide-1379\" alt=\"\" loading=\"lazy\" rel=\"\" title=\"szalagavato-12\" srcset=\"http:\/\/www.oagvm.sk\/wphirfolyam\/wp-content\/uploads\/2019\/12\/szalagavato-12.jpg 600w, http:\/\/www.oagvm.sk\/wphirfolyam\/wp-content\/uploads\/2019\/12\/szalagavato-12-300x225.jpg 300w\" sizes=\"(max-width: 600px) 100vw, 600px\" \/><\/li>\n                <li style=\"display: none; width: 100%;\" class=\"slide-1380 ms-image\"><img width=\"600\" height=\"450\" src=\"http:\/\/www.oagvm.sk\/wphirfolyam\/wp-content\/uploads\/2019\/12\/szalagavato-13.jpg\" class=\"slider-1347 slide-1380\" alt=\"\" loading=\"lazy\" rel=\"\" title=\"szalagavato-13\" srcset=\"http:\/\/www.oagvm.sk\/wphirfolyam\/wp-content\/uploads\/2019\/12\/szalagavato-13.jpg 600w, http:\/\/www.oagvm.sk\/wphirfolyam\/wp-content\/uploads\/2019\/12\/szalagavato-13-300x225.jpg 300w\" sizes=\"(max-width: 600px) 100vw, 600px\" \/><\/li>\n                <li style=\"display: none; width: 100%;\" class=\"slide-1381 ms-image\"><img width=\"600\" height=\"450\" src=\"http:\/\/www.oagvm.sk\/wphirfolyam\/wp-content\/uploads\/2019\/12\/szalagavato-14.jpg\" class=\"slider-1347 slide-1381\" alt=\"\" loading=\"lazy\" rel=\"\" title=\"szalagavato-14\" srcset=\"http:\/\/www.oagvm.sk\/wphirfolyam\/wp-content\/uploads\/2019\/12\/szalagavato-14.jpg 600w, http:\/\/www.oagvm.sk\/wphirfolyam\/wp-content\/uploads\/2019\/12\/szalagavato-14-300x225.jpg 300w\" sizes=\"(max-width: 600px) 100vw, 600px\" \/><\/li>\n                <li style=\"display: none; width: 100%;\" class=\"slide-1382 ms-image\"><img width=\"600\" height=\"450\" src=\"http:\/\/www.oagvm.sk\/wphirfolyam\/wp-content\/uploads\/2019\/12\/szalagavato-15.jpg\" class=\"slider-1347 slide-1382\" alt=\"\" loading=\"lazy\" rel=\"\" title=\"szalagavato-15\" srcset=\"http:\/\/www.oagvm.sk\/wphirfolyam\/wp-content\/uploads\/2019\/12\/szalagavato-15.jpg 600w, http:\/\/www.oagvm.sk\/wphirfolyam\/wp-content\/uploads\/2019\/12\/szalagavato-15-300x225.jpg 300w\" sizes=\"(max-width: 600px) 100vw, 600px\" \/><\/li>\n                <li style=\"display: none; width: 100%;\" class=\"slide-1383 ms-image\"><img width=\"600\" height=\"450\" src=\"http:\/\/www.oagvm.sk\/wphirfolyam\/wp-content\/uploads\/2019\/12\/szalagavato-16.jpg\" class=\"slider-1347 slide-1383\" alt=\"\" loading=\"lazy\" rel=\"\" title=\"szalagavato-16\" srcset=\"http:\/\/www.oagvm.sk\/wphirfolyam\/wp-content\/uploads\/2019\/12\/szalagavato-16.jpg 600w, http:\/\/www.oagvm.sk\/wphirfolyam\/wp-content\/uploads\/2019\/12\/szalagavato-16-300x225.jpg 300w\" sizes=\"(max-width: 600px) 100vw, 600px\" \/><\/li>\n                <li style=\"display: none; width: 100%;\" class=\"slide-1384 ms-image\"><img width=\"600\" height=\"450\" src=\"http:\/\/www.oagvm.sk\/wphirfolyam\/wp-content\/uploads\/2019\/12\/szalagavato-17.jpg\" class=\"slider-1347 slide-1384\" alt=\"\" loading=\"lazy\" rel=\"\" title=\"szalagavato-17\" srcset=\"http:\/\/www.oagvm.sk\/wphirfolyam\/wp-content\/uploads\/2019\/12\/szalagavato-17.jpg 600w, http:\/\/www.oagvm.sk\/wphirfolyam\/wp-content\/uploads\/2019\/12\/szalagavato-17-300x225.jpg 300w\" sizes=\"(max-width: 600px) 100vw, 600px\" \/><\/li>\n                <li style=\"display: none; width: 100%;\" class=\"slide-1385 ms-image\"><img width=\"600\" height=\"450\" src=\"http:\/\/www.oagvm.sk\/wphirfolyam\/wp-content\/uploads\/2019\/12\/szalagavato-18.jpg\" class=\"slider-1347 slide-1385\" alt=\"\" loading=\"lazy\" rel=\"\" title=\"szalagavato-18\" srcset=\"http:\/\/www.oagvm.sk\/wphirfolyam\/wp-content\/uploads\/2019\/12\/szalagavato-18.jpg 600w, http:\/\/www.oagvm.sk\/wphirfolyam\/wp-content\/uploads\/2019\/12\/szalagavato-18-300x225.jpg 300w\" sizes=\"(max-width: 600px) 100vw, 600px\" \/><\/li>\n                <li style=\"display: none; width: 100%;\" class=\"slide-1389 ms-image\"><img width=\"600\" height=\"291\" src=\"http:\/\/www.oagvm.sk\/wphirfolyam\/wp-content\/uploads\/2019\/12\/szalagavato-19-1.jpg\" class=\"slider-1347 slide-1389\" alt=\"\" loading=\"lazy\" rel=\"\" title=\"szalagavato-19\" srcset=\"http:\/\/www.oagvm.sk\/wphirfolyam\/wp-content\/uploads\/2019\/12\/szalagavato-19-1.jpg 600w, http:\/\/www.oagvm.sk\/wphirfolyam\/wp-content\/uploads\/2019\/12\/szalagavato-19-1-300x146.jpg 300w\" sizes=\"(max-width: 600px) 100vw, 600px\" \/><\/li>\n            <\/ul>\n        <\/div>\n        \n    <\/div>\n<\/div><\/p>\n","protected":false},"excerpt":{"rendered":"<p>A\u00a0szalagavat\u00f3k f\u00e9ny\u00e9ben\u00a0\u00a0 \u00a0\u00a0 Kedves maturandusok!\u00a0 K\u00edv\u00e1nom nektek, \u00e9s egy\u00fattal elv\u00e1rom t\u0151letek, hogy \u00e9rezz\u00e9tek magatokat akkor is megjel\u00f6lve, amikor a szalag m\u00e1r nem lesz a hajt\u00f3k\u00e1tokon. \u00c9rezz\u00e9tek magatokat megjel\u00f6lve arra, hogy tov\u00e1bbvigy\u00e9tek az iskola szellemis\u00e9g\u00e9t, valamint \u00e9rezz\u00e9tek magatokat k\u00e9pesnek \u00e9s elhivatottnak arra, hogy az \u00e9letetekkel v\u00e9grehajts\u00e1tok a nektek kijel\u00f6lt nagy tettet!\u00a0 Mint sz\u00e9pre \u00e9s j\u00f3ra hivatott &#8230; <a title=\"\ufeffA szalagavat\u00f3k f\u00e9ny\u00e9ben &#8211; Vo svetle stu\u017ekovej\" class=\"read-more\" href=\"http:\/\/www.oagvm.sk\/wphirfolyam\/?p=1345\">Olvass tov\u00e1bb<span class=\"screen-reader-text\">\ufeffA szalagavat\u00f3k f\u00e9ny\u00e9ben &#8211; Vo svetle stu\u017ekovej<\/span><\/a><\/p>\n","protected":false},"author":1,"featured_media":0,"comment_status":"open","ping_status":"open","sticky":false,"template":"","format":"standard","meta":[],"categories":[50],"tags":[],"_links":{"self":[{"href":"http:\/\/www.oagvm.sk\/wphirfolyam\/index.php?rest_route=\/wp\/v2\/posts\/1345"}],"collection":[{"href":"http:\/\/www.oagvm.sk\/wphirfolyam\/index.php?rest_route=\/wp\/v2\/posts"}],"about":[{"href":"http:\/\/www.oagvm.sk\/wphirfolyam\/index.php?rest_route=\/wp\/v2\/types\/post"}],"author":[{"embeddable":true,"href":"http:\/\/www.oagvm.sk\/wphirfolyam\/index.php?rest_route=\/wp\/v2\/users\/1"}],"replies":[{"embeddable":true,"href":"http:\/\/www.oagvm.sk\/wphirfolyam\/index.php?rest_route=%2Fwp%2Fv2%2Fcomments&post=1345"}],"version-history":[{"count":2,"href":"http:\/\/www.oagvm.sk\/wphirfolyam\/index.php?rest_route=\/wp\/v2\/posts\/1345\/revisions"}],"predecessor-version":[{"id":1387,"href":"http:\/\/www.oagvm.sk\/wphirfolyam\/index.php?rest_route=\/wp\/v2\/posts\/1345\/revisions\/1387"}],"wp:attachment":[{"href":"http:\/\/www.oagvm.sk\/wphirfolyam\/index.php?rest_route=%2Fwp%2Fv2%2Fmedia&parent=1345"}],"wp:term":[{"taxonomy":"category","embeddable":true,"href":"http:\/\/www.oagvm.sk\/wphirfolyam\/index.php?rest_route=%2Fwp%2Fv2%2Fcategories&post=1345"},{"taxonomy":"post_tag","embeddable":true,"href":"http:\/\/www.oagvm.sk\/wphirfolyam\/index.php?rest_route=%2Fwp%2Fv2%2Ftags&post=1345"}],"curies":[{"name":"wp","href":"https:\/\/api.w.org\/{rel}","templated":true}]}}