{"id":1411,"date":"2019-12-12T14:29:24","date_gmt":"2019-12-12T13:29:24","guid":{"rendered":"http:\/\/87.197.53.202\/wphirfolyam\/?p=1411"},"modified":"2019-12-12T14:35:22","modified_gmt":"2019-12-12T13:35:22","slug":"labdarugo-tornak-dunaszerdahelyen-futbalove-turnaje-v-dunajskej-strede","status":"publish","type":"post","link":"http:\/\/www.oagvm.sk\/wphirfolyam\/?p=1411","title":{"rendered":"Labdar\u00fag\u00f3 torn\u00e1k Dunaszerdahelyen- Futbalov\u00e9 turnaje v Dunajskej Strede"},"content":{"rendered":"<div style=\"text-align: justify;\"><span style=\"font-size: medium;\"><span style=\"font-size: large; color: #ff6600;\"><strong>Labdar\u00fag\u00f3 torn\u00e1k Dunaszerdahelyen<\/strong><\/span><\/span><\/div>\n<div style=\"text-align: justify;\"><span style=\"font-size: medium;\"><br \/><\/span><\/div>\n<div style=\"text-align: justify;\"><span style=\"font-size: medium;\">2019. november 28-\u00e1n nemzetk\u00f6zi labdar\u00fag\u00f3 torn\u00e1t rendezett a\u00a0dunaszerdahelyi K\u00f6z\u00e9pfok\u00fa Sportiskola. Az er\u0151s, \u00a0magyarorsz\u00e1gi csapatokat is felvonultat\u00f3 mez\u0151nyben csapatunk az 5. helyen v\u00e9gzett. G\u00f3lszerz\u0151ink: Vr\u00e1be\u013e 4, Simon 2, Szab\u00f3 1, Szalai 1. Alig k\u00e9t h\u00e9ttel k\u00e9s\u0151bb, 2019. december 10-\u00e9n a j\u00e1r\u00e1si k\u00f6z\u00e9piskolai futsal bajnoks\u00e1g B selejtez\u0151 csoportj\u00e1nak m\u00e9rk\u0151z\u00e9sein l\u00e9pt\u00fcnk p\u00e1ly\u00e1ra a\u00a0dunaszerdahelyi sportcsarnokban, \u00e9s sajnos nem jutottunk tov\u00e1bb a\u00a0j\u00e1r\u00e1si d\u00f6nt\u0151be. G\u00f3lszerz\u0151ink: Tovary\u0161 1, Bazs\u00f3 1, Simon 1. A\u00a0csapat tagjai a\u00a0k\u00f6vetkez\u0151k voltak: Szalay Jozef (IV.A), God\u00e1ny Adri\u00e1n (IV.B), Vr\u00e1be\u013e Franti\u0161ek (III.A), Barczi B\u00e1lint (III.BI), Szab\u00f3 M\u00e1rk (III.BI), Tovary\u0161 Stanislav (III.CM), Telekes \u00c1kos (II.A), Simon Barna L\u00e1szl\u00f3 (II.C), Berecz Roland (II.C), Javor Denis (I.A), Szeghy Andr\u00e1s (I.A), Bazs\u00f3 Attila Bence (I.A), Biegelbauer M\u00e1rk (I.C). \u00a0\u00a0<\/span><\/div>\n<div style=\"text-align: justify;\"><span style=\"font-size: medium;\"><br \/><\/span><\/div>\n<div style=\"text-align: right;\"><span style=\"font-size: medium;\"><em>Papp L\u00e1szl\u00f3<\/em> (testnevel\u0151 tan\u00e1r)<\/span><\/div>\n<div><span style=\"font-size: medium;\"><strong><br \/><\/strong><\/span><\/div>\n<div style=\"text-align: justify;\"><span style=\"font-size: large; color: #ff6600;\"><strong>Futbalov\u00e9 turnaje v Dunajskej Strede<\/strong> \u00a0\u00a0<\/span><\/div>\n<div style=\"text-align: justify;\"><span style=\"font-size: medium;\"><br \/><\/span><\/div>\n<div style=\"text-align: justify;\"><span style=\"font-size: medium;\">D\u0148a 28. novembra 2019 usporiadala Stredn\u00e1 \u0161portov\u00e1 \u0161kola v\u00a0Dunajskej Strede medzin\u00e1rodn\u00fd futbalov\u00fd turnaj. Dru\u017estvo na\u0161ej \u0161koly v\u00a0silnej konkurencii skon\u010dilo na 5. mieste. Strelci g\u00f3lov: Vr\u00e1be\u013e 4, Simon 2 , Szab\u00f31, Szalai 1. O\u00a0necel\u00e9 dva t\u00fd\u017edne, 10. decembra 2019 sa v\u00a0dunajskostredskej \u0161portovej hale konali vyra\u010fovacie z\u00e1pasy B skupiny okresn\u00fdch majstrovstiev stredn\u00fdch \u0161k\u00f4l vo futsale. Na\u0161e dru\u017estvo nepost\u00fapilo do okresn\u00e9ho fin\u00e1le. Strelci g\u00f3lov: Tovary\u0161 1, B\u00edr\u00f3 1, Simon 1. Zlo\u017eenie: Jozef Szalay (IV.A), Adri\u00e1n God\u00e1ny (IV.B), Franti\u0161ek Vr\u00e1be\u013e (III.A), B\u00e1lint Barczi (III.BI), M\u00e1rk Szab\u00f3 (III.BI), Stanislav Tovary\u0161 (III.CM), \u00c1kos Telekes (II.A), Barna L\u00e1szl\u00f3 Simon (II.C), Roland Berecz (II.C), Denis Javor (I.A), Andr\u00e1s Szeghy (I.A), Attila Bence Bazs\u00f3 (I.A), M\u00e1rk Biegelbauer (I.C). \u00a0 \u00a0\u00a0<\/span><\/div>\n<div style=\"text-align: justify;\"><span style=\"font-size: medium;\"><br \/><\/span><\/div>\n<div style=\"text-align: right;\"><span style=\"font-size: medium;\"><em>L\u00e1szl\u00f3 Papp<\/em> (u\u010dite\u013e telesnej v\u00fdchovy)<\/span><\/div>\n<p><BR><br \/>\n<P align = \"center\"><img loading=\"lazy\" src=\"http:\/\/87.197.53.202\/wphirfolyam\/wp-content\/uploads\/2019\/12\/foci-dec-01.jpg\" alt=\"\" width=\"600\" height=\"450\" class=\"alignnone size-full wp-image-1417\" srcset=\"http:\/\/www.oagvm.sk\/wphirfolyam\/wp-content\/uploads\/2019\/12\/foci-dec-01.jpg 600w, http:\/\/www.oagvm.sk\/wphirfolyam\/wp-content\/uploads\/2019\/12\/foci-dec-01-300x225.jpg 300w\" sizes=\"(max-width: 600px) 100vw, 600px\" \/><\/P><\/p>\n","protected":false},"excerpt":{"rendered":"<p>Labdar\u00fag\u00f3 torn\u00e1k Dunaszerdahelyen 2019. november 28-\u00e1n nemzetk\u00f6zi labdar\u00fag\u00f3 torn\u00e1t rendezett a\u00a0dunaszerdahelyi K\u00f6z\u00e9pfok\u00fa Sportiskola. Az er\u0151s, \u00a0magyarorsz\u00e1gi csapatokat is felvonultat\u00f3 mez\u0151nyben csapatunk az 5. helyen v\u00e9gzett. G\u00f3lszerz\u0151ink: Vr\u00e1be\u013e 4, Simon 2, Szab\u00f3 1, Szalai 1. Alig k\u00e9t h\u00e9ttel k\u00e9s\u0151bb, 2019. december 10-\u00e9n a j\u00e1r\u00e1si k\u00f6z\u00e9piskolai futsal bajnoks\u00e1g B selejtez\u0151 csoportj\u00e1nak m\u00e9rk\u0151z\u00e9sein l\u00e9pt\u00fcnk p\u00e1ly\u00e1ra a\u00a0dunaszerdahelyi sportcsarnokban, \u00e9s &#8230; <a title=\"Labdar\u00fag\u00f3 torn\u00e1k Dunaszerdahelyen- Futbalov\u00e9 turnaje v Dunajskej Strede\" class=\"read-more\" href=\"http:\/\/www.oagvm.sk\/wphirfolyam\/?p=1411\">Olvass tov\u00e1bb<span class=\"screen-reader-text\">Labdar\u00fag\u00f3 torn\u00e1k Dunaszerdahelyen- Futbalov\u00e9 turnaje v Dunajskej Strede<\/span><\/a><\/p>\n","protected":false},"author":1,"featured_media":0,"comment_status":"open","ping_status":"open","sticky":false,"template":"","format":"standard","meta":[],"categories":[50],"tags":[],"_links":{"self":[{"href":"http:\/\/www.oagvm.sk\/wphirfolyam\/index.php?rest_route=\/wp\/v2\/posts\/1411"}],"collection":[{"href":"http:\/\/www.oagvm.sk\/wphirfolyam\/index.php?rest_route=\/wp\/v2\/posts"}],"about":[{"href":"http:\/\/www.oagvm.sk\/wphirfolyam\/index.php?rest_route=\/wp\/v2\/types\/post"}],"author":[{"embeddable":true,"href":"http:\/\/www.oagvm.sk\/wphirfolyam\/index.php?rest_route=\/wp\/v2\/users\/1"}],"replies":[{"embeddable":true,"href":"http:\/\/www.oagvm.sk\/wphirfolyam\/index.php?rest_route=%2Fwp%2Fv2%2Fcomments&post=1411"}],"version-history":[{"count":4,"href":"http:\/\/www.oagvm.sk\/wphirfolyam\/index.php?rest_route=\/wp\/v2\/posts\/1411\/revisions"}],"predecessor-version":[{"id":1419,"href":"http:\/\/www.oagvm.sk\/wphirfolyam\/index.php?rest_route=\/wp\/v2\/posts\/1411\/revisions\/1419"}],"wp:attachment":[{"href":"http:\/\/www.oagvm.sk\/wphirfolyam\/index.php?rest_route=%2Fwp%2Fv2%2Fmedia&parent=1411"}],"wp:term":[{"taxonomy":"category","embeddable":true,"href":"http:\/\/www.oagvm.sk\/wphirfolyam\/index.php?rest_route=%2Fwp%2Fv2%2Fcategories&post=1411"},{"taxonomy":"post_tag","embeddable":true,"href":"http:\/\/www.oagvm.sk\/wphirfolyam\/index.php?rest_route=%2Fwp%2Fv2%2Ftags&post=1411"}],"curies":[{"name":"wp","href":"https:\/\/api.w.org\/{rel}","templated":true}]}}