{"id":1451,"date":"2019-12-12T15:10:12","date_gmt":"2019-12-12T14:10:12","guid":{"rendered":"http:\/\/87.197.53.202\/wphirfolyam\/?p=1451"},"modified":"2019-12-12T15:10:12","modified_gmt":"2019-12-12T14:10:12","slug":"%ef%bb%bfa-hatartalanul-kozepiskolai-vetelkedo-kozepdontoje-iskolankban-bez-hranic-sutaz-pre-stredoskolakov","status":"publish","type":"post","link":"http:\/\/www.oagvm.sk\/wphirfolyam\/?p=1451","title":{"rendered":"\ufeffA Hat\u00e1rtalanul! k\u00f6z\u00e9piskolai vet\u00e9lked\u0151 k\u00f6z\u00e9pd\u00f6nt\u0151je iskol\u00e1nkban &#8211; \u201eBez Hran\u00edc!\u201c s\u00fa\u0165a\u017e pre stredo\u0161kol\u00e1kov"},"content":{"rendered":"<div style=\"text-align: justify;\"><span style=\"font-size: medium;\"><span style=\"font-size: large; color: #ff6600;\"><strong>A Hat\u00e1rtalanul! k\u00f6z\u00e9piskolai vet\u00e9lked\u0151 k\u00f6z\u00e9pd\u00f6nt\u0151je iskol\u00e1nkban<\/strong> <\/span><strong>\u00a0<\/strong>\u00a0<\/span><\/div>\n<div style=\"text-align: justify;\"><span style=\"font-size: medium;\"><strong><br \/><\/strong><\/span><\/div>\n<div style=\"text-align: justify;\"><span style=\"font-size: medium;\">Hat\u00e1rtalanul! c\u00edmmel ind\u00edtott k\u00f6z\u00e9piskolai vet\u00e9lked\u0151t Magyarorsz\u00e1g Minisztereln\u00f6ks\u00e9g\u00e9nek nemzetpolitikai \u00e1llamtitk\u00e1rs\u00e1ga, amelybe iskol\u00e1nk, a\u00a0Nagymegyeri Kereskedelmi Akad\u00e9mia di\u00e1kjai is bekapcsol\u00f3dtak. A vet\u00e9lked\u0151 k\u00fcldet\u00e9se az, hogy szorosabbra fonja a kapcsolatokat az anyaorsz\u00e1gi \u00e9s k\u00fclhoni di\u00e1kok k\u00f6z\u00f6tt, \u00e9s er\u0151s\u00edtse a nemzeti \u00f6sszetartoz\u00e1s \u00e9rz\u00e9s\u00e9t a k\u00f6z\u00e9piskol\u00e1s koroszt\u00e1ly k\u00f6r\u00e9ben.\u00a0<\/span><\/div>\n<div style=\"text-align: justify;\"><span style=\"font-size: medium;\">A Hat\u00e1rtalanul programhoz kapcsol\u00f3d\u00f3 verseny els\u0151 felvon\u00e1sa egy okt\u00f3berben zajl\u00f3 online vet\u00e9lked\u0151 volt, amelynek keret\u00e9ben f\u00f6ldrajzi, t\u00f6rt\u00e9nelmi, irodalmi, term\u00e9szettudom\u00e1nyi \u00e9s nemzetpolitikai k\u00e9rd\u00e9sekb\u0151l \u00e1ll\u00f3 teszteket t\u00f6lthettek ki k\u00fclhoni \u00e9s anyaorsz\u00e1gbeli k\u00f6z\u00e9piskolai oszt\u00e1lyok. A j\u00e1t\u00e9kba t\u00f6bb mint 12 ezer di\u00e1k kapcsol\u00f3dott be. Az el\u0151d\u00f6nt\u0151ben iskol\u00e1nk k\u00e9t csapata, a\u00a0II.C \u00e9s a\u00a0IV.CM oszt\u00e1ly is sikeresen szerepelt, \u00edgy beker\u00fcltek a\u00a0k\u00f6z\u00e9pd\u00f6nt\u0151be.\u00a0<\/span><\/div>\n<div style=\"text-align: justify;\"><span style=\"font-size: medium;\">A vet\u00e9lked\u0151 egyik\u00a0k\u00f6z\u00e9pd\u00f6nt\u0151j\u00e9re iskol\u00e1nk falai k\u00f6z\u00f6tt ker\u00fclt sor 2019. december 10-\u00e9n, amikor is ell\u00e1togattak hozz\u00e1nk a\u00a0fiatalok k\u00f6r\u00e9ben n\u00e9pszer\u0171 t\u00e9v\u00e9sorozat, a K\u00f6z\u00e9psuli szerepl\u0151i. A \u201ek\u00f6z\u00e9psulisok\u201c j\u00e1t\u00e9kos feladatokkal tett\u00e9k pr\u00f3b\u00e1ra a di\u00e1kok tud\u00e1s\u00e1t, \u00e9rt\u00e9kes aj\u00e1nd\u00e9kokkal jutalmazva a legjobbakat. Mindk\u00e9t oszt\u00e1ly kiv\u00e1l\u00f3an szerepelt, \u00e9s most mindenki bizakodva v\u00e1rja a\u00a0k\u00f6z\u00e9pd\u00f6nt\u0151k \u00f6sszes\u00edtett v\u00e9geredm\u00e9ny\u00e9t. A k\u00f6z\u00e9pd\u00f6nt\u0151k legsikeresebb di\u00e1kjai r\u00e9szt vehetnek a 2020 febru\u00e1rj\u00e1ban megrendez\u00e9sre ker\u00fcl\u0151 Hat\u00e1rtalanul! napon Budapesten, ahol n\u00e9pszer\u0171 zenekarokkal tal\u00e1lkozhatnak, \u00e9s ak\u00e1r egymilli\u00f3 forintot is nyerhetnek oszt\u00e1lyuknak.\u00a0<\/span><\/div>\n<div style=\"text-align: justify;\"><span style=\"font-size: medium;\"><br \/><\/span><\/div>\n<div style=\"text-align: right;\"><span style=\"font-size: medium;\"><em>Ing. Baranyai Ang\u00e9la<\/em>, az iskola tan\u00e1ra<\/span><\/div>\n<div style=\"text-align: justify;\"><span style=\"font-size: medium;\"><strong><br \/><\/strong><\/span><\/div>\n<div style=\"text-align: justify;\"><span style=\"font-size: medium;\"><span style=\"font-size: large; color: #ff6600;\"><strong>\u201eBez Hran\u00edc!\u201c s\u00fa\u0165a\u017e pre stredo\u0161kol\u00e1kov<\/strong> <\/span><strong>\u00a0<\/strong>\u00a0<\/span><\/div>\n<div style=\"text-align: justify;\"><span style=\"font-size: medium;\"><br \/><\/span><\/div>\n<div style=\"text-align: justify;\"><span style=\"font-size: medium;\">\u017diaci na\u0161ej \u0161koly &#8211; Obchodn\u00e1 akad\u00e9mia vo Ve\u013ekom Mederi &#8211; sa prihl\u00e1sili do s\u00fa\u0165a\u017ee pre stredo\u0161kol\u00e1kov, ktor\u00fa zorganizovalo \u0160t\u00e1tne tajomn\u00edctvo n\u00e1rodnostnej politiky<strong>.<\/strong> S\u00fa\u0165a\u017e v\u00a0r\u00e1mci programu \u201eBez hran\u00edc\u201c pozost\u00e1va<strong> <\/strong>z\u00a0troch \u010dast\u00ed: prv\u00e1 \u010das\u0165 prebiehala online, druh\u00e1 \u010das\u0165 sa uskuto\u010dnila na na\u0161ej \u0161kole a\u00a0tretia \u010das\u0165 bude fin\u00e1le v Budape\u0161ti. V\u00a0r\u00e1mci online \u010dasti \u017eiaci mali odpoveda\u0165 v\u00a0priebehu okt\u00f3bra ka\u017ed\u00fd de\u0148 na test pozost\u00e1vaj\u00faci z\u00a0ot\u00e1zok, t\u00fdkaj\u00face sa hist\u00f3rie, politiky, zemepisu, literat\u00fary, pr\u00edrodovedy. Do s\u00fa\u0165a\u017ee sa zapojilo viac ako 12\u00a0000 ma\u010farsk\u00fdch \u017eiakov.\u00a0<\/span><\/div>\n<div style=\"text-align: justify;\"><span style=\"font-size: medium;\">Triedy II.C a\u00a0IV.CM boli v\u00a0prvej \u010dasti s\u00fa\u0165a\u017ee \u00faspe\u0161n\u00ed a\u00a0tak mohli post\u00fapi\u0165 do \u010fal\u0161ej \u010dasti s\u00fa\u0165a\u017ee, ktor\u00e1 sa uskuto\u010dnila 10. decembra 2019 v\u00a0na\u0161ej \u0161kole, kedy sa k\u00a0n\u00e1m priv\u00edtali hostia z\u00a0Ma\u010farskej republiky, organiz\u00e1tori s\u00fa\u0165a\u017ee s\u00a03 youtubermi, ktor\u00ed n\u00e1s prekvapili r\u00f4znymi dar\u010dekmi, aby \u017eiaci hravou formou zvl\u00e1dli druh\u00fa \u010das\u0165 s\u00fa\u0165a\u017ee a\u00a0z\u00edskali \u010fal\u0161ie body k postupu do fin\u00e1le. \u00a0\u00a0<\/span><\/div>\n<div style=\"text-align: justify;\"><span style=\"font-size: medium;\">Obidve triedy boli \u0161ikovn\u00e9 a\u00a0teraz s\u00a0n\u00e1dejou \u010dakaj\u00fa v\u00fdsledky a\u00a0pozv\u00e1nku do fin\u00e1le v\u00a0Budape\u0161ti, kde sa bud\u00fa m\u00f4c\u0165 stretn\u00fa\u0165 so zn\u00e1mymi kapelami\u00a0 i\u00a0vyhra\u0165 hodnotn\u00e9 dary.\u00a0<\/span><\/div>\n<div style=\"text-align: justify;\"><span style=\"font-size: medium;\">Cie\u013eom s\u00fa\u0165a\u017ee \u201eBez Hran\u00edc!\u201c bolo upevni\u0165 priate\u013esk\u00e9 vz\u0165ahy medzi \u017eiakmi Ma\u010farskej republiky a\u00a0\u017eiakmi \u017eij\u00facimi za hranicami Ma\u010farska.\u00a0<\/span><\/div>\n<div style=\"text-align: justify;\"><span style=\"font-size: medium;\"><br \/><\/span><\/div>\n<div style=\"text-align: right;\"><span style=\"font-size: medium;\"><em>Ing. Angela Baranyai<\/em>, koordin\u00e1torka<\/span><\/div>\n<p><BR><br \/>\n<P align = \"center\"><div id=\"metaslider-id-1420\" style=\"max-width: 600px; margin: 0 auto;\" class=\"ml-slider-3-23-0 metaslider metaslider-flex metaslider-1420 ml-slider\">\n    <div id=\"metaslider_container_1420\">\n        <div id=\"metaslider_1420\">\n            <ul aria-live=\"polite\" class=\"slides\">\n                <li style=\"display: block; width: 100%;\" class=\"slide-1427 ms-image\"><img width=\"600\" height=\"450\" src=\"http:\/\/www.oagvm.sk\/wphirfolyam\/wp-content\/uploads\/2019\/12\/hatartalanul-01.jpg\" class=\"slider-1420 slide-1427\" alt=\"\" loading=\"lazy\" rel=\"\" title=\"hatartalanul-01\" srcset=\"http:\/\/www.oagvm.sk\/wphirfolyam\/wp-content\/uploads\/2019\/12\/hatartalanul-01.jpg 600w, http:\/\/www.oagvm.sk\/wphirfolyam\/wp-content\/uploads\/2019\/12\/hatartalanul-01-300x225.jpg 300w\" sizes=\"(max-width: 600px) 100vw, 600px\" \/><\/li>\n                <li style=\"display: none; width: 100%;\" class=\"slide-1428 ms-image\"><img width=\"600\" height=\"450\" src=\"http:\/\/www.oagvm.sk\/wphirfolyam\/wp-content\/uploads\/2019\/12\/hatartalanul-02.jpg\" class=\"slider-1420 slide-1428\" alt=\"\" loading=\"lazy\" rel=\"\" title=\"hatartalanul-02\" srcset=\"http:\/\/www.oagvm.sk\/wphirfolyam\/wp-content\/uploads\/2019\/12\/hatartalanul-02.jpg 600w, http:\/\/www.oagvm.sk\/wphirfolyam\/wp-content\/uploads\/2019\/12\/hatartalanul-02-300x225.jpg 300w\" sizes=\"(max-width: 600px) 100vw, 600px\" \/><\/li>\n                <li style=\"display: none; width: 100%;\" class=\"slide-1429 ms-image\"><img width=\"600\" height=\"450\" src=\"http:\/\/www.oagvm.sk\/wphirfolyam\/wp-content\/uploads\/2019\/12\/hatartalanul-03.jpg\" class=\"slider-1420 slide-1429\" alt=\"\" loading=\"lazy\" rel=\"\" title=\"hatartalanul-03\" srcset=\"http:\/\/www.oagvm.sk\/wphirfolyam\/wp-content\/uploads\/2019\/12\/hatartalanul-03.jpg 600w, http:\/\/www.oagvm.sk\/wphirfolyam\/wp-content\/uploads\/2019\/12\/hatartalanul-03-300x225.jpg 300w\" sizes=\"(max-width: 600px) 100vw, 600px\" \/><\/li>\n                <li style=\"display: none; width: 100%;\" class=\"slide-1430 ms-image\"><img width=\"600\" height=\"450\" src=\"http:\/\/www.oagvm.sk\/wphirfolyam\/wp-content\/uploads\/2019\/12\/hatartalanul-04.jpg\" class=\"slider-1420 slide-1430\" alt=\"\" loading=\"lazy\" rel=\"\" title=\"hatartalanul-04\" srcset=\"http:\/\/www.oagvm.sk\/wphirfolyam\/wp-content\/uploads\/2019\/12\/hatartalanul-04.jpg 600w, http:\/\/www.oagvm.sk\/wphirfolyam\/wp-content\/uploads\/2019\/12\/hatartalanul-04-300x225.jpg 300w\" sizes=\"(max-width: 600px) 100vw, 600px\" \/><\/li>\n                <li style=\"display: none; width: 100%;\" class=\"slide-1431 ms-image\"><img width=\"600\" height=\"450\" src=\"http:\/\/www.oagvm.sk\/wphirfolyam\/wp-content\/uploads\/2019\/12\/hatartalanul-05.jpg\" class=\"slider-1420 slide-1431\" alt=\"\" loading=\"lazy\" rel=\"\" title=\"hatartalanul-05\" srcset=\"http:\/\/www.oagvm.sk\/wphirfolyam\/wp-content\/uploads\/2019\/12\/hatartalanul-05.jpg 600w, http:\/\/www.oagvm.sk\/wphirfolyam\/wp-content\/uploads\/2019\/12\/hatartalanul-05-300x225.jpg 300w\" sizes=\"(max-width: 600px) 100vw, 600px\" \/><\/li>\n                <li style=\"display: none; width: 100%;\" class=\"slide-1432 ms-image\"><img width=\"600\" height=\"450\" src=\"http:\/\/www.oagvm.sk\/wphirfolyam\/wp-content\/uploads\/2019\/12\/hatartalanul-06.jpg\" class=\"slider-1420 slide-1432\" alt=\"\" loading=\"lazy\" rel=\"\" title=\"hatartalanul-06\" srcset=\"http:\/\/www.oagvm.sk\/wphirfolyam\/wp-content\/uploads\/2019\/12\/hatartalanul-06.jpg 600w, http:\/\/www.oagvm.sk\/wphirfolyam\/wp-content\/uploads\/2019\/12\/hatartalanul-06-300x225.jpg 300w\" sizes=\"(max-width: 600px) 100vw, 600px\" \/><\/li>\n            <\/ul>\n        <\/div>\n        \n    <\/div>\n<\/div><\/p>\n","protected":false},"excerpt":{"rendered":"<p>A Hat\u00e1rtalanul! k\u00f6z\u00e9piskolai vet\u00e9lked\u0151 k\u00f6z\u00e9pd\u00f6nt\u0151je iskol\u00e1nkban \u00a0\u00a0 Hat\u00e1rtalanul! c\u00edmmel ind\u00edtott k\u00f6z\u00e9piskolai vet\u00e9lked\u0151t Magyarorsz\u00e1g Minisztereln\u00f6ks\u00e9g\u00e9nek nemzetpolitikai \u00e1llamtitk\u00e1rs\u00e1ga, amelybe iskol\u00e1nk, a\u00a0Nagymegyeri Kereskedelmi Akad\u00e9mia di\u00e1kjai is bekapcsol\u00f3dtak. A vet\u00e9lked\u0151 k\u00fcldet\u00e9se az, hogy szorosabbra fonja a kapcsolatokat az anyaorsz\u00e1gi \u00e9s k\u00fclhoni di\u00e1kok k\u00f6z\u00f6tt, \u00e9s er\u0151s\u00edtse a nemzeti \u00f6sszetartoz\u00e1s \u00e9rz\u00e9s\u00e9t a k\u00f6z\u00e9piskol\u00e1s koroszt\u00e1ly k\u00f6r\u00e9ben.\u00a0 A Hat\u00e1rtalanul programhoz kapcsol\u00f3d\u00f3 verseny els\u0151 &#8230; <a title=\"\ufeffA Hat\u00e1rtalanul! k\u00f6z\u00e9piskolai vet\u00e9lked\u0151 k\u00f6z\u00e9pd\u00f6nt\u0151je iskol\u00e1nkban &#8211; \u201eBez Hran\u00edc!\u201c s\u00fa\u0165a\u017e pre stredo\u0161kol\u00e1kov\" class=\"read-more\" href=\"http:\/\/www.oagvm.sk\/wphirfolyam\/?p=1451\">Olvass tov\u00e1bb<span class=\"screen-reader-text\">\ufeffA Hat\u00e1rtalanul! k\u00f6z\u00e9piskolai vet\u00e9lked\u0151 k\u00f6z\u00e9pd\u00f6nt\u0151je iskol\u00e1nkban &#8211; \u201eBez Hran\u00edc!\u201c s\u00fa\u0165a\u017e pre stredo\u0161kol\u00e1kov<\/span><\/a><\/p>\n","protected":false},"author":1,"featured_media":0,"comment_status":"open","ping_status":"open","sticky":false,"template":"","format":"standard","meta":[],"categories":[50],"tags":[],"_links":{"self":[{"href":"http:\/\/www.oagvm.sk\/wphirfolyam\/index.php?rest_route=\/wp\/v2\/posts\/1451"}],"collection":[{"href":"http:\/\/www.oagvm.sk\/wphirfolyam\/index.php?rest_route=\/wp\/v2\/posts"}],"about":[{"href":"http:\/\/www.oagvm.sk\/wphirfolyam\/index.php?rest_route=\/wp\/v2\/types\/post"}],"author":[{"embeddable":true,"href":"http:\/\/www.oagvm.sk\/wphirfolyam\/index.php?rest_route=\/wp\/v2\/users\/1"}],"replies":[{"embeddable":true,"href":"http:\/\/www.oagvm.sk\/wphirfolyam\/index.php?rest_route=%2Fwp%2Fv2%2Fcomments&post=1451"}],"version-history":[{"count":1,"href":"http:\/\/www.oagvm.sk\/wphirfolyam\/index.php?rest_route=\/wp\/v2\/posts\/1451\/revisions"}],"predecessor-version":[{"id":1452,"href":"http:\/\/www.oagvm.sk\/wphirfolyam\/index.php?rest_route=\/wp\/v2\/posts\/1451\/revisions\/1452"}],"wp:attachment":[{"href":"http:\/\/www.oagvm.sk\/wphirfolyam\/index.php?rest_route=%2Fwp%2Fv2%2Fmedia&parent=1451"}],"wp:term":[{"taxonomy":"category","embeddable":true,"href":"http:\/\/www.oagvm.sk\/wphirfolyam\/index.php?rest_route=%2Fwp%2Fv2%2Fcategories&post=1451"},{"taxonomy":"post_tag","embeddable":true,"href":"http:\/\/www.oagvm.sk\/wphirfolyam\/index.php?rest_route=%2Fwp%2Fv2%2Ftags&post=1451"}],"curies":[{"name":"wp","href":"https:\/\/api.w.org\/{rel}","templated":true}]}}