{"id":1453,"date":"2019-12-12T15:15:13","date_gmt":"2019-12-12T14:15:13","guid":{"rendered":"http:\/\/87.197.53.202\/wphirfolyam\/?p=1453"},"modified":"2019-12-12T15:15:13","modified_gmt":"2019-12-12T14:15:13","slug":"%ef%bb%bfmeggyujtottuk-a-masodik-adventi-gyertyat-zapalili-sme-druhu-adventnu-sviecku","status":"publish","type":"post","link":"http:\/\/www.oagvm.sk\/wphirfolyam\/?p=1453","title":{"rendered":"\ufeffMeggy\u00fajtottuk a m\u00e1sodik adventi gyerty\u00e1t &#8211; Zap\u00e1lili sme druh\u00fa adventn\u00fa svie\u010dku"},"content":{"rendered":"<div style=\"text-align: justify;\"><span style=\"font-size: medium;\"><span style=\"font-size: large; color: #ff6600;\"><strong>Meggy\u00fajtottuk a\u00a0m\u00e1sodik adventi gyerty\u00e1t<\/strong><\/span> \u00a0\u00a0<\/span><\/div>\n<div style=\"text-align: justify;\"><span style=\"font-size: medium;\"><br \/><\/span><\/div>\n<div style=\"text-align: justify;\"><span style=\"font-size: medium;\">Mi is az Advent? \u00a0\u00a0<\/span><\/div>\n<div style=\"text-align: justify;\"><span style=\"font-size: medium;\"><br \/><\/span><\/div>\n<div style=\"text-align: justify;\"><span style=\"font-size: medium;\">A szeretet \u00fcnnep\u00e9re v\u00e1r\u00f3 id\u0151szakot nevezz\u00fck Advetnek. Ilyenkor a kereszt\u00e9ny h\u00edv\u0151k 4 h\u00e9ttel kar\u00e1csony el\u0151tt megkezdik az adventi koszor\u00fa gyerty\u00e1inak meggy\u00fajt\u00e1s\u00e1t. Minden h\u00e9ten egy alkalommal vas\u00e1rnap sor ker\u00fcl erre az esem\u00e9nyre\u00a0szent este napj\u00e1ig. Mivel egy rohan\u00f3 vil\u00e1gban \u00e9l\u00fcnk, ebben az id\u0151szakban m\u00e9g jobban fel szeretn\u00e9nk h\u00edvni a figyelmet arra, hogy gyakoroljuk csal\u00e1dunk \u00e9s bar\u00e1taink ir\u00e1nt \u00e9rzett szeretet\u00fcnket, ne legy\u00fcnk haragosak \u00e9s \u00f6nz\u0151ek, hiszen sajnos ezek a tulajdons\u00e1gok jellemzik napjainkat igaz\u00e1n. Legyen id\u0151nk arra, hogy seg\u00edts\u00fcnk ott, ahol tudunk, hogy szebb\u00e9 tehess\u00fck egym\u00e1s mindennapjait.<\/span><\/div>\n<div style=\"text-align: justify;\"><span style=\"font-size: medium;\"><br \/><\/span><\/div>\n<div style=\"text-align: right;\"><span style=\"font-size: medium;\"><em>V\u00e9gh Attila<\/em> &#8211; di\u00e1kdiri, III.BI\u00a0<\/span><\/div>\n<div style=\"text-align: justify;\"><span style=\"font-size: medium;\"><strong><br \/><\/strong><\/span><\/div>\n<div style=\"text-align: justify;\"><span style=\"font-size: medium;\"><span style=\"font-size: large; color: #ff6600;\"><strong>Zap\u00e1lili sme druh\u00fa adventn\u00fa svie\u010dku<\/strong><\/span>\u00a0<\/span><\/div>\n<div style=\"text-align: justify;\"><span style=\"font-size: medium;\"><br \/><\/span><\/div>\n<div style=\"text-align: justify;\"><span style=\"font-size: medium;\">\u010co je to advent?\u00a0<\/span><\/div>\n<div style=\"text-align: justify;\"><span style=\"font-size: medium;\"><br \/><\/span><\/div>\n<div style=\"text-align: justify;\"><span style=\"font-size: medium;\">Advent je za\u010diatok viano\u010dn\u00e9ho \u0161ialenstva. V\u0161etci c\u00edtia \u017ee sa u\u017e bl\u00ed\u017eia Vianoce a ka\u017ed\u00fd chyst\u00e1 svoje dom\u00e1cnosti k najkraj\u0161\u00edm sviatkom roka. Ka\u017ed\u00fd sa cel\u00fd rok iba nah\u00e1\u0148a za povinnos\u0165ami,\u00a0 ale viano\u010dn\u00e9 sviatky a advent by mali \u013eudia tr\u00e1vi\u0165 v pokoji, k\u013eude a l\u00e1ske k ostatn\u00fdm. Cel\u00fd n\u00e1\u0161 \u017eivot by mal vyzera\u0165 ako tento 4-t\u00fd\u017ed\u0148ov\u00fd advent, vy\u017earuj\u00faci l\u00e1skou a spokojnos\u0165ou \u013eud\u00ed.\u00a0 \u00a0\u00a0\u00a0\u00a0\u00a0\u00a0\u00a0\u00a0\u00a0\u00a0\u00a0\u00a0\u00a0\u00a0\u00a0\u00a0\u00a0\u00a0\u00a0\u00a0\u00a0\u00a0\u00a0\u00a0\u00a0\u00a0\u00a0\u00a0\u00a0\u00a0\u00a0\u00a0\u00a0\u00a0\u00a0\u00a0\u00a0\u00a0\u00a0\u00a0\u00a0\u00a0\u00a0\u00a0\u00a0\u00a0\u00a0\u00a0\u00a0\u00a0\u00a0\u00a0\u00a0<\/span><\/div>\n<div style=\"text-align: justify;\"><span style=\"font-size: medium;\"><br \/><\/span><\/div>\n<div style=\"text-align: right;\"><span style=\"font-size: medium;\"><em>Ren\u00e1ta Kop\u00e1\u010dov\u00e1<\/em> &#8211; z\u00e1stupky\u0148a \u0161tudentsk\u00e9ho riadite\u013ea, III.A<\/span><\/div>\n<p><BR><\/p>\n<p><P align = \"center\"><div id=\"metaslider-id-1433\" style=\"max-width: 600px; margin: 0 auto;\" class=\"ml-slider-3-23-0 metaslider metaslider-flex metaslider-1433 ml-slider\">\n    <div id=\"metaslider_container_1433\">\n        <div id=\"metaslider_1433\">\n            <ul aria-live=\"polite\" class=\"slides\">\n                <li style=\"display: block; width: 100%;\" class=\"slide-1442 ms-image\"><img width=\"600\" height=\"450\" src=\"http:\/\/www.oagvm.sk\/wphirfolyam\/wp-content\/uploads\/2019\/12\/advent2l-01.jpg\" class=\"slider-1433 slide-1442\" alt=\"\" loading=\"lazy\" rel=\"\" title=\"advent2l-01\" srcset=\"http:\/\/www.oagvm.sk\/wphirfolyam\/wp-content\/uploads\/2019\/12\/advent2l-01.jpg 600w, http:\/\/www.oagvm.sk\/wphirfolyam\/wp-content\/uploads\/2019\/12\/advent2l-01-300x225.jpg 300w\" sizes=\"(max-width: 600px) 100vw, 600px\" \/><\/li>\n                <li style=\"display: none; width: 100%;\" class=\"slide-1443 ms-image\"><img width=\"600\" height=\"450\" src=\"http:\/\/www.oagvm.sk\/wphirfolyam\/wp-content\/uploads\/2019\/12\/advent2l-02.jpg\" class=\"slider-1433 slide-1443\" alt=\"\" loading=\"lazy\" rel=\"\" title=\"advent2l-02\" srcset=\"http:\/\/www.oagvm.sk\/wphirfolyam\/wp-content\/uploads\/2019\/12\/advent2l-02.jpg 600w, http:\/\/www.oagvm.sk\/wphirfolyam\/wp-content\/uploads\/2019\/12\/advent2l-02-300x225.jpg 300w\" sizes=\"(max-width: 600px) 100vw, 600px\" \/><\/li>\n                <li style=\"display: none; width: 100%;\" class=\"slide-1444 ms-image\"><img width=\"600\" height=\"450\" src=\"http:\/\/www.oagvm.sk\/wphirfolyam\/wp-content\/uploads\/2019\/12\/advent2l-03.jpg\" class=\"slider-1433 slide-1444\" alt=\"\" loading=\"lazy\" rel=\"\" title=\"advent2l-03\" srcset=\"http:\/\/www.oagvm.sk\/wphirfolyam\/wp-content\/uploads\/2019\/12\/advent2l-03.jpg 600w, http:\/\/www.oagvm.sk\/wphirfolyam\/wp-content\/uploads\/2019\/12\/advent2l-03-300x225.jpg 300w\" sizes=\"(max-width: 600px) 100vw, 600px\" \/><\/li>\n                <li style=\"display: none; width: 100%;\" class=\"slide-1445 ms-image\"><img width=\"600\" height=\"450\" src=\"http:\/\/www.oagvm.sk\/wphirfolyam\/wp-content\/uploads\/2019\/12\/advent2l-04.jpg\" class=\"slider-1433 slide-1445\" alt=\"\" loading=\"lazy\" rel=\"\" title=\"advent2l-04\" srcset=\"http:\/\/www.oagvm.sk\/wphirfolyam\/wp-content\/uploads\/2019\/12\/advent2l-04.jpg 600w, http:\/\/www.oagvm.sk\/wphirfolyam\/wp-content\/uploads\/2019\/12\/advent2l-04-300x225.jpg 300w\" sizes=\"(max-width: 600px) 100vw, 600px\" \/><\/li>\n                <li style=\"display: none; width: 100%;\" class=\"slide-1446 ms-image\"><img width=\"600\" height=\"450\" src=\"http:\/\/www.oagvm.sk\/wphirfolyam\/wp-content\/uploads\/2019\/12\/advent2l-05.jpg\" class=\"slider-1433 slide-1446\" alt=\"\" loading=\"lazy\" rel=\"\" title=\"advent2l-05\" srcset=\"http:\/\/www.oagvm.sk\/wphirfolyam\/wp-content\/uploads\/2019\/12\/advent2l-05.jpg 600w, http:\/\/www.oagvm.sk\/wphirfolyam\/wp-content\/uploads\/2019\/12\/advent2l-05-300x225.jpg 300w\" sizes=\"(max-width: 600px) 100vw, 600px\" \/><\/li>\n                <li style=\"display: none; width: 100%;\" class=\"slide-1447 ms-image\"><img width=\"600\" height=\"450\" src=\"http:\/\/www.oagvm.sk\/wphirfolyam\/wp-content\/uploads\/2019\/12\/advent2l-06.jpg\" class=\"slider-1433 slide-1447\" alt=\"\" loading=\"lazy\" rel=\"\" title=\"advent2l-06\" srcset=\"http:\/\/www.oagvm.sk\/wphirfolyam\/wp-content\/uploads\/2019\/12\/advent2l-06.jpg 600w, http:\/\/www.oagvm.sk\/wphirfolyam\/wp-content\/uploads\/2019\/12\/advent2l-06-300x225.jpg 300w\" sizes=\"(max-width: 600px) 100vw, 600px\" \/><\/li>\n                <li style=\"display: none; width: 100%;\" class=\"slide-1448 ms-image\"><img width=\"600\" height=\"450\" src=\"http:\/\/www.oagvm.sk\/wphirfolyam\/wp-content\/uploads\/2019\/12\/advent2l-07.jpg\" class=\"slider-1433 slide-1448\" alt=\"\" loading=\"lazy\" rel=\"\" title=\"advent2l-07\" srcset=\"http:\/\/www.oagvm.sk\/wphirfolyam\/wp-content\/uploads\/2019\/12\/advent2l-07.jpg 600w, http:\/\/www.oagvm.sk\/wphirfolyam\/wp-content\/uploads\/2019\/12\/advent2l-07-300x225.jpg 300w\" sizes=\"(max-width: 600px) 100vw, 600px\" \/><\/li>\n                <li style=\"display: none; width: 100%;\" class=\"slide-1449 ms-image\"><img width=\"600\" height=\"450\" src=\"http:\/\/www.oagvm.sk\/wphirfolyam\/wp-content\/uploads\/2019\/12\/advent2l-08.jpg\" class=\"slider-1433 slide-1449\" alt=\"\" loading=\"lazy\" rel=\"\" title=\"advent2l-08\" srcset=\"http:\/\/www.oagvm.sk\/wphirfolyam\/wp-content\/uploads\/2019\/12\/advent2l-08.jpg 600w, http:\/\/www.oagvm.sk\/wphirfolyam\/wp-content\/uploads\/2019\/12\/advent2l-08-300x225.jpg 300w\" sizes=\"(max-width: 600px) 100vw, 600px\" \/><\/li>\n            <\/ul>\n        <\/div>\n        \n    <\/div>\n<\/div><\/p>\n","protected":false},"excerpt":{"rendered":"<p>Meggy\u00fajtottuk a\u00a0m\u00e1sodik adventi gyerty\u00e1t \u00a0\u00a0 Mi is az Advent? \u00a0\u00a0 A szeretet \u00fcnnep\u00e9re v\u00e1r\u00f3 id\u0151szakot nevezz\u00fck Advetnek. Ilyenkor a kereszt\u00e9ny h\u00edv\u0151k 4 h\u00e9ttel kar\u00e1csony el\u0151tt megkezdik az adventi koszor\u00fa gyerty\u00e1inak meggy\u00fajt\u00e1s\u00e1t. Minden h\u00e9ten egy alkalommal vas\u00e1rnap sor ker\u00fcl erre az esem\u00e9nyre\u00a0szent este napj\u00e1ig. Mivel egy rohan\u00f3 vil\u00e1gban \u00e9l\u00fcnk, ebben az id\u0151szakban m\u00e9g jobban fel szeretn\u00e9nk &#8230; <a title=\"\ufeffMeggy\u00fajtottuk a m\u00e1sodik adventi gyerty\u00e1t &#8211; Zap\u00e1lili sme druh\u00fa adventn\u00fa svie\u010dku\" class=\"read-more\" href=\"http:\/\/www.oagvm.sk\/wphirfolyam\/?p=1453\">Olvass tov\u00e1bb<span class=\"screen-reader-text\">\ufeffMeggy\u00fajtottuk a m\u00e1sodik adventi gyerty\u00e1t &#8211; Zap\u00e1lili sme druh\u00fa adventn\u00fa svie\u010dku<\/span><\/a><\/p>\n","protected":false},"author":1,"featured_media":0,"comment_status":"open","ping_status":"open","sticky":false,"template":"","format":"standard","meta":[],"categories":[50],"tags":[],"_links":{"self":[{"href":"http:\/\/www.oagvm.sk\/wphirfolyam\/index.php?rest_route=\/wp\/v2\/posts\/1453"}],"collection":[{"href":"http:\/\/www.oagvm.sk\/wphirfolyam\/index.php?rest_route=\/wp\/v2\/posts"}],"about":[{"href":"http:\/\/www.oagvm.sk\/wphirfolyam\/index.php?rest_route=\/wp\/v2\/types\/post"}],"author":[{"embeddable":true,"href":"http:\/\/www.oagvm.sk\/wphirfolyam\/index.php?rest_route=\/wp\/v2\/users\/1"}],"replies":[{"embeddable":true,"href":"http:\/\/www.oagvm.sk\/wphirfolyam\/index.php?rest_route=%2Fwp%2Fv2%2Fcomments&post=1453"}],"version-history":[{"count":1,"href":"http:\/\/www.oagvm.sk\/wphirfolyam\/index.php?rest_route=\/wp\/v2\/posts\/1453\/revisions"}],"predecessor-version":[{"id":1454,"href":"http:\/\/www.oagvm.sk\/wphirfolyam\/index.php?rest_route=\/wp\/v2\/posts\/1453\/revisions\/1454"}],"wp:attachment":[{"href":"http:\/\/www.oagvm.sk\/wphirfolyam\/index.php?rest_route=%2Fwp%2Fv2%2Fmedia&parent=1453"}],"wp:term":[{"taxonomy":"category","embeddable":true,"href":"http:\/\/www.oagvm.sk\/wphirfolyam\/index.php?rest_route=%2Fwp%2Fv2%2Fcategories&post=1453"},{"taxonomy":"post_tag","embeddable":true,"href":"http:\/\/www.oagvm.sk\/wphirfolyam\/index.php?rest_route=%2Fwp%2Fv2%2Ftags&post=1453"}],"curies":[{"name":"wp","href":"https:\/\/api.w.org\/{rel}","templated":true}]}}