{"id":1484,"date":"2019-12-16T11:24:03","date_gmt":"2019-12-16T10:24:03","guid":{"rendered":"http:\/\/87.197.53.202\/wphirfolyam\/?p=1484"},"modified":"2019-12-16T11:24:59","modified_gmt":"2019-12-16T10:24:59","slug":"karacsonyvaro-hangulatban-budapesten-vo-vianocnom-ocakavani-v-budapesti","status":"publish","type":"post","link":"http:\/\/www.oagvm.sk\/wphirfolyam\/?p=1484","title":{"rendered":"Kar\u00e1csonyv\u00e1r\u00f3 hangulatban Budapesten\u2026 &#8211; Vo Viano\u010dnom o\u010dak\u00e1van\u00ed v Budape\u0161ti\u2026"},"content":{"rendered":"<div style=\"text-align: justify;\"><span style=\"font-size: medium;\"><span style=\"font-size: large; color: #ff6600;\"><strong>Kar\u00e1csonyv\u00e1r\u00f3 hangulatban Budapesten\u2026<\/strong> \u00a0\u00a0<\/span><\/span><\/div>\n<div style=\"text-align: justify;\"><span style=\"font-size: medium;\"><br \/><\/span><\/div>\n<div style=\"text-align: justify;\"><span style=\"font-size: medium;\">Az advent utols\u00f3 het\u00e9ben a tan\u00e1rok sz\u00e1m\u00e1ra is k\u00e9sz\u00fclt egy kis meglepet\u00e9s. Az iskolavezet\u00e9s j\u00f3volt\u00e1b\u00f3l id\u00e9n \u00fajfent a\u00a0budapesti kar\u00e1csonyi v\u00e1s\u00e1r forgatag\u00e1ban b\u00facs\u00faztathattuk az \u00e9vet, majd k\u00f6z\u00f6s \u00fcnnepi vacsor\u00e1n vett\u00fcnk r\u00e9szt, este pedig az\u00a0Operettsz\u00ednh\u00e1zban a Cs\u00e1rd\u00e1skir\u00e1lyn\u0151 c\u00edm\u0171 el\u0151ad\u00e1sban gy\u00f6ny\u00f6rk\u00f6dhett\u00fcnk. \u00a0\u00a0<\/span><\/div>\n<div style=\"text-align: justify;\"><span style=\"font-size: medium;\"><strong><br \/><\/strong><\/span><\/div>\n<div style=\"text-align: justify;\"><span style=\"font-size: medium;\"><span style=\"font-size: large; color: #ff6600;\"><strong>Vo Viano\u010dnom o\u010dak\u00e1van\u00ed v Budape\u0161ti\u2026<\/strong><\/span>\u00a0<\/span><\/div>\n<div style=\"text-align: justify;\"><span style=\"font-size: medium;\"><br \/><\/span><\/div>\n<div style=\"text-align: justify;\"><span style=\"font-size: medium;\">Na\u0161i pedag\u00f3govia aj tento rok mali mo\u017enos\u0165 prec\u00edti\u0165 viano\u010dn\u00fa atmosf\u00e9ru v\u010faka viano\u010dn\u00fdm trhom v\u00a0Budape\u0161ti. Ve\u010der str\u00e1vili spolo\u010dne pri jednom stole, nesk\u00f4r zav\u00edtali do <strong>Ma\u010farskej \u0161t\u00e1tnej opery<\/strong>, kde mohli by\u0165 s\u00fa\u010das\u0165ou o\u010daruj\u00faceho predstavenia. \u00a0<\/span><\/div>\n<p><P><\/P><\/p>\n<div id=\"metaslider-id-1455\" style=\"max-width: 600px; margin: 0 auto;\" class=\"ml-slider-3-23-0 metaslider metaslider-flex metaslider-1455 ml-slider\">\n    <div id=\"metaslider_container_1455\">\n        <div id=\"metaslider_1455\">\n            <ul aria-live=\"polite\" class=\"slides\">\n                <li style=\"display: block; width: 100%;\" class=\"slide-1470 ms-image\"><img width=\"600\" height=\"450\" src=\"http:\/\/www.oagvm.sk\/wphirfolyam\/wp-content\/uploads\/2019\/12\/bp-karacsony-01.jpg\" class=\"slider-1455 slide-1470\" alt=\"\" loading=\"lazy\" rel=\"\" title=\"bp-karacsony-01\" srcset=\"http:\/\/www.oagvm.sk\/wphirfolyam\/wp-content\/uploads\/2019\/12\/bp-karacsony-01.jpg 600w, http:\/\/www.oagvm.sk\/wphirfolyam\/wp-content\/uploads\/2019\/12\/bp-karacsony-01-300x225.jpg 300w\" sizes=\"(max-width: 600px) 100vw, 600px\" \/><\/li>\n                <li style=\"display: none; width: 100%;\" class=\"slide-1471 ms-image\"><img width=\"450\" height=\"600\" src=\"http:\/\/www.oagvm.sk\/wphirfolyam\/wp-content\/uploads\/2019\/12\/bp-karacsony-02.jpg\" class=\"slider-1455 slide-1471\" alt=\"\" loading=\"lazy\" rel=\"\" title=\"bp-karacsony-02\" srcset=\"http:\/\/www.oagvm.sk\/wphirfolyam\/wp-content\/uploads\/2019\/12\/bp-karacsony-02.jpg 450w, http:\/\/www.oagvm.sk\/wphirfolyam\/wp-content\/uploads\/2019\/12\/bp-karacsony-02-225x300.jpg 225w\" sizes=\"(max-width: 450px) 100vw, 450px\" \/><\/li>\n                <li style=\"display: none; width: 100%;\" class=\"slide-1472 ms-image\"><img width=\"600\" height=\"450\" src=\"http:\/\/www.oagvm.sk\/wphirfolyam\/wp-content\/uploads\/2019\/12\/bp-karacsony-03.jpg\" class=\"slider-1455 slide-1472\" alt=\"\" loading=\"lazy\" rel=\"\" title=\"bp-karacsony-03\" srcset=\"http:\/\/www.oagvm.sk\/wphirfolyam\/wp-content\/uploads\/2019\/12\/bp-karacsony-03.jpg 600w, http:\/\/www.oagvm.sk\/wphirfolyam\/wp-content\/uploads\/2019\/12\/bp-karacsony-03-300x225.jpg 300w\" sizes=\"(max-width: 600px) 100vw, 600px\" \/><\/li>\n                <li style=\"display: none; width: 100%;\" class=\"slide-1473 ms-image\"><img width=\"600\" height=\"450\" src=\"http:\/\/www.oagvm.sk\/wphirfolyam\/wp-content\/uploads\/2019\/12\/bp-karacsony-04.jpg\" class=\"slider-1455 slide-1473\" alt=\"\" loading=\"lazy\" rel=\"\" title=\"bp-karacsony-04\" srcset=\"http:\/\/www.oagvm.sk\/wphirfolyam\/wp-content\/uploads\/2019\/12\/bp-karacsony-04.jpg 600w, http:\/\/www.oagvm.sk\/wphirfolyam\/wp-content\/uploads\/2019\/12\/bp-karacsony-04-300x225.jpg 300w\" sizes=\"(max-width: 600px) 100vw, 600px\" \/><\/li>\n                <li style=\"display: none; width: 100%;\" class=\"slide-1474 ms-image\"><img width=\"600\" height=\"450\" src=\"http:\/\/www.oagvm.sk\/wphirfolyam\/wp-content\/uploads\/2019\/12\/bp-karacsony-05.jpg\" class=\"slider-1455 slide-1474\" alt=\"\" loading=\"lazy\" rel=\"\" title=\"bp-karacsony-05\" srcset=\"http:\/\/www.oagvm.sk\/wphirfolyam\/wp-content\/uploads\/2019\/12\/bp-karacsony-05.jpg 600w, http:\/\/www.oagvm.sk\/wphirfolyam\/wp-content\/uploads\/2019\/12\/bp-karacsony-05-300x225.jpg 300w\" sizes=\"(max-width: 600px) 100vw, 600px\" \/><\/li>\n                <li style=\"display: none; width: 100%;\" class=\"slide-1475 ms-image\"><img width=\"600\" height=\"450\" src=\"http:\/\/www.oagvm.sk\/wphirfolyam\/wp-content\/uploads\/2019\/12\/bp-karacsony-06.jpg\" class=\"slider-1455 slide-1475\" alt=\"\" loading=\"lazy\" rel=\"\" title=\"bp-karacsony-06\" srcset=\"http:\/\/www.oagvm.sk\/wphirfolyam\/wp-content\/uploads\/2019\/12\/bp-karacsony-06.jpg 600w, http:\/\/www.oagvm.sk\/wphirfolyam\/wp-content\/uploads\/2019\/12\/bp-karacsony-06-300x225.jpg 300w\" sizes=\"(max-width: 600px) 100vw, 600px\" \/><\/li>\n                <li style=\"display: none; width: 100%;\" class=\"slide-1476 ms-image\"><img width=\"600\" height=\"450\" src=\"http:\/\/www.oagvm.sk\/wphirfolyam\/wp-content\/uploads\/2019\/12\/bp-karacsony-07.jpg\" class=\"slider-1455 slide-1476\" alt=\"\" loading=\"lazy\" rel=\"\" title=\"bp-karacsony-07\" srcset=\"http:\/\/www.oagvm.sk\/wphirfolyam\/wp-content\/uploads\/2019\/12\/bp-karacsony-07.jpg 600w, http:\/\/www.oagvm.sk\/wphirfolyam\/wp-content\/uploads\/2019\/12\/bp-karacsony-07-300x225.jpg 300w\" sizes=\"(max-width: 600px) 100vw, 600px\" \/><\/li>\n                <li style=\"display: none; width: 100%;\" class=\"slide-1477 ms-image\"><img width=\"600\" height=\"450\" src=\"http:\/\/www.oagvm.sk\/wphirfolyam\/wp-content\/uploads\/2019\/12\/bp-karacsony-08.jpg\" class=\"slider-1455 slide-1477\" alt=\"\" loading=\"lazy\" rel=\"\" title=\"bp-karacsony-08\" srcset=\"http:\/\/www.oagvm.sk\/wphirfolyam\/wp-content\/uploads\/2019\/12\/bp-karacsony-08.jpg 600w, http:\/\/www.oagvm.sk\/wphirfolyam\/wp-content\/uploads\/2019\/12\/bp-karacsony-08-300x225.jpg 300w\" sizes=\"(max-width: 600px) 100vw, 600px\" \/><\/li>\n                <li style=\"display: none; width: 100%;\" class=\"slide-1478 ms-image\"><img width=\"450\" height=\"600\" src=\"http:\/\/www.oagvm.sk\/wphirfolyam\/wp-content\/uploads\/2019\/12\/bp-karacsony-09.jpg\" class=\"slider-1455 slide-1478\" alt=\"\" loading=\"lazy\" rel=\"\" title=\"bp-karacsony-09\" srcset=\"http:\/\/www.oagvm.sk\/wphirfolyam\/wp-content\/uploads\/2019\/12\/bp-karacsony-09.jpg 450w, http:\/\/www.oagvm.sk\/wphirfolyam\/wp-content\/uploads\/2019\/12\/bp-karacsony-09-225x300.jpg 225w\" sizes=\"(max-width: 450px) 100vw, 450px\" \/><\/li>\n                <li style=\"display: none; width: 100%;\" class=\"slide-1479 ms-image\"><img width=\"600\" height=\"450\" src=\"http:\/\/www.oagvm.sk\/wphirfolyam\/wp-content\/uploads\/2019\/12\/bp-karacsony-10.jpg\" class=\"slider-1455 slide-1479\" alt=\"\" loading=\"lazy\" rel=\"\" title=\"bp-karacsony-10\" srcset=\"http:\/\/www.oagvm.sk\/wphirfolyam\/wp-content\/uploads\/2019\/12\/bp-karacsony-10.jpg 600w, http:\/\/www.oagvm.sk\/wphirfolyam\/wp-content\/uploads\/2019\/12\/bp-karacsony-10-300x225.jpg 300w\" sizes=\"(max-width: 600px) 100vw, 600px\" \/><\/li>\n                <li style=\"display: none; width: 100%;\" class=\"slide-1480 ms-image\"><img width=\"600\" height=\"450\" src=\"http:\/\/www.oagvm.sk\/wphirfolyam\/wp-content\/uploads\/2019\/12\/bp-karacsony-11.jpg\" class=\"slider-1455 slide-1480\" alt=\"\" loading=\"lazy\" rel=\"\" title=\"bp-karacsony-11\" srcset=\"http:\/\/www.oagvm.sk\/wphirfolyam\/wp-content\/uploads\/2019\/12\/bp-karacsony-11.jpg 600w, http:\/\/www.oagvm.sk\/wphirfolyam\/wp-content\/uploads\/2019\/12\/bp-karacsony-11-300x225.jpg 300w\" sizes=\"(max-width: 600px) 100vw, 600px\" \/><\/li>\n                <li style=\"display: none; width: 100%;\" class=\"slide-1481 ms-image\"><img width=\"600\" height=\"450\" src=\"http:\/\/www.oagvm.sk\/wphirfolyam\/wp-content\/uploads\/2019\/12\/bp-karacsony-12.jpg\" class=\"slider-1455 slide-1481\" alt=\"\" loading=\"lazy\" rel=\"\" title=\"bp-karacsony-12\" srcset=\"http:\/\/www.oagvm.sk\/wphirfolyam\/wp-content\/uploads\/2019\/12\/bp-karacsony-12.jpg 600w, http:\/\/www.oagvm.sk\/wphirfolyam\/wp-content\/uploads\/2019\/12\/bp-karacsony-12-300x225.jpg 300w\" sizes=\"(max-width: 600px) 100vw, 600px\" \/><\/li>\n                <li style=\"display: none; width: 100%;\" class=\"slide-1482 ms-image\"><img width=\"600\" height=\"450\" src=\"http:\/\/www.oagvm.sk\/wphirfolyam\/wp-content\/uploads\/2019\/12\/bp-karacsony-13.jpg\" class=\"slider-1455 slide-1482\" alt=\"\" loading=\"lazy\" rel=\"\" title=\"bp-karacsony-13\" srcset=\"http:\/\/www.oagvm.sk\/wphirfolyam\/wp-content\/uploads\/2019\/12\/bp-karacsony-13.jpg 600w, http:\/\/www.oagvm.sk\/wphirfolyam\/wp-content\/uploads\/2019\/12\/bp-karacsony-13-300x225.jpg 300w\" sizes=\"(max-width: 600px) 100vw, 600px\" \/><\/li>\n                <li style=\"display: none; width: 100%;\" class=\"slide-1483 ms-image\"><img width=\"600\" height=\"450\" src=\"http:\/\/www.oagvm.sk\/wphirfolyam\/wp-content\/uploads\/2019\/12\/bp-karacsony-14.jpg\" class=\"slider-1455 slide-1483\" alt=\"\" loading=\"lazy\" rel=\"\" title=\"bp-karacsony-14\" srcset=\"http:\/\/www.oagvm.sk\/wphirfolyam\/wp-content\/uploads\/2019\/12\/bp-karacsony-14.jpg 600w, http:\/\/www.oagvm.sk\/wphirfolyam\/wp-content\/uploads\/2019\/12\/bp-karacsony-14-300x225.jpg 300w\" sizes=\"(max-width: 600px) 100vw, 600px\" \/><\/li>\n            <\/ul>\n        <\/div>\n        \n    <\/div>\n<\/div>\n","protected":false},"excerpt":{"rendered":"<p>Kar\u00e1csonyv\u00e1r\u00f3 hangulatban Budapesten\u2026 \u00a0\u00a0 Az advent utols\u00f3 het\u00e9ben a tan\u00e1rok sz\u00e1m\u00e1ra is k\u00e9sz\u00fclt egy kis meglepet\u00e9s. Az iskolavezet\u00e9s j\u00f3volt\u00e1b\u00f3l id\u00e9n \u00fajfent a\u00a0budapesti kar\u00e1csonyi v\u00e1s\u00e1r forgatag\u00e1ban b\u00facs\u00faztathattuk az \u00e9vet, majd k\u00f6z\u00f6s \u00fcnnepi vacsor\u00e1n vett\u00fcnk r\u00e9szt, este pedig az\u00a0Operettsz\u00ednh\u00e1zban a Cs\u00e1rd\u00e1skir\u00e1lyn\u0151 c\u00edm\u0171 el\u0151ad\u00e1sban gy\u00f6ny\u00f6rk\u00f6dhett\u00fcnk. \u00a0\u00a0 Vo Viano\u010dnom o\u010dak\u00e1van\u00ed v Budape\u0161ti\u2026\u00a0 Na\u0161i pedag\u00f3govia aj tento rok mali mo\u017enos\u0165 &#8230; <a title=\"Kar\u00e1csonyv\u00e1r\u00f3 hangulatban Budapesten\u2026 &#8211; Vo Viano\u010dnom o\u010dak\u00e1van\u00ed v Budape\u0161ti\u2026\" class=\"read-more\" href=\"http:\/\/www.oagvm.sk\/wphirfolyam\/?p=1484\">Olvass tov\u00e1bb<span class=\"screen-reader-text\">Kar\u00e1csonyv\u00e1r\u00f3 hangulatban Budapesten\u2026 &#8211; Vo Viano\u010dnom o\u010dak\u00e1van\u00ed v Budape\u0161ti\u2026<\/span><\/a><\/p>\n","protected":false},"author":1,"featured_media":0,"comment_status":"open","ping_status":"open","sticky":false,"template":"","format":"standard","meta":[],"categories":[50],"tags":[],"_links":{"self":[{"href":"http:\/\/www.oagvm.sk\/wphirfolyam\/index.php?rest_route=\/wp\/v2\/posts\/1484"}],"collection":[{"href":"http:\/\/www.oagvm.sk\/wphirfolyam\/index.php?rest_route=\/wp\/v2\/posts"}],"about":[{"href":"http:\/\/www.oagvm.sk\/wphirfolyam\/index.php?rest_route=\/wp\/v2\/types\/post"}],"author":[{"embeddable":true,"href":"http:\/\/www.oagvm.sk\/wphirfolyam\/index.php?rest_route=\/wp\/v2\/users\/1"}],"replies":[{"embeddable":true,"href":"http:\/\/www.oagvm.sk\/wphirfolyam\/index.php?rest_route=%2Fwp%2Fv2%2Fcomments&post=1484"}],"version-history":[{"count":2,"href":"http:\/\/www.oagvm.sk\/wphirfolyam\/index.php?rest_route=\/wp\/v2\/posts\/1484\/revisions"}],"predecessor-version":[{"id":1486,"href":"http:\/\/www.oagvm.sk\/wphirfolyam\/index.php?rest_route=\/wp\/v2\/posts\/1484\/revisions\/1486"}],"wp:attachment":[{"href":"http:\/\/www.oagvm.sk\/wphirfolyam\/index.php?rest_route=%2Fwp%2Fv2%2Fmedia&parent=1484"}],"wp:term":[{"taxonomy":"category","embeddable":true,"href":"http:\/\/www.oagvm.sk\/wphirfolyam\/index.php?rest_route=%2Fwp%2Fv2%2Fcategories&post=1484"},{"taxonomy":"post_tag","embeddable":true,"href":"http:\/\/www.oagvm.sk\/wphirfolyam\/index.php?rest_route=%2Fwp%2Fv2%2Ftags&post=1484"}],"curies":[{"name":"wp","href":"https:\/\/api.w.org\/{rel}","templated":true}]}}