{"id":1517,"date":"2019-12-13T14:29:08","date_gmt":"2019-12-13T13:29:08","guid":{"rendered":"http:\/\/87.197.53.202\/wphirfolyam\/?p=1517"},"modified":"2019-12-18T08:31:42","modified_gmt":"2019-12-18T07:31:42","slug":"%ef%bb%bfnemzetkozi-taniroda-kiallitas-gyorben-vystava-cvicnych-firiem-v-gyori","status":"publish","type":"post","link":"http:\/\/www.oagvm.sk\/wphirfolyam\/?p=1517","title":{"rendered":"\ufeffNemzetk\u00f6zi taniroda-ki\u00e1ll\u00edt\u00e1s Gy\u0151rben &#8211; V\u00fdstava cvi\u010dn\u00fdch firiem v Gy\u0151ri"},"content":{"rendered":"<div style=\"text-align: justify;\"><span style=\"font-size: medium;\"><span style=\"font-size: large; color: #ff6600;\"><strong>Nemzetk\u00f6zi taniroda-ki\u00e1ll\u00edt\u00e1s<\/strong>\u00a0<strong>Gy\u0151rben<\/strong> <\/span>\u00a0\u00a0<\/span><\/div>\n<div style=\"text-align: justify;\"><span style=\"font-size: medium;\">\u00a0<\/span><\/div>\n<div style=\"text-align: justify;\"><span style=\"font-size: medium;\">2019. december 11-\u00e9n Gy\u0151r adott otthont a\u00a0Tanirod\u00e1k Nemzetk\u00f6zi Verseny\u00e9nek. A\u00a0Nagymegyeri Kereskedelmi Akad\u00e9mi\u00e1t a tanirod\u00e1k h\u00e1ziverseny\u00e9nek gy\u0151ztes csapata, az <strong>I-HOME<\/strong> Kft. k\u00e9pviselte. A\u00a0versenyen \u00f6sszesen 20 di\u00e1kc\u00e9g mutatkozott be, k\u00f6zt\u00fck magyarorsz\u00e1gi, rom\u00e1niai, osztr\u00e1k \u00e9s szlov\u00e1kiai fikt\u00edv v\u00e1llalkoz\u00e1sok. A di\u00e1kc\u00e9gek sz\u00e9les k\u00edn\u00e1lata, a standok sz\u00ednvonalas kialak\u00edt\u00e1sa a r\u00e9sztvev\u0151\u00a0di\u00e1kok kreativit\u00e1s\u00e1r\u00f3l \u00e9s szakmai r\u00e1termetts\u00e9g\u00e9r\u0151l \u00e1rulkodott. A\u00a0h\u00e1romtag\u00fa szakmai zs\u0171rinek rendk\u00edv\u00fcl neh\u00e9z feladata volt, hiszen minden ki\u00e1ll\u00edt\u00f3 remek munk\u00e1t v\u00e9gzett. Az els\u0151 h\u00e1rom helyez\u00e9s mellett t\u00f6bb k\u00fcl\u00f6nd\u00edj is gazd\u00e1ra tal\u00e1lt. Nagy \u00f6r\u00f6m\u00fcnkre szolg\u00e1l, hogy az I-HOME c\u00e9g k\u00e9pvisel\u0151je, <strong>Barta Vikt\u00f3ria<\/strong> elnyerte \u201eLegjobb k\u00fclf\u00f6ldi elad\u00f3\u201d d\u00edjat.\u00a0 \u00a0\u00a0<\/span><\/div>\n<div style=\"text-align: justify;\"><span style=\"font-size: medium;\">\u00a0<\/span><\/div>\n<div style=\"text-align: right;\"><span style=\"font-size: medium;\"><em>Kiss Ingrid<\/em> tan\u00e1rn\u0151<\/span><\/div>\n<div style=\"text-align: justify;\"><span style=\"font-size: medium;\"><strong>\u00a0<\/strong><\/span><\/div>\n<div style=\"text-align: justify;\"><span style=\"font-size: medium;\"><span style=\"font-size: large; color: #ff6600;\"><strong>V\u00fdstava cvi\u010dn\u00fdch firiem v\u00a0Gy\u0151ri<\/strong><\/span>\u00a0 \u00a0\u00a0<\/span><\/div>\n<div style=\"text-align: justify;\"><span style=\"font-size: medium;\">\u00a0<\/span><\/div>\n<div style=\"text-align: justify;\"><span style=\"font-size: medium;\">11. decembra 2019 sa konala medzin\u00e1rodn\u00e1 s\u00fa\u0165a\u017e cvi\u010dn\u00fdch firiem v Gy\u0151ri.\u00a0Na\u0161u \u0161kolu reprezentovala firma <strong>I-HOME<\/strong>, s. r. o., ktor\u00e1 na vlastnej \u0161kolskej s\u00fa\u0165a\u017ei z\u00edskala prv\u00e9 miesto.\u00a0Na s\u00fa\u0165a\u017ei sa z\u00fa\u010dastnili cvi\u010dn\u00e9 firmy z Ma\u010farska, Slovenska, Rak\u00faska a z Rumunska.\u00a0Ka\u017ed\u00e1 firma musela presved\u010di\u0165 troch nez\u00e1visl\u00fdch porotcov o tom, \u017ee pr\u00e1ve ich firma m\u00e1 bud\u00facnos\u0165 na trhu. Kreativita \u0161tudentov sa prejavila aj v tvorbe st\u00e1nkov.\u00a0\u00a0Na na\u0161u najv\u00e4\u010d\u0161iu rados\u0165 <strong>Vikt\u00f3ria Barta<\/strong> z firmy I-HOME z\u00edskala cenu \u201eNajlep\u0161ia reprezentantka zo zahrani\u010dia\u201c. \u00a0 \u00a0\u00a0<\/span><\/div>\n<div style=\"text-align: justify;\"><span style=\"font-size: medium;\">\u00a0<\/span><\/div>\n<div style=\"text-align: right;\"><span style=\"font-size: medium;\"><em>Ingrid Kiss<\/em> u\u010dite\u013eka<\/span><\/div>\n<p><P><\/P><br \/>\n<div id=\"metaslider-id-1506\" style=\"max-width: 600px; margin: 0 auto;\" class=\"ml-slider-3-23-0 metaslider metaslider-flex metaslider-1506 ml-slider\">\n    <div id=\"metaslider_container_1506\">\n        <div id=\"metaslider_1506\">\n            <ul aria-live=\"polite\" class=\"slides\">\n                <li style=\"display: block; width: 100%;\" class=\"slide-1512 ms-image\"><img width=\"600\" height=\"450\" src=\"http:\/\/www.oagvm.sk\/wphirfolyam\/wp-content\/uploads\/2019\/12\/tanirodargyor-01.jpg\" class=\"slider-1506 slide-1512\" alt=\"\" loading=\"lazy\" rel=\"\" title=\"tanirodargyor-01\" srcset=\"http:\/\/www.oagvm.sk\/wphirfolyam\/wp-content\/uploads\/2019\/12\/tanirodargyor-01.jpg 600w, http:\/\/www.oagvm.sk\/wphirfolyam\/wp-content\/uploads\/2019\/12\/tanirodargyor-01-300x225.jpg 300w\" sizes=\"(max-width: 600px) 100vw, 600px\" \/><\/li>\n                <li style=\"display: none; width: 100%;\" class=\"slide-1513 ms-image\"><img width=\"600\" height=\"450\" src=\"http:\/\/www.oagvm.sk\/wphirfolyam\/wp-content\/uploads\/2019\/12\/tanirodargyor-02.jpg\" class=\"slider-1506 slide-1513\" alt=\"\" loading=\"lazy\" rel=\"\" title=\"tanirodargyor-02\" srcset=\"http:\/\/www.oagvm.sk\/wphirfolyam\/wp-content\/uploads\/2019\/12\/tanirodargyor-02.jpg 600w, http:\/\/www.oagvm.sk\/wphirfolyam\/wp-content\/uploads\/2019\/12\/tanirodargyor-02-300x225.jpg 300w\" sizes=\"(max-width: 600px) 100vw, 600px\" \/><\/li>\n                <li style=\"display: none; width: 100%;\" class=\"slide-1514 ms-image\"><img width=\"600\" height=\"450\" src=\"http:\/\/www.oagvm.sk\/wphirfolyam\/wp-content\/uploads\/2019\/12\/tanirodargyor-03.jpg\" class=\"slider-1506 slide-1514\" alt=\"\" loading=\"lazy\" rel=\"\" title=\"tanirodargyor-03\" srcset=\"http:\/\/www.oagvm.sk\/wphirfolyam\/wp-content\/uploads\/2019\/12\/tanirodargyor-03.jpg 600w, http:\/\/www.oagvm.sk\/wphirfolyam\/wp-content\/uploads\/2019\/12\/tanirodargyor-03-300x225.jpg 300w\" sizes=\"(max-width: 600px) 100vw, 600px\" \/><\/li>\n                <li style=\"display: none; width: 100%;\" class=\"slide-1515 ms-image\"><img width=\"600\" height=\"450\" src=\"http:\/\/www.oagvm.sk\/wphirfolyam\/wp-content\/uploads\/2019\/12\/tanirodargyor-04.jpg\" class=\"slider-1506 slide-1515\" alt=\"\" loading=\"lazy\" rel=\"\" title=\"tanirodargyor-04\" srcset=\"http:\/\/www.oagvm.sk\/wphirfolyam\/wp-content\/uploads\/2019\/12\/tanirodargyor-04.jpg 600w, http:\/\/www.oagvm.sk\/wphirfolyam\/wp-content\/uploads\/2019\/12\/tanirodargyor-04-300x225.jpg 300w\" sizes=\"(max-width: 600px) 100vw, 600px\" \/><\/li>\n                <li style=\"display: none; width: 100%;\" class=\"slide-1516 ms-image\"><img width=\"450\" height=\"600\" src=\"http:\/\/www.oagvm.sk\/wphirfolyam\/wp-content\/uploads\/2019\/12\/tanirodargyor-05.jpg\" class=\"slider-1506 slide-1516\" alt=\"\" loading=\"lazy\" rel=\"\" title=\"tanirodargyor-05\" srcset=\"http:\/\/www.oagvm.sk\/wphirfolyam\/wp-content\/uploads\/2019\/12\/tanirodargyor-05.jpg 450w, http:\/\/www.oagvm.sk\/wphirfolyam\/wp-content\/uploads\/2019\/12\/tanirodargyor-05-225x300.jpg 225w\" sizes=\"(max-width: 450px) 100vw, 450px\" \/><\/li>\n            <\/ul>\n        <\/div>\n        \n    <\/div>\n<\/div><\/p>\n","protected":false},"excerpt":{"rendered":"<p>Nemzetk\u00f6zi taniroda-ki\u00e1ll\u00edt\u00e1s\u00a0Gy\u0151rben \u00a0\u00a0 \u00a0 2019. december 11-\u00e9n Gy\u0151r adott otthont a\u00a0Tanirod\u00e1k Nemzetk\u00f6zi Verseny\u00e9nek. A\u00a0Nagymegyeri Kereskedelmi Akad\u00e9mi\u00e1t a tanirod\u00e1k h\u00e1ziverseny\u00e9nek gy\u0151ztes csapata, az I-HOME Kft. k\u00e9pviselte. A\u00a0versenyen \u00f6sszesen 20 di\u00e1kc\u00e9g mutatkozott be, k\u00f6zt\u00fck magyarorsz\u00e1gi, rom\u00e1niai, osztr\u00e1k \u00e9s szlov\u00e1kiai fikt\u00edv v\u00e1llalkoz\u00e1sok. A di\u00e1kc\u00e9gek sz\u00e9les k\u00edn\u00e1lata, a standok sz\u00ednvonalas kialak\u00edt\u00e1sa a r\u00e9sztvev\u0151\u00a0di\u00e1kok kreativit\u00e1s\u00e1r\u00f3l \u00e9s szakmai r\u00e1termetts\u00e9g\u00e9r\u0151l \u00e1rulkodott. A\u00a0h\u00e1romtag\u00fa &#8230; <a title=\"\ufeffNemzetk\u00f6zi taniroda-ki\u00e1ll\u00edt\u00e1s Gy\u0151rben &#8211; V\u00fdstava cvi\u010dn\u00fdch firiem v Gy\u0151ri\" class=\"read-more\" href=\"http:\/\/www.oagvm.sk\/wphirfolyam\/?p=1517\">Olvass tov\u00e1bb<span class=\"screen-reader-text\">\ufeffNemzetk\u00f6zi taniroda-ki\u00e1ll\u00edt\u00e1s Gy\u0151rben &#8211; V\u00fdstava cvi\u010dn\u00fdch firiem v Gy\u0151ri<\/span><\/a><\/p>\n","protected":false},"author":1,"featured_media":0,"comment_status":"open","ping_status":"open","sticky":false,"template":"","format":"standard","meta":[],"categories":[50],"tags":[],"_links":{"self":[{"href":"http:\/\/www.oagvm.sk\/wphirfolyam\/index.php?rest_route=\/wp\/v2\/posts\/1517"}],"collection":[{"href":"http:\/\/www.oagvm.sk\/wphirfolyam\/index.php?rest_route=\/wp\/v2\/posts"}],"about":[{"href":"http:\/\/www.oagvm.sk\/wphirfolyam\/index.php?rest_route=\/wp\/v2\/types\/post"}],"author":[{"embeddable":true,"href":"http:\/\/www.oagvm.sk\/wphirfolyam\/index.php?rest_route=\/wp\/v2\/users\/1"}],"replies":[{"embeddable":true,"href":"http:\/\/www.oagvm.sk\/wphirfolyam\/index.php?rest_route=%2Fwp%2Fv2%2Fcomments&post=1517"}],"version-history":[{"count":3,"href":"http:\/\/www.oagvm.sk\/wphirfolyam\/index.php?rest_route=\/wp\/v2\/posts\/1517\/revisions"}],"predecessor-version":[{"id":1520,"href":"http:\/\/www.oagvm.sk\/wphirfolyam\/index.php?rest_route=\/wp\/v2\/posts\/1517\/revisions\/1520"}],"wp:attachment":[{"href":"http:\/\/www.oagvm.sk\/wphirfolyam\/index.php?rest_route=%2Fwp%2Fv2%2Fmedia&parent=1517"}],"wp:term":[{"taxonomy":"category","embeddable":true,"href":"http:\/\/www.oagvm.sk\/wphirfolyam\/index.php?rest_route=%2Fwp%2Fv2%2Fcategories&post=1517"},{"taxonomy":"post_tag","embeddable":true,"href":"http:\/\/www.oagvm.sk\/wphirfolyam\/index.php?rest_route=%2Fwp%2Fv2%2Ftags&post=1517"}],"curies":[{"name":"wp","href":"https:\/\/api.w.org\/{rel}","templated":true}]}}