{"id":1545,"date":"2019-12-18T08:37:29","date_gmt":"2019-12-18T07:37:29","guid":{"rendered":"http:\/\/87.197.53.202\/wphirfolyam\/?p=1545"},"modified":"2019-12-18T09:21:40","modified_gmt":"2019-12-18T08:21:40","slug":"karacsonyvaro-kellemes-hangulatban-telt-a-delutan-a-nem-pedagogus-munkatarsakkal-is-prijemna-predvianocna-atmosfera-s-nepedagogickymi-zamestnancami","status":"publish","type":"post","link":"http:\/\/www.oagvm.sk\/wphirfolyam\/?p=1545","title":{"rendered":"Kar\u00e1csonyv\u00e1r\u00f3 kellemes hangulatban telt a d\u00e9lut\u00e1n a nem pedag\u00f3gus munkat\u00e1rsakkal is&#8230; &#8211; Pr\u00edjemn\u00e1 predviano\u010dn\u00e1 atmosf\u00e9ra s nepedagogick\u00fdmi zamestnancami&#8230;"},"content":{"rendered":"<div><span style=\"font-size: large; color: #008000;\"><strong>Kar\u00e1csonyv\u00e1r\u00f3 kellemes hangulatban telt a\u00a0d\u00e9lut\u00e1n a\u00a0nem pedag\u00f3gus munkat\u00e1rsakkal is&#8230; <\/span><\/div>\n<div><span style=\"font-size: large; color: #008000;\"><strong>Pr\u00edjemn\u00e1 predviano\u010dn\u00e1 atmosf\u00e9ra s\u00a0nepedagogick\u00fdmi zamestnancami&#8230;<\/span><\/div>\n<p><P><\/P><br \/>\n<div id=\"metaslider-id-1521\" style=\"max-width: 600px; margin: 0 auto;\" class=\"ml-slider-3-23-0 metaslider metaslider-flex metaslider-1521 ml-slider\">\n    <div id=\"metaslider_container_1521\">\n        <div id=\"metaslider_1521\">\n            <ul aria-live=\"polite\" class=\"slides\">\n                <li style=\"display: block; width: 100%;\" class=\"slide-1533 ms-image\"><img width=\"600\" height=\"450\" src=\"http:\/\/www.oagvm.sk\/wphirfolyam\/wp-content\/uploads\/2019\/12\/alkalm_karacsonya-01.jpg\" class=\"slider-1521 slide-1533\" alt=\"\" loading=\"lazy\" rel=\"\" title=\"alkalm_karacsonya-01\" srcset=\"http:\/\/www.oagvm.sk\/wphirfolyam\/wp-content\/uploads\/2019\/12\/alkalm_karacsonya-01.jpg 600w, http:\/\/www.oagvm.sk\/wphirfolyam\/wp-content\/uploads\/2019\/12\/alkalm_karacsonya-01-300x225.jpg 300w\" sizes=\"(max-width: 600px) 100vw, 600px\" \/><\/li>\n                <li style=\"display: none; width: 100%;\" class=\"slide-1534 ms-image\"><img width=\"600\" height=\"450\" src=\"http:\/\/www.oagvm.sk\/wphirfolyam\/wp-content\/uploads\/2019\/12\/alkalm_karacsonya-02.jpg\" class=\"slider-1521 slide-1534\" alt=\"\" loading=\"lazy\" rel=\"\" title=\"alkalm_karacsonya-02\" srcset=\"http:\/\/www.oagvm.sk\/wphirfolyam\/wp-content\/uploads\/2019\/12\/alkalm_karacsonya-02.jpg 600w, http:\/\/www.oagvm.sk\/wphirfolyam\/wp-content\/uploads\/2019\/12\/alkalm_karacsonya-02-300x225.jpg 300w\" sizes=\"(max-width: 600px) 100vw, 600px\" \/><\/li>\n                <li style=\"display: none; width: 100%;\" class=\"slide-1535 ms-image\"><img width=\"600\" height=\"450\" src=\"http:\/\/www.oagvm.sk\/wphirfolyam\/wp-content\/uploads\/2019\/12\/alkalm_karacsonya-03.jpg\" class=\"slider-1521 slide-1535\" alt=\"\" loading=\"lazy\" rel=\"\" title=\"alkalm_karacsonya-03\" srcset=\"http:\/\/www.oagvm.sk\/wphirfolyam\/wp-content\/uploads\/2019\/12\/alkalm_karacsonya-03.jpg 600w, http:\/\/www.oagvm.sk\/wphirfolyam\/wp-content\/uploads\/2019\/12\/alkalm_karacsonya-03-300x225.jpg 300w\" sizes=\"(max-width: 600px) 100vw, 600px\" \/><\/li>\n                <li style=\"display: none; width: 100%;\" class=\"slide-1536 ms-image\"><img width=\"600\" height=\"450\" src=\"http:\/\/www.oagvm.sk\/wphirfolyam\/wp-content\/uploads\/2019\/12\/alkalm_karacsonya-04.jpg\" class=\"slider-1521 slide-1536\" alt=\"\" loading=\"lazy\" rel=\"\" title=\"alkalm_karacsonya-04\" srcset=\"http:\/\/www.oagvm.sk\/wphirfolyam\/wp-content\/uploads\/2019\/12\/alkalm_karacsonya-04.jpg 600w, http:\/\/www.oagvm.sk\/wphirfolyam\/wp-content\/uploads\/2019\/12\/alkalm_karacsonya-04-300x225.jpg 300w\" sizes=\"(max-width: 600px) 100vw, 600px\" \/><\/li>\n                <li style=\"display: none; width: 100%;\" class=\"slide-1537 ms-image\"><img width=\"600\" height=\"450\" src=\"http:\/\/www.oagvm.sk\/wphirfolyam\/wp-content\/uploads\/2019\/12\/alkalm_karacsonya-05.jpg\" class=\"slider-1521 slide-1537\" alt=\"\" loading=\"lazy\" rel=\"\" title=\"alkalm_karacsonya-05\" srcset=\"http:\/\/www.oagvm.sk\/wphirfolyam\/wp-content\/uploads\/2019\/12\/alkalm_karacsonya-05.jpg 600w, http:\/\/www.oagvm.sk\/wphirfolyam\/wp-content\/uploads\/2019\/12\/alkalm_karacsonya-05-300x225.jpg 300w\" sizes=\"(max-width: 600px) 100vw, 600px\" \/><\/li>\n                <li style=\"display: none; width: 100%;\" class=\"slide-1538 ms-image\"><img width=\"600\" height=\"450\" src=\"http:\/\/www.oagvm.sk\/wphirfolyam\/wp-content\/uploads\/2019\/12\/alkalm_karacsonya-06.jpg\" class=\"slider-1521 slide-1538\" alt=\"\" loading=\"lazy\" rel=\"\" title=\"alkalm_karacsonya-06\" srcset=\"http:\/\/www.oagvm.sk\/wphirfolyam\/wp-content\/uploads\/2019\/12\/alkalm_karacsonya-06.jpg 600w, http:\/\/www.oagvm.sk\/wphirfolyam\/wp-content\/uploads\/2019\/12\/alkalm_karacsonya-06-300x225.jpg 300w\" sizes=\"(max-width: 600px) 100vw, 600px\" \/><\/li>\n                <li style=\"display: none; width: 100%;\" class=\"slide-1539 ms-image\"><img width=\"600\" height=\"450\" src=\"http:\/\/www.oagvm.sk\/wphirfolyam\/wp-content\/uploads\/2019\/12\/alkalm_karacsonya-07.jpg\" class=\"slider-1521 slide-1539\" alt=\"\" loading=\"lazy\" rel=\"\" title=\"alkalm_karacsonya-07\" srcset=\"http:\/\/www.oagvm.sk\/wphirfolyam\/wp-content\/uploads\/2019\/12\/alkalm_karacsonya-07.jpg 600w, http:\/\/www.oagvm.sk\/wphirfolyam\/wp-content\/uploads\/2019\/12\/alkalm_karacsonya-07-300x225.jpg 300w\" sizes=\"(max-width: 600px) 100vw, 600px\" \/><\/li>\n                <li style=\"display: none; width: 100%;\" class=\"slide-1540 ms-image\"><img width=\"450\" height=\"600\" src=\"http:\/\/www.oagvm.sk\/wphirfolyam\/wp-content\/uploads\/2019\/12\/alkalm_karacsonya-08.jpg\" class=\"slider-1521 slide-1540\" alt=\"\" loading=\"lazy\" rel=\"\" title=\"alkalm_karacsonya-08\" srcset=\"http:\/\/www.oagvm.sk\/wphirfolyam\/wp-content\/uploads\/2019\/12\/alkalm_karacsonya-08.jpg 450w, http:\/\/www.oagvm.sk\/wphirfolyam\/wp-content\/uploads\/2019\/12\/alkalm_karacsonya-08-225x300.jpg 225w\" sizes=\"(max-width: 450px) 100vw, 450px\" \/><\/li>\n                <li style=\"display: none; width: 100%;\" class=\"slide-1541 ms-image\"><img width=\"600\" height=\"450\" src=\"http:\/\/www.oagvm.sk\/wphirfolyam\/wp-content\/uploads\/2019\/12\/alkalm_karacsonya-09.jpg\" class=\"slider-1521 slide-1541\" alt=\"\" loading=\"lazy\" rel=\"\" title=\"alkalm_karacsonya-09\" srcset=\"http:\/\/www.oagvm.sk\/wphirfolyam\/wp-content\/uploads\/2019\/12\/alkalm_karacsonya-09.jpg 600w, http:\/\/www.oagvm.sk\/wphirfolyam\/wp-content\/uploads\/2019\/12\/alkalm_karacsonya-09-300x225.jpg 300w\" sizes=\"(max-width: 600px) 100vw, 600px\" \/><\/li>\n                <li style=\"display: none; width: 100%;\" class=\"slide-1542 ms-image\"><img width=\"600\" height=\"450\" src=\"http:\/\/www.oagvm.sk\/wphirfolyam\/wp-content\/uploads\/2019\/12\/alkalm_karacsonya-10.jpg\" class=\"slider-1521 slide-1542\" alt=\"\" loading=\"lazy\" rel=\"\" title=\"alkalm_karacsonya-10\" srcset=\"http:\/\/www.oagvm.sk\/wphirfolyam\/wp-content\/uploads\/2019\/12\/alkalm_karacsonya-10.jpg 600w, http:\/\/www.oagvm.sk\/wphirfolyam\/wp-content\/uploads\/2019\/12\/alkalm_karacsonya-10-300x225.jpg 300w\" sizes=\"(max-width: 600px) 100vw, 600px\" \/><\/li>\n                <li style=\"display: none; width: 100%;\" class=\"slide-1543 ms-image\"><img width=\"600\" height=\"450\" src=\"http:\/\/www.oagvm.sk\/wphirfolyam\/wp-content\/uploads\/2019\/12\/alkalm_karacsonya-11.jpg\" class=\"slider-1521 slide-1543\" alt=\"\" loading=\"lazy\" rel=\"\" title=\"alkalm_karacsonya-11\" srcset=\"http:\/\/www.oagvm.sk\/wphirfolyam\/wp-content\/uploads\/2019\/12\/alkalm_karacsonya-11.jpg 600w, http:\/\/www.oagvm.sk\/wphirfolyam\/wp-content\/uploads\/2019\/12\/alkalm_karacsonya-11-300x225.jpg 300w\" sizes=\"(max-width: 600px) 100vw, 600px\" \/><\/li>\n            <\/ul>\n        <\/div>\n        \n    <\/div>\n<\/div><\/p>\n","protected":false},"excerpt":{"rendered":"<p>Kar\u00e1csonyv\u00e1r\u00f3 kellemes hangulatban telt a\u00a0d\u00e9lut\u00e1n a\u00a0nem pedag\u00f3gus munkat\u00e1rsakkal is&#8230; Pr\u00edjemn\u00e1 predviano\u010dn\u00e1 atmosf\u00e9ra s\u00a0nepedagogick\u00fdmi zamestnancami&#8230;<\/p>\n","protected":false},"author":1,"featured_media":0,"comment_status":"open","ping_status":"open","sticky":false,"template":"","format":"standard","meta":[],"categories":[50],"tags":[],"_links":{"self":[{"href":"http:\/\/www.oagvm.sk\/wphirfolyam\/index.php?rest_route=\/wp\/v2\/posts\/1545"}],"collection":[{"href":"http:\/\/www.oagvm.sk\/wphirfolyam\/index.php?rest_route=\/wp\/v2\/posts"}],"about":[{"href":"http:\/\/www.oagvm.sk\/wphirfolyam\/index.php?rest_route=\/wp\/v2\/types\/post"}],"author":[{"embeddable":true,"href":"http:\/\/www.oagvm.sk\/wphirfolyam\/index.php?rest_route=\/wp\/v2\/users\/1"}],"replies":[{"embeddable":true,"href":"http:\/\/www.oagvm.sk\/wphirfolyam\/index.php?rest_route=%2Fwp%2Fv2%2Fcomments&post=1545"}],"version-history":[{"count":6,"href":"http:\/\/www.oagvm.sk\/wphirfolyam\/index.php?rest_route=\/wp\/v2\/posts\/1545\/revisions"}],"predecessor-version":[{"id":1552,"href":"http:\/\/www.oagvm.sk\/wphirfolyam\/index.php?rest_route=\/wp\/v2\/posts\/1545\/revisions\/1552"}],"wp:attachment":[{"href":"http:\/\/www.oagvm.sk\/wphirfolyam\/index.php?rest_route=%2Fwp%2Fv2%2Fmedia&parent=1545"}],"wp:term":[{"taxonomy":"category","embeddable":true,"href":"http:\/\/www.oagvm.sk\/wphirfolyam\/index.php?rest_route=%2Fwp%2Fv2%2Fcategories&post=1545"},{"taxonomy":"post_tag","embeddable":true,"href":"http:\/\/www.oagvm.sk\/wphirfolyam\/index.php?rest_route=%2Fwp%2Fv2%2Ftags&post=1545"}],"curies":[{"name":"wp","href":"https:\/\/api.w.org\/{rel}","templated":true}]}}