{"id":1622,"date":"2019-12-19T09:34:15","date_gmt":"2019-12-19T08:34:15","guid":{"rendered":"http:\/\/87.197.53.202\/wphirfolyam\/?p=1622"},"modified":"2019-12-19T09:34:15","modified_gmt":"2019-12-19T08:34:15","slug":"%ef%bb%bfkaracsony-kupa-2019-floorball-es-teremfutball-bajnoksag-vianocne-majstrovstva-vo-florbale-a-v-halovom-futbale-2019","status":"publish","type":"post","link":"http:\/\/www.oagvm.sk\/wphirfolyam\/?p=1622","title":{"rendered":"\ufeffKAR\u00c1CSONY KUPA 2019 FLOORBALL- \u00c9S TEREMFUTBALL-BAJNOKS\u00c1G &#8211; VIANO\u010cN\u00c9 MAJSTROVSTV\u00c1 VO FLORBALE A V HALOVOM FUTBALE 2019"},"content":{"rendered":"<div style=\"text-align: justify;\"><span style=\"font-size: medium;\"><span style=\"font-size: large; color: #ff6600;\"><strong>KAR\u00c1CSONY KUPA 2019<\/strong> <strong>FLOORBALL- \u00c9S TEREMFUTBALL-BAJNOKS\u00c1G<\/strong> <\/span>\u00a0\u00a0<\/span><\/div>\n<div style=\"text-align: justify;\"><span style=\"font-size: medium;\"><br \/><\/span><\/div>\n<div style=\"text-align: justify;\"><span style=\"font-size: medium;\">Ha december, akkor kar\u00e1csony kupa. A fi\u00fak ism\u00e9t teremfutballban, a l\u00e1nyok pedig floorballban m\u00e9rhett\u00e9k \u00f6ssze erej\u00fcket a december 18-\u00e1n lebonyol\u00edtott hagyom\u00e1nyos torn\u00e1n, amelyen izgalmas \u00f6sszecsap\u00e1sok folytak, s minden csapat a lehet\u0151 legjobbat igyekezett kihozni mag\u00e1b\u00f3l.\u00a0<\/span><\/div>\n<div style=\"text-align: justify;\"><span style=\"font-size: medium;\">A <strong>floorballtorn\u00e1n <\/strong>3 csapat m\u00e9rk\u0151z\u00f6tt meg a\u00a0helyez\u00e9sek\u00e9rt, csapatonk\u00e9nt 4-6 j\u00e1t\u00e9kossal. Az els\u0151 helyen a III. CM oszt\u00e1ly v\u00e9gzett (Moln\u00e1r Lili, R\u00f3zsa Anna, Szak\u00e1cs R\u00e9ka, kieg\u00e9sz\u00edtve Krascsenits R\u00e9k\u00e1val), a\u00a0m\u00e1sodik hely a II. B csapat\u00e1nak jutott, m\u00edg a harmadik hely a III. A oszt\u00e1lynak. A gy\u0151ztes csapatnak ez\u00faton is gratul\u00e1lunk. A l\u00e1nyok k\u00f6z\u00fcl a leg\u00fcgyesebb g\u00f3ll\u00f6v\u0151nek Krascsenits R\u00e9ka (IV. CM) bizonyult.\u00a0<\/span><\/div>\n<div style=\"text-align: justify;\"><span style=\"font-size: medium;\">A <strong>futballtorn\u00e1ra<\/strong> 6 csapat nevezett be, csapatonk\u00e9nt 5-7 j\u00e1t\u00e9kossal. A\u00a0m\u00e9rk\u0151z\u00e9sek sor\u00e1n k\u00e9shegyre men\u0151 k\u00fczdelmeket l\u00e1thattunk. Az els\u0151 helyez\u00e9st v\u00e9g\u00fcl a\u00a0Telekes \u00c1kos, Simon Barna L\u00e1szl\u00f3, R\u00e1ss\u00f3 M\u00e1rk, Berecz Roland, Csiff\u00e1ry Tam\u00e1s \u00e9s Vr\u00e1be\u013e Franti\u0161ek \u00f6sszet\u00e9tel\u0171 DREAMTEAM szerezte meg. A m\u00e1sodik helyen a VISSZAT\u00c9R\u0150K, a\u00a0harmadikon pedig a III. BI \u2013 FC EL\u0150RE oszt\u00e1ly csapata v\u00e9gzett. A\u00a0j\u00e1t\u00e9kosok k\u00f6z\u00fcl legt\u00f6bbsz\u00f6r Vr\u00e1be\u013e Franti\u0161ek (III.A) \u00e9s Szab\u00f3 M\u00e1rk (III. BI) tal\u00e1lt a\u00a0kapuba, mindketten 10-10 g\u00f3lt l\u0151ttek.<\/span><\/div>\n<div style=\"text-align: justify;\"><span style=\"font-size: medium;\"><br \/><\/span><\/div>\n<div style=\"text-align: right;\"><span style=\"font-size: medium;\"><em>Hossz\u00fa B\u00e9la<\/em> \u00e9s<em> Papp L\u00e1szl\u00f3<\/em> testnevel\u0151 tan\u00e1rok<\/span><\/div>\n<div style=\"text-align: justify;\"><span style=\"font-size: medium;\"><br \/><\/span><\/div>\n<div style=\"text-align: justify;\"><span style=\"font-size: medium;\"><span style=\"font-size: large; color: #ff6600;\"><strong>VIANO\u010cN\u00c9 MAJSTROVSTV\u00c1 VO FLORBALE A V HALOVOM FUTBALE 2019<\/strong><\/span> <strong>\u00a0<\/strong>\u00a0<\/span><\/div>\n<div style=\"text-align: justify;\"><span style=\"font-size: medium;\"><br \/><\/span><\/div>\n<div style=\"text-align: justify;\"><span style=\"font-size: medium;\">D\u0148a 18. decembra 2019 u\u010ditelia telesnej v\u00fdchovy op\u00e4\u0165 zorganizovali pre \u017eiakov na\u0161ej \u0161koly Viano\u010dn\u00fd turnaj vo florbale a v halovom futbale.\u00a0<\/span><\/div>\n<div style=\"text-align: justify;\"><span style=\"font-size: medium;\"><strong>Do florbalov\u00e9ho turnaja<\/strong> sa zapojili 3 triedy formou 4-6 \u010dlenn\u00fdch dru\u017estiev. Svoje kvality od za\u010diatku potvrdzovala III. CM, ale zahanbi\u0165 sa nedali ani ostatn\u00e9 dru\u017estv\u00e1. Z\u00e1pasy boli ve\u013emi nap\u00ednav\u00e9 a\u00a0nikomu nech\u00fdbal \u0161portov\u00fd duch. Po odohrat\u00ed z\u00e1pasov sa na prvom mieste umiestnila III.CM. trieda, na druhom II. B a na tre\u0165om III. A trieda. Najlep\u0161ou strelky\u0148ou podujatia bola R\u00e9ka Krascsenitsov\u00e1 zo IV. CM triedy.\u00a0<\/span><\/div>\n<div style=\"text-align: justify;\"><span style=\"font-size: medium;\"><strong>Do futbalov\u00e9ho turnaja<\/strong> sa prihl\u00e1silo 6 dru\u017estiev. Videli sme nap\u00ednav\u00e9 z\u00e1pasy, ale na konci mohlo vyhra\u0165 len jedno dru\u017estvo, a\u00a0to DREAMTEAM. Na druhom mieste skon\u010dilo\u00a0dru\u017estvo VISSZAT\u00c9R\u0150K a\u00a0na tre\u0165om III. BI \u2013 FC EL\u0150RE. Najviac sk\u00f3rovali Vr\u00e1be\u013e Franti\u0161ek (III.A) a M\u00e1rk Szab\u00f3 (III. BI) &#8211; obidvaja s desiatimi g\u00f3lmi. V\u00ed\u0165azom gratulujeme. \u00a0\u00a0<\/span><\/div>\n<div style=\"text-align: justify;\"><span style=\"font-size: medium;\"><br \/><\/span><\/div>\n<div style=\"text-align: right;\"><span style=\"font-size: medium;\"><em>Vojtech Hossz\u00fa<\/em> a\u00a0<em>L\u00e1szl\u00f3 Papp<\/em> u\u010ditelia telesnej v\u00fdchovy<\/span><\/div>\n<p><P><\/P><br \/>\n<div id=\"metaslider-id-1553\" style=\"max-width: 600px; margin: 0 auto;\" class=\"ml-slider-3-23-0 metaslider metaslider-flex metaslider-1553 ml-slider\">\n    <div id=\"metaslider_container_1553\">\n        <div id=\"metaslider_1553\">\n            <ul aria-live=\"polite\" class=\"slides\">\n                <li style=\"display: block; width: 100%;\" class=\"slide-1566 ms-image\"><img width=\"600\" height=\"400\" src=\"http:\/\/www.oagvm.sk\/wphirfolyam\/wp-content\/uploads\/2019\/12\/karacsonykupa-01.jpg\" class=\"slider-1553 slide-1566\" alt=\"\" loading=\"lazy\" rel=\"\" title=\"karacsonykupa-01\" srcset=\"http:\/\/www.oagvm.sk\/wphirfolyam\/wp-content\/uploads\/2019\/12\/karacsonykupa-01.jpg 600w, http:\/\/www.oagvm.sk\/wphirfolyam\/wp-content\/uploads\/2019\/12\/karacsonykupa-01-300x200.jpg 300w\" sizes=\"(max-width: 600px) 100vw, 600px\" \/><\/li>\n                <li style=\"display: none; width: 100%;\" class=\"slide-1567 ms-image\"><img width=\"600\" height=\"539\" src=\"http:\/\/www.oagvm.sk\/wphirfolyam\/wp-content\/uploads\/2019\/12\/karacsonykupa-02.jpg\" class=\"slider-1553 slide-1567\" alt=\"\" loading=\"lazy\" rel=\"\" title=\"karacsonykupa-02\" srcset=\"http:\/\/www.oagvm.sk\/wphirfolyam\/wp-content\/uploads\/2019\/12\/karacsonykupa-02.jpg 600w, http:\/\/www.oagvm.sk\/wphirfolyam\/wp-content\/uploads\/2019\/12\/karacsonykupa-02-300x270.jpg 300w\" sizes=\"(max-width: 600px) 100vw, 600px\" \/><\/li>\n                <li style=\"display: none; width: 100%;\" class=\"slide-1568 ms-image\"><img width=\"600\" height=\"450\" src=\"http:\/\/www.oagvm.sk\/wphirfolyam\/wp-content\/uploads\/2019\/12\/karacsonykupa-03.jpg\" class=\"slider-1553 slide-1568\" alt=\"\" loading=\"lazy\" rel=\"\" title=\"karacsonykupa-03\" srcset=\"http:\/\/www.oagvm.sk\/wphirfolyam\/wp-content\/uploads\/2019\/12\/karacsonykupa-03.jpg 600w, http:\/\/www.oagvm.sk\/wphirfolyam\/wp-content\/uploads\/2019\/12\/karacsonykupa-03-300x225.jpg 300w\" sizes=\"(max-width: 600px) 100vw, 600px\" \/><\/li>\n                <li style=\"display: none; width: 100%;\" class=\"slide-1569 ms-image\"><img width=\"600\" height=\"400\" src=\"http:\/\/www.oagvm.sk\/wphirfolyam\/wp-content\/uploads\/2019\/12\/karacsonykupa-04.jpg\" class=\"slider-1553 slide-1569\" alt=\"\" loading=\"lazy\" rel=\"\" title=\"karacsonykupa-04\" srcset=\"http:\/\/www.oagvm.sk\/wphirfolyam\/wp-content\/uploads\/2019\/12\/karacsonykupa-04.jpg 600w, http:\/\/www.oagvm.sk\/wphirfolyam\/wp-content\/uploads\/2019\/12\/karacsonykupa-04-300x200.jpg 300w\" sizes=\"(max-width: 600px) 100vw, 600px\" \/><\/li>\n                <li style=\"display: none; width: 100%;\" class=\"slide-1570 ms-image\"><img width=\"600\" height=\"373\" src=\"http:\/\/www.oagvm.sk\/wphirfolyam\/wp-content\/uploads\/2019\/12\/karacsonykupa-05.jpg\" class=\"slider-1553 slide-1570\" alt=\"\" loading=\"lazy\" rel=\"\" title=\"karacsonykupa-05\" srcset=\"http:\/\/www.oagvm.sk\/wphirfolyam\/wp-content\/uploads\/2019\/12\/karacsonykupa-05.jpg 600w, http:\/\/www.oagvm.sk\/wphirfolyam\/wp-content\/uploads\/2019\/12\/karacsonykupa-05-300x187.jpg 300w\" sizes=\"(max-width: 600px) 100vw, 600px\" \/><\/li>\n                <li style=\"display: none; width: 100%;\" class=\"slide-1571 ms-image\"><img width=\"600\" height=\"450\" src=\"http:\/\/www.oagvm.sk\/wphirfolyam\/wp-content\/uploads\/2019\/12\/karacsonykupa-06.jpg\" class=\"slider-1553 slide-1571\" alt=\"\" loading=\"lazy\" rel=\"\" title=\"karacsonykupa-06\" srcset=\"http:\/\/www.oagvm.sk\/wphirfolyam\/wp-content\/uploads\/2019\/12\/karacsonykupa-06.jpg 600w, http:\/\/www.oagvm.sk\/wphirfolyam\/wp-content\/uploads\/2019\/12\/karacsonykupa-06-300x225.jpg 300w\" sizes=\"(max-width: 600px) 100vw, 600px\" \/><\/li>\n                <li style=\"display: none; width: 100%;\" class=\"slide-1572 ms-image\"><img width=\"600\" height=\"400\" src=\"http:\/\/www.oagvm.sk\/wphirfolyam\/wp-content\/uploads\/2019\/12\/karacsonykupa-07.jpg\" class=\"slider-1553 slide-1572\" alt=\"\" loading=\"lazy\" rel=\"\" title=\"karacsonykupa-07\" srcset=\"http:\/\/www.oagvm.sk\/wphirfolyam\/wp-content\/uploads\/2019\/12\/karacsonykupa-07.jpg 600w, http:\/\/www.oagvm.sk\/wphirfolyam\/wp-content\/uploads\/2019\/12\/karacsonykupa-07-300x200.jpg 300w\" sizes=\"(max-width: 600px) 100vw, 600px\" \/><\/li>\n                <li style=\"display: none; width: 100%;\" class=\"slide-1573 ms-image\"><img width=\"600\" height=\"450\" src=\"http:\/\/www.oagvm.sk\/wphirfolyam\/wp-content\/uploads\/2019\/12\/karacsonykupa-08.jpg\" class=\"slider-1553 slide-1573\" alt=\"\" loading=\"lazy\" rel=\"\" title=\"karacsonykupa-08\" srcset=\"http:\/\/www.oagvm.sk\/wphirfolyam\/wp-content\/uploads\/2019\/12\/karacsonykupa-08.jpg 600w, http:\/\/www.oagvm.sk\/wphirfolyam\/wp-content\/uploads\/2019\/12\/karacsonykupa-08-300x225.jpg 300w\" sizes=\"(max-width: 600px) 100vw, 600px\" \/><\/li>\n                <li style=\"display: none; width: 100%;\" class=\"slide-1574 ms-image\"><img width=\"600\" height=\"450\" src=\"http:\/\/www.oagvm.sk\/wphirfolyam\/wp-content\/uploads\/2019\/12\/karacsonykupa-09.jpg\" class=\"slider-1553 slide-1574\" alt=\"\" loading=\"lazy\" rel=\"\" title=\"karacsonykupa-09\" srcset=\"http:\/\/www.oagvm.sk\/wphirfolyam\/wp-content\/uploads\/2019\/12\/karacsonykupa-09.jpg 600w, http:\/\/www.oagvm.sk\/wphirfolyam\/wp-content\/uploads\/2019\/12\/karacsonykupa-09-300x225.jpg 300w\" sizes=\"(max-width: 600px) 100vw, 600px\" \/><\/li>\n                <li style=\"display: none; width: 100%;\" class=\"slide-1575 ms-image\"><img width=\"537\" height=\"600\" src=\"http:\/\/www.oagvm.sk\/wphirfolyam\/wp-content\/uploads\/2019\/12\/karacsonykupa-10.jpg\" class=\"slider-1553 slide-1575\" alt=\"\" loading=\"lazy\" rel=\"\" title=\"karacsonykupa-10\" srcset=\"http:\/\/www.oagvm.sk\/wphirfolyam\/wp-content\/uploads\/2019\/12\/karacsonykupa-10.jpg 537w, http:\/\/www.oagvm.sk\/wphirfolyam\/wp-content\/uploads\/2019\/12\/karacsonykupa-10-269x300.jpg 269w\" sizes=\"(max-width: 537px) 100vw, 537px\" \/><\/li>\n                <li style=\"display: none; width: 100%;\" class=\"slide-1576 ms-image\"><img width=\"600\" height=\"450\" src=\"http:\/\/www.oagvm.sk\/wphirfolyam\/wp-content\/uploads\/2019\/12\/karacsonykupa-11.jpg\" class=\"slider-1553 slide-1576\" alt=\"\" loading=\"lazy\" rel=\"\" title=\"karacsonykupa-11\" srcset=\"http:\/\/www.oagvm.sk\/wphirfolyam\/wp-content\/uploads\/2019\/12\/karacsonykupa-11.jpg 600w, http:\/\/www.oagvm.sk\/wphirfolyam\/wp-content\/uploads\/2019\/12\/karacsonykupa-11-300x225.jpg 300w\" sizes=\"(max-width: 600px) 100vw, 600px\" \/><\/li>\n                <li style=\"display: none; width: 100%;\" class=\"slide-1577 ms-image\"><img width=\"600\" height=\"400\" src=\"http:\/\/www.oagvm.sk\/wphirfolyam\/wp-content\/uploads\/2019\/12\/karacsonykupa-12.jpg\" class=\"slider-1553 slide-1577\" alt=\"\" loading=\"lazy\" rel=\"\" title=\"karacsonykupa-12\" srcset=\"http:\/\/www.oagvm.sk\/wphirfolyam\/wp-content\/uploads\/2019\/12\/karacsonykupa-12.jpg 600w, http:\/\/www.oagvm.sk\/wphirfolyam\/wp-content\/uploads\/2019\/12\/karacsonykupa-12-300x200.jpg 300w\" sizes=\"(max-width: 600px) 100vw, 600px\" \/><\/li>\n            <\/ul>\n        <\/div>\n        \n    <\/div>\n<\/div><\/p>\n","protected":false},"excerpt":{"rendered":"<p>KAR\u00c1CSONY KUPA 2019 FLOORBALL- \u00c9S TEREMFUTBALL-BAJNOKS\u00c1G \u00a0\u00a0 Ha december, akkor kar\u00e1csony kupa. A fi\u00fak ism\u00e9t teremfutballban, a l\u00e1nyok pedig floorballban m\u00e9rhett\u00e9k \u00f6ssze erej\u00fcket a december 18-\u00e1n lebonyol\u00edtott hagyom\u00e1nyos torn\u00e1n, amelyen izgalmas \u00f6sszecsap\u00e1sok folytak, s minden csapat a lehet\u0151 legjobbat igyekezett kihozni mag\u00e1b\u00f3l.\u00a0 A floorballtorn\u00e1n 3 csapat m\u00e9rk\u0151z\u00f6tt meg a\u00a0helyez\u00e9sek\u00e9rt, csapatonk\u00e9nt 4-6 j\u00e1t\u00e9kossal. Az els\u0151 helyen &#8230; <a title=\"\ufeffKAR\u00c1CSONY KUPA 2019 FLOORBALL- \u00c9S TEREMFUTBALL-BAJNOKS\u00c1G &#8211; VIANO\u010cN\u00c9 MAJSTROVSTV\u00c1 VO FLORBALE A V HALOVOM FUTBALE 2019\" class=\"read-more\" href=\"http:\/\/www.oagvm.sk\/wphirfolyam\/?p=1622\">Olvass tov\u00e1bb<span class=\"screen-reader-text\">\ufeffKAR\u00c1CSONY KUPA 2019 FLOORBALL- \u00c9S TEREMFUTBALL-BAJNOKS\u00c1G &#8211; VIANO\u010cN\u00c9 MAJSTROVSTV\u00c1 VO FLORBALE A V HALOVOM FUTBALE 2019<\/span><\/a><\/p>\n","protected":false},"author":1,"featured_media":0,"comment_status":"open","ping_status":"open","sticky":false,"template":"","format":"standard","meta":[],"categories":[50],"tags":[],"_links":{"self":[{"href":"http:\/\/www.oagvm.sk\/wphirfolyam\/index.php?rest_route=\/wp\/v2\/posts\/1622"}],"collection":[{"href":"http:\/\/www.oagvm.sk\/wphirfolyam\/index.php?rest_route=\/wp\/v2\/posts"}],"about":[{"href":"http:\/\/www.oagvm.sk\/wphirfolyam\/index.php?rest_route=\/wp\/v2\/types\/post"}],"author":[{"embeddable":true,"href":"http:\/\/www.oagvm.sk\/wphirfolyam\/index.php?rest_route=\/wp\/v2\/users\/1"}],"replies":[{"embeddable":true,"href":"http:\/\/www.oagvm.sk\/wphirfolyam\/index.php?rest_route=%2Fwp%2Fv2%2Fcomments&post=1622"}],"version-history":[{"count":1,"href":"http:\/\/www.oagvm.sk\/wphirfolyam\/index.php?rest_route=\/wp\/v2\/posts\/1622\/revisions"}],"predecessor-version":[{"id":1623,"href":"http:\/\/www.oagvm.sk\/wphirfolyam\/index.php?rest_route=\/wp\/v2\/posts\/1622\/revisions\/1623"}],"wp:attachment":[{"href":"http:\/\/www.oagvm.sk\/wphirfolyam\/index.php?rest_route=%2Fwp%2Fv2%2Fmedia&parent=1622"}],"wp:term":[{"taxonomy":"category","embeddable":true,"href":"http:\/\/www.oagvm.sk\/wphirfolyam\/index.php?rest_route=%2Fwp%2Fv2%2Fcategories&post=1622"},{"taxonomy":"post_tag","embeddable":true,"href":"http:\/\/www.oagvm.sk\/wphirfolyam\/index.php?rest_route=%2Fwp%2Fv2%2Ftags&post=1622"}],"curies":[{"name":"wp","href":"https:\/\/api.w.org\/{rel}","templated":true}]}}