{"id":1637,"date":"2019-12-18T08:30:46","date_gmt":"2019-12-18T07:30:46","guid":{"rendered":"http:\/\/87.197.53.202\/wphirfolyam\/?p=1637"},"modified":"2019-12-19T10:33:42","modified_gmt":"2019-12-19T09:33:42","slug":"%ef%bb%bfkaracsonyra-hangolodtunk-vianocna-atmosfera-v-bratislave","status":"publish","type":"post","link":"http:\/\/www.oagvm.sk\/wphirfolyam\/?p=1637","title":{"rendered":"\ufeffKar\u00e1csonyra hangol\u00f3dtunk &#8211; Viano\u010dn\u00e1 atmosf\u00e9ra v Bratislave"},"content":{"rendered":"<div style=\"text-align: justify;\"><span style=\"font-size: medium;\"><strong><span style=\"font-size: large; color: #ff6600;\">Kar\u00e1csonyra hangol\u00f3dtunk<\/span><\/strong>\u00a0<\/span><\/div>\n<div style=\"text-align: justify;\"><span style=\"font-size: medium;\"><br \/><\/span><\/div>\n<div style=\"text-align: justify;\"><span style=\"font-size: medium;\">December 17-\u00e9n iskol\u00e1nk 45 di\u00e1kja ell\u00e1togatott a f\u0151v\u00e1rosba. A d\u00e9lel\u0151tti \u00f3r\u00e1kban a t\u00f6rt\u00e9nelmi \u00d3v\u00e1ros nevezetess\u00e9geiben gy\u00f6ny\u00f6rk\u00f6dt\u00fcnk. A v\u00e1rosn\u00e9z\u00e9st k\u00f6vet\u0151en kar\u00e1csonyi hangulatot var\u00e1zsolt lelk\u00fcnkbe Csajkovszkij Di\u00f3t\u00f6r\u0151 c\u00edm\u0171 balettje, amelyet az id\u00e9n 100. \u00e9vfordul\u00f3j\u00e1t \u00fcnnepl\u0151 Szlov\u00e1k Nemzeti Sz\u00ednh\u00e1zban tekintett\u00fcnk meg. A nap h\u00e1tral\u00e9v\u0151 r\u00e9sz\u00e9ben a kar\u00e1csonyi v\u00e1s\u00e1rban hangol\u00f3dtunk az \u00fcnnepekre. Az esti \u00f3r\u00e1kban kiss\u00e9 f\u00e1radtan, de gazdag \u00e9lm\u00e9nyekkel t\u00e9rt\u00fcnk haza.\u00a0<\/span><\/div>\n<div style=\"text-align: justify;\"><span style=\"font-size: medium;\"><br \/><\/span><\/div>\n<div style=\"text-align: right;\"><em><span style=\"font-size: medium;\">Mgr. M\u00e9sz\u00e1ros Ilona \u00a0\u00a0<\/span><\/em><\/div>\n<div style=\"text-align: justify;\"><span style=\"font-size: medium;\"><br \/><\/span><\/div>\n<div style=\"text-align: justify;\"><span style=\"font-size: medium;\"><strong><span style=\"font-size: large; color: #ff6600;\">Viano\u010dn\u00e1 atmosf\u00e9ra v Bratislave <\/span><\/strong>\u00a0\u00a0<\/span><\/div>\n<div style=\"text-align: justify;\"><span style=\"font-size: medium;\"><br \/><\/span><\/div>\n<div style=\"text-align: justify;\"><span style=\"font-size: medium;\">17. decembra 45 \u017eiakov na\u0161ej \u0161koly zav\u00edtalo do hlavn\u00e9ho mesta. V\u00a0predpoludn\u00ed sme si pozreli kult\u00farno-historick\u00e9 pamiatky, poprech\u00e1dzali sme sa po Michalskej ulici, kde sme videli budovu, v\u00a0ktorej s\u00eddlil Uhorsk\u00fd snem a\u00a0zastavili sme sa pri Rolandovej font\u00e1ne. \u010eal\u0161\u00edm bodom n\u00e1\u0161ho programu bol \u010cajkovsk\u00e9ho balet \u2013 Lusk\u00e1\u010dik v\u00a0Slovenskom n\u00e1rodnom divadle, ktor\u00e9 si v\u00a0tomto roku pripom\u00edna 100. v\u00fdro\u010die svojho vzniku. Poobede sme nav\u0161t\u00edvili prekr\u00e1sne viano\u010dn\u00e9 trhy. Vo ve\u010dern\u00fdch hodin\u00e1ch sme sa vr\u00e1tili domov tro\u0161ku unaven\u00ed, ale pln\u00ed z\u00e1\u017eitkov.<\/span><\/div>\n<div style=\"text-align: justify;\"><span style=\"font-size: medium;\"><br \/><\/span><\/div>\n<div style=\"text-align: right;\"><span style=\"font-size: medium;\"><em>Mgr.Helena M\u00e9sz\u00e1rosov\u00e1<\/em> \u00a0<\/span><\/div>\n<p><P><\/P><br \/>\n<div id=\"metaslider-id-1624\" style=\"max-width: 600px; margin: 0 auto;\" class=\"ml-slider-3-23-0 metaslider metaslider-flex metaslider-1624 ml-slider\">\n    <div id=\"metaslider_container_1624\">\n        <div id=\"metaslider_1624\">\n            <ul aria-live=\"polite\" class=\"slides\">\n                <li style=\"display: block; width: 100%;\" class=\"slide-1631 ms-image\"><img width=\"600\" height=\"450\" src=\"http:\/\/www.oagvm.sk\/wphirfolyam\/wp-content\/uploads\/2019\/12\/diotoro-01.jpg\" class=\"slider-1624 slide-1631\" alt=\"\" loading=\"lazy\" rel=\"\" title=\"diotoro-01\" srcset=\"http:\/\/www.oagvm.sk\/wphirfolyam\/wp-content\/uploads\/2019\/12\/diotoro-01.jpg 600w, http:\/\/www.oagvm.sk\/wphirfolyam\/wp-content\/uploads\/2019\/12\/diotoro-01-300x225.jpg 300w\" sizes=\"(max-width: 600px) 100vw, 600px\" \/><\/li>\n                <li style=\"display: none; width: 100%;\" class=\"slide-1632 ms-image\"><img width=\"450\" height=\"600\" src=\"http:\/\/www.oagvm.sk\/wphirfolyam\/wp-content\/uploads\/2019\/12\/diotoro-02.jpg\" class=\"slider-1624 slide-1632\" alt=\"\" loading=\"lazy\" rel=\"\" title=\"diotoro-02\" srcset=\"http:\/\/www.oagvm.sk\/wphirfolyam\/wp-content\/uploads\/2019\/12\/diotoro-02.jpg 450w, http:\/\/www.oagvm.sk\/wphirfolyam\/wp-content\/uploads\/2019\/12\/diotoro-02-225x300.jpg 225w\" sizes=\"(max-width: 450px) 100vw, 450px\" \/><\/li>\n                <li style=\"display: none; width: 100%;\" class=\"slide-1633 ms-image\"><img width=\"600\" height=\"450\" src=\"http:\/\/www.oagvm.sk\/wphirfolyam\/wp-content\/uploads\/2019\/12\/diotoro-03.jpg\" class=\"slider-1624 slide-1633\" alt=\"\" loading=\"lazy\" rel=\"\" title=\"diotoro-03\" srcset=\"http:\/\/www.oagvm.sk\/wphirfolyam\/wp-content\/uploads\/2019\/12\/diotoro-03.jpg 600w, http:\/\/www.oagvm.sk\/wphirfolyam\/wp-content\/uploads\/2019\/12\/diotoro-03-300x225.jpg 300w\" sizes=\"(max-width: 600px) 100vw, 600px\" \/><\/li>\n                <li style=\"display: none; width: 100%;\" class=\"slide-1634 ms-image\"><img width=\"600\" height=\"450\" src=\"http:\/\/www.oagvm.sk\/wphirfolyam\/wp-content\/uploads\/2019\/12\/diotoro-04.jpg\" class=\"slider-1624 slide-1634\" alt=\"\" loading=\"lazy\" rel=\"\" title=\"diotoro-04\" srcset=\"http:\/\/www.oagvm.sk\/wphirfolyam\/wp-content\/uploads\/2019\/12\/diotoro-04.jpg 600w, http:\/\/www.oagvm.sk\/wphirfolyam\/wp-content\/uploads\/2019\/12\/diotoro-04-300x225.jpg 300w\" sizes=\"(max-width: 600px) 100vw, 600px\" \/><\/li>\n                <li style=\"display: none; width: 100%;\" class=\"slide-1635 ms-image\"><img width=\"450\" height=\"600\" src=\"http:\/\/www.oagvm.sk\/wphirfolyam\/wp-content\/uploads\/2019\/12\/diotoro-05.jpg\" class=\"slider-1624 slide-1635\" alt=\"\" loading=\"lazy\" rel=\"\" title=\"diotoro-05\" srcset=\"http:\/\/www.oagvm.sk\/wphirfolyam\/wp-content\/uploads\/2019\/12\/diotoro-05.jpg 450w, http:\/\/www.oagvm.sk\/wphirfolyam\/wp-content\/uploads\/2019\/12\/diotoro-05-225x300.jpg 225w\" sizes=\"(max-width: 450px) 100vw, 450px\" \/><\/li>\n                <li style=\"display: none; width: 100%;\" class=\"slide-1636 ms-image\"><img width=\"600\" height=\"450\" src=\"http:\/\/www.oagvm.sk\/wphirfolyam\/wp-content\/uploads\/2019\/12\/diotoro-06.jpg\" class=\"slider-1624 slide-1636\" alt=\"\" loading=\"lazy\" rel=\"\" title=\"diotoro-06\" srcset=\"http:\/\/www.oagvm.sk\/wphirfolyam\/wp-content\/uploads\/2019\/12\/diotoro-06.jpg 600w, http:\/\/www.oagvm.sk\/wphirfolyam\/wp-content\/uploads\/2019\/12\/diotoro-06-300x225.jpg 300w\" sizes=\"(max-width: 600px) 100vw, 600px\" \/><\/li>\n            <\/ul>\n        <\/div>\n        \n    <\/div>\n<\/div><\/p>\n","protected":false},"excerpt":{"rendered":"<p>Kar\u00e1csonyra hangol\u00f3dtunk\u00a0 December 17-\u00e9n iskol\u00e1nk 45 di\u00e1kja ell\u00e1togatott a f\u0151v\u00e1rosba. A d\u00e9lel\u0151tti \u00f3r\u00e1kban a t\u00f6rt\u00e9nelmi \u00d3v\u00e1ros nevezetess\u00e9geiben gy\u00f6ny\u00f6rk\u00f6dt\u00fcnk. A v\u00e1rosn\u00e9z\u00e9st k\u00f6vet\u0151en kar\u00e1csonyi hangulatot var\u00e1zsolt lelk\u00fcnkbe Csajkovszkij Di\u00f3t\u00f6r\u0151 c\u00edm\u0171 balettje, amelyet az id\u00e9n 100. \u00e9vfordul\u00f3j\u00e1t \u00fcnnepl\u0151 Szlov\u00e1k Nemzeti Sz\u00ednh\u00e1zban tekintett\u00fcnk meg. A nap h\u00e1tral\u00e9v\u0151 r\u00e9sz\u00e9ben a kar\u00e1csonyi v\u00e1s\u00e1rban hangol\u00f3dtunk az \u00fcnnepekre. Az esti \u00f3r\u00e1kban kiss\u00e9 f\u00e1radtan, &#8230; <a title=\"\ufeffKar\u00e1csonyra hangol\u00f3dtunk &#8211; Viano\u010dn\u00e1 atmosf\u00e9ra v Bratislave\" class=\"read-more\" href=\"http:\/\/www.oagvm.sk\/wphirfolyam\/?p=1637\">Olvass tov\u00e1bb<span class=\"screen-reader-text\">\ufeffKar\u00e1csonyra hangol\u00f3dtunk &#8211; Viano\u010dn\u00e1 atmosf\u00e9ra v Bratislave<\/span><\/a><\/p>\n","protected":false},"author":1,"featured_media":0,"comment_status":"open","ping_status":"open","sticky":false,"template":"","format":"standard","meta":[],"categories":[50],"tags":[],"_links":{"self":[{"href":"http:\/\/www.oagvm.sk\/wphirfolyam\/index.php?rest_route=\/wp\/v2\/posts\/1637"}],"collection":[{"href":"http:\/\/www.oagvm.sk\/wphirfolyam\/index.php?rest_route=\/wp\/v2\/posts"}],"about":[{"href":"http:\/\/www.oagvm.sk\/wphirfolyam\/index.php?rest_route=\/wp\/v2\/types\/post"}],"author":[{"embeddable":true,"href":"http:\/\/www.oagvm.sk\/wphirfolyam\/index.php?rest_route=\/wp\/v2\/users\/1"}],"replies":[{"embeddable":true,"href":"http:\/\/www.oagvm.sk\/wphirfolyam\/index.php?rest_route=%2Fwp%2Fv2%2Fcomments&post=1637"}],"version-history":[{"count":1,"href":"http:\/\/www.oagvm.sk\/wphirfolyam\/index.php?rest_route=\/wp\/v2\/posts\/1637\/revisions"}],"predecessor-version":[{"id":1638,"href":"http:\/\/www.oagvm.sk\/wphirfolyam\/index.php?rest_route=\/wp\/v2\/posts\/1637\/revisions\/1638"}],"wp:attachment":[{"href":"http:\/\/www.oagvm.sk\/wphirfolyam\/index.php?rest_route=%2Fwp%2Fv2%2Fmedia&parent=1637"}],"wp:term":[{"taxonomy":"category","embeddable":true,"href":"http:\/\/www.oagvm.sk\/wphirfolyam\/index.php?rest_route=%2Fwp%2Fv2%2Fcategories&post=1637"},{"taxonomy":"post_tag","embeddable":true,"href":"http:\/\/www.oagvm.sk\/wphirfolyam\/index.php?rest_route=%2Fwp%2Fv2%2Ftags&post=1637"}],"curies":[{"name":"wp","href":"https:\/\/api.w.org\/{rel}","templated":true}]}}