{"id":1640,"date":"2019-12-19T10:51:07","date_gmt":"2019-12-19T09:51:07","guid":{"rendered":"http:\/\/87.197.53.202\/wphirfolyam\/?p=1640"},"modified":"2019-12-19T10:51:07","modified_gmt":"2019-12-19T09:51:07","slug":"%ef%bb%bfunnepi-vacsora-a-kollegiumban-slavnostna-vecera-na-skolskom-internate","status":"publish","type":"post","link":"http:\/\/www.oagvm.sk\/wphirfolyam\/?p=1640","title":{"rendered":"\ufeff\u00dcnnepi vacsora a koll\u00e9giumban &#8211; Sl\u00e1vnostn\u00e1 ve\u010dera na \u0161kolskom intern\u00e1te"},"content":{"rendered":"<div style=\"text-align: justify;\"><span style=\"font-size: medium;\"><span style=\"color: #ff6600;\"><strong><span style=\"font-size: large;\">\u00dcnnepi vacsora a koll\u00e9giumban<\/span><\/strong><\/span>\u00a0<\/span><\/div>\n<div style=\"text-align: justify;\"><span style=\"font-size: medium;\"><br \/><\/span><\/div>\n<div style=\"text-align: justify;\"><span style=\"font-size: medium;\">December 18-\u00e1n a Nagymegyeri Kereskedelmi Akad\u00e9mia mellett m\u0171k\u00f6d\u0151 Koll\u00e9gium lak\u00f3i ism\u00e9t egy\u00fctt \u00fcnnepelt\u00e9k a\u00a0kar\u00e1csonyt. Az iskola igazgat\u00f3n\u0151je, Mahul\u00e1nyi J\u00f3zsef katolikus esperes-pl\u00e9b\u00e1nos, Szuhay Gy\u00f6rgy tiszteletes \u00e9s a\u00a0nevel\u0151n\u0151k t\u00e1rsas\u00e1g\u00e1ban elt\u00f6lt\u00f6tt\u00fcnk egy kellemes est\u00e9t. Az \u00fcnneps\u00e9g elej\u00e9n egy kis m\u0171sorral lept\u00fck meg a\u00a0vacsor\u00e1n r\u00e9sztvev\u0151 vend\u00e9geinket. A\u00a0meghat\u00f3 \u00e9s sz\u00e9p adventi program, a\u00a0csod\u00e1latosan megter\u00edtett \u00fcnnepi asztal \u00e9s a hagyom\u00e1nyos \u00e9telek esz\u00fcnkbe juttatt\u00e1k, hogy a\u00a0koll\u00e9gium kollekt\u00edv\u00e1ja olyan, mint egy nagy csal\u00e1d. Rem\u00e9lj\u00fck, j\u00f6v\u0151re is ilyen sz\u00e9p est\u00e9t t\u00f6lthet\u00fcnk egy\u00fctt.\u00a0<\/span><\/div>\n<div style=\"text-align: justify;\"><span style=\"font-size: medium;\"><br \/><\/span><\/div>\n<div style=\"text-align: right;\"><em><span style=\"font-size: medium;\">A\u00a0Koll\u00e9gium di\u00e1ktan\u00e1csa\u00a0<\/span><\/em><\/div>\n<div style=\"text-align: justify;\"><span style=\"font-size: medium;\"><strong><br \/><\/strong><\/span><\/div>\n<div style=\"text-align: justify;\"><span style=\"font-size: large; color: #ff6600;\"><strong>Sl\u00e1vnostn\u00e1 ve\u010dera na \u0161kolskom intern\u00e1te\u00a0<\/strong><\/span><\/div>\n<div style=\"text-align: justify;\"><span style=\"font-size: medium;\"><br \/><\/span><\/div>\n<div style=\"text-align: justify;\"><span style=\"font-size: medium;\"> \u017diaci \u0161kolsk\u00e9ho intern\u00e1tu pri Obchodnej akad\u00e9mi\u00ed vo Ve\u013ekom Mederi d\u0148a 19. decembra znovu spolu oslavovali Vianoce. V\u00a0pr\u00edtomnosti na\u0161ej pani riadite\u013eky, na\u0161ich vychov\u00e1vateliek,\u00a0p\u00e1na dekana katol\u00edckej cirkvi a\u00a0ctihodn\u00e9ho p\u00e1na reformovanej cirkvi sme str\u00e1vili pr\u00edjemn\u00fd ve\u010der. Na za\u010diatku sl\u00e1vnostnej ve\u010dere sme si pripravili pre na\u0161ich hosti men\u0161\u00ed program. N\u00e1\u0161 doj\u00edmav\u00fd adventn\u00fd program, kr\u00e1sne prestret\u00fd sl\u00e1vnostn\u00fd st\u00f4l a\u00a0tradi\u010dn\u00e1 viano\u010dn\u00e1 ve\u010dera n\u00e1m pripomenula, \u017ee \u017eiaci \u0161kolsk\u00e9ho intern\u00e1tu s\u00fa ako jedna ve\u013ek\u00e1 rodina. D\u00fafame, \u017ee aj na bud\u00faci rok si m\u00f4\u017eeme sadn\u00fa\u0165 k\u00a0sl\u00e1vnostn\u00e9mu stolu.<\/span><\/div>\n<div style=\"text-align: justify;\"><span style=\"font-size: medium;\"><br \/><\/span><\/div>\n<div style=\"text-align: right;\"><em><span style=\"font-size: medium;\">Domov\u00e1 rada \u0160I<\/span><\/em><\/div>\n<p><P><\/P><br \/>\n<div id=\"metaslider-id-1578\" style=\"max-width: 600px; margin: 0 auto;\" class=\"ml-slider-3-23-0 metaslider metaslider-flex metaslider-1578 ml-slider\">\n    <div id=\"metaslider_container_1578\">\n        <div id=\"metaslider_1578\">\n            <ul aria-live=\"polite\" class=\"slides\">\n                <li style=\"display: block; width: 100%;\" class=\"slide-1593 ms-image\"><img width=\"600\" height=\"450\" src=\"http:\/\/www.oagvm.sk\/wphirfolyam\/wp-content\/uploads\/2019\/12\/karacsony-intri-12.jpg\" class=\"slider-1578 slide-1593\" alt=\"\" loading=\"lazy\" rel=\"\" title=\"karacsony-intri-12\" srcset=\"http:\/\/www.oagvm.sk\/wphirfolyam\/wp-content\/uploads\/2019\/12\/karacsony-intri-12.jpg 600w, http:\/\/www.oagvm.sk\/wphirfolyam\/wp-content\/uploads\/2019\/12\/karacsony-intri-12-300x225.jpg 300w\" sizes=\"(max-width: 600px) 100vw, 600px\" \/><\/li>\n                <li style=\"display: none; width: 100%;\" class=\"slide-1594 ms-image\"><img width=\"600\" height=\"450\" src=\"http:\/\/www.oagvm.sk\/wphirfolyam\/wp-content\/uploads\/2019\/12\/karacsony-intri-13.jpg\" class=\"slider-1578 slide-1594\" alt=\"\" loading=\"lazy\" rel=\"\" title=\"karacsony-intri-13\" srcset=\"http:\/\/www.oagvm.sk\/wphirfolyam\/wp-content\/uploads\/2019\/12\/karacsony-intri-13.jpg 600w, http:\/\/www.oagvm.sk\/wphirfolyam\/wp-content\/uploads\/2019\/12\/karacsony-intri-13-300x225.jpg 300w\" sizes=\"(max-width: 600px) 100vw, 600px\" \/><\/li>\n                <li style=\"display: none; width: 100%;\" class=\"slide-1595 ms-image\"><img width=\"600\" height=\"450\" src=\"http:\/\/www.oagvm.sk\/wphirfolyam\/wp-content\/uploads\/2019\/12\/karacsony-intri-14.jpg\" class=\"slider-1578 slide-1595\" alt=\"\" loading=\"lazy\" rel=\"\" title=\"karacsony-intri-14\" srcset=\"http:\/\/www.oagvm.sk\/wphirfolyam\/wp-content\/uploads\/2019\/12\/karacsony-intri-14.jpg 600w, http:\/\/www.oagvm.sk\/wphirfolyam\/wp-content\/uploads\/2019\/12\/karacsony-intri-14-300x225.jpg 300w\" sizes=\"(max-width: 600px) 100vw, 600px\" \/><\/li>\n                <li style=\"display: none; width: 100%;\" class=\"slide-1596 ms-image\"><img width=\"600\" height=\"450\" src=\"http:\/\/www.oagvm.sk\/wphirfolyam\/wp-content\/uploads\/2019\/12\/karacsony-intri-01.jpg\" class=\"slider-1578 slide-1596\" alt=\"\" loading=\"lazy\" rel=\"\" title=\"karacsony-intri-01\" srcset=\"http:\/\/www.oagvm.sk\/wphirfolyam\/wp-content\/uploads\/2019\/12\/karacsony-intri-01.jpg 600w, http:\/\/www.oagvm.sk\/wphirfolyam\/wp-content\/uploads\/2019\/12\/karacsony-intri-01-300x225.jpg 300w\" sizes=\"(max-width: 600px) 100vw, 600px\" \/><\/li>\n                <li style=\"display: none; width: 100%;\" class=\"slide-1597 ms-image\"><img width=\"600\" height=\"450\" src=\"http:\/\/www.oagvm.sk\/wphirfolyam\/wp-content\/uploads\/2019\/12\/karacsony-intri-02.jpg\" class=\"slider-1578 slide-1597\" alt=\"\" loading=\"lazy\" rel=\"\" title=\"karacsony-intri-02\" srcset=\"http:\/\/www.oagvm.sk\/wphirfolyam\/wp-content\/uploads\/2019\/12\/karacsony-intri-02.jpg 600w, http:\/\/www.oagvm.sk\/wphirfolyam\/wp-content\/uploads\/2019\/12\/karacsony-intri-02-300x225.jpg 300w\" sizes=\"(max-width: 600px) 100vw, 600px\" \/><\/li>\n                <li style=\"display: none; width: 100%;\" class=\"slide-1598 ms-image\"><img width=\"600\" height=\"450\" src=\"http:\/\/www.oagvm.sk\/wphirfolyam\/wp-content\/uploads\/2019\/12\/karacsony-intri-03.jpg\" class=\"slider-1578 slide-1598\" alt=\"\" loading=\"lazy\" rel=\"\" title=\"karacsony-intri-03\" srcset=\"http:\/\/www.oagvm.sk\/wphirfolyam\/wp-content\/uploads\/2019\/12\/karacsony-intri-03.jpg 600w, http:\/\/www.oagvm.sk\/wphirfolyam\/wp-content\/uploads\/2019\/12\/karacsony-intri-03-300x225.jpg 300w\" sizes=\"(max-width: 600px) 100vw, 600px\" \/><\/li>\n                <li style=\"display: none; width: 100%;\" class=\"slide-1599 ms-image\"><img width=\"600\" height=\"450\" src=\"http:\/\/www.oagvm.sk\/wphirfolyam\/wp-content\/uploads\/2019\/12\/karacsony-intri-04.jpg\" class=\"slider-1578 slide-1599\" alt=\"\" loading=\"lazy\" rel=\"\" title=\"karacsony-intri-04\" srcset=\"http:\/\/www.oagvm.sk\/wphirfolyam\/wp-content\/uploads\/2019\/12\/karacsony-intri-04.jpg 600w, http:\/\/www.oagvm.sk\/wphirfolyam\/wp-content\/uploads\/2019\/12\/karacsony-intri-04-300x225.jpg 300w\" sizes=\"(max-width: 600px) 100vw, 600px\" \/><\/li>\n                <li style=\"display: none; width: 100%;\" class=\"slide-1600 ms-image\"><img width=\"600\" height=\"450\" src=\"http:\/\/www.oagvm.sk\/wphirfolyam\/wp-content\/uploads\/2019\/12\/karacsony-intri-05.jpg\" class=\"slider-1578 slide-1600\" alt=\"\" loading=\"lazy\" rel=\"\" title=\"karacsony-intri-05\" srcset=\"http:\/\/www.oagvm.sk\/wphirfolyam\/wp-content\/uploads\/2019\/12\/karacsony-intri-05.jpg 600w, http:\/\/www.oagvm.sk\/wphirfolyam\/wp-content\/uploads\/2019\/12\/karacsony-intri-05-300x225.jpg 300w\" sizes=\"(max-width: 600px) 100vw, 600px\" \/><\/li>\n                <li style=\"display: none; width: 100%;\" class=\"slide-1601 ms-image\"><img width=\"600\" height=\"450\" src=\"http:\/\/www.oagvm.sk\/wphirfolyam\/wp-content\/uploads\/2019\/12\/karacsony-intri-06.jpg\" class=\"slider-1578 slide-1601\" alt=\"\" loading=\"lazy\" rel=\"\" title=\"karacsony-intri-06\" srcset=\"http:\/\/www.oagvm.sk\/wphirfolyam\/wp-content\/uploads\/2019\/12\/karacsony-intri-06.jpg 600w, http:\/\/www.oagvm.sk\/wphirfolyam\/wp-content\/uploads\/2019\/12\/karacsony-intri-06-300x225.jpg 300w\" sizes=\"(max-width: 600px) 100vw, 600px\" \/><\/li>\n                <li style=\"display: none; width: 100%;\" class=\"slide-1602 ms-image\"><img width=\"600\" height=\"450\" src=\"http:\/\/www.oagvm.sk\/wphirfolyam\/wp-content\/uploads\/2019\/12\/karacsony-intri-07.jpg\" class=\"slider-1578 slide-1602\" alt=\"\" loading=\"lazy\" rel=\"\" title=\"karacsony-intri-07\" srcset=\"http:\/\/www.oagvm.sk\/wphirfolyam\/wp-content\/uploads\/2019\/12\/karacsony-intri-07.jpg 600w, http:\/\/www.oagvm.sk\/wphirfolyam\/wp-content\/uploads\/2019\/12\/karacsony-intri-07-300x225.jpg 300w\" sizes=\"(max-width: 600px) 100vw, 600px\" \/><\/li>\n                <li style=\"display: none; width: 100%;\" class=\"slide-1603 ms-image\"><img width=\"600\" height=\"450\" src=\"http:\/\/www.oagvm.sk\/wphirfolyam\/wp-content\/uploads\/2019\/12\/karacsony-intri-08.jpg\" class=\"slider-1578 slide-1603\" alt=\"\" loading=\"lazy\" rel=\"\" title=\"karacsony-intri-08\" srcset=\"http:\/\/www.oagvm.sk\/wphirfolyam\/wp-content\/uploads\/2019\/12\/karacsony-intri-08.jpg 600w, http:\/\/www.oagvm.sk\/wphirfolyam\/wp-content\/uploads\/2019\/12\/karacsony-intri-08-300x225.jpg 300w\" sizes=\"(max-width: 600px) 100vw, 600px\" \/><\/li>\n                <li style=\"display: none; width: 100%;\" class=\"slide-1604 ms-image\"><img width=\"600\" height=\"450\" src=\"http:\/\/www.oagvm.sk\/wphirfolyam\/wp-content\/uploads\/2019\/12\/karacsony-intri-09.jpg\" class=\"slider-1578 slide-1604\" alt=\"\" loading=\"lazy\" rel=\"\" title=\"karacsony-intri-09\" srcset=\"http:\/\/www.oagvm.sk\/wphirfolyam\/wp-content\/uploads\/2019\/12\/karacsony-intri-09.jpg 600w, http:\/\/www.oagvm.sk\/wphirfolyam\/wp-content\/uploads\/2019\/12\/karacsony-intri-09-300x225.jpg 300w\" sizes=\"(max-width: 600px) 100vw, 600px\" \/><\/li>\n                <li style=\"display: none; width: 100%;\" class=\"slide-1605 ms-image\"><img width=\"600\" height=\"450\" src=\"http:\/\/www.oagvm.sk\/wphirfolyam\/wp-content\/uploads\/2019\/12\/karacsony-intri-10.jpg\" class=\"slider-1578 slide-1605\" alt=\"\" loading=\"lazy\" rel=\"\" title=\"karacsony-intri-10\" srcset=\"http:\/\/www.oagvm.sk\/wphirfolyam\/wp-content\/uploads\/2019\/12\/karacsony-intri-10.jpg 600w, http:\/\/www.oagvm.sk\/wphirfolyam\/wp-content\/uploads\/2019\/12\/karacsony-intri-10-300x225.jpg 300w\" sizes=\"(max-width: 600px) 100vw, 600px\" \/><\/li>\n                <li style=\"display: none; width: 100%;\" class=\"slide-1606 ms-image\"><img width=\"600\" height=\"450\" src=\"http:\/\/www.oagvm.sk\/wphirfolyam\/wp-content\/uploads\/2019\/12\/karacsony-intri-11.jpg\" class=\"slider-1578 slide-1606\" alt=\"\" loading=\"lazy\" rel=\"\" title=\"karacsony-intri-11\" srcset=\"http:\/\/www.oagvm.sk\/wphirfolyam\/wp-content\/uploads\/2019\/12\/karacsony-intri-11.jpg 600w, http:\/\/www.oagvm.sk\/wphirfolyam\/wp-content\/uploads\/2019\/12\/karacsony-intri-11-300x225.jpg 300w\" sizes=\"(max-width: 600px) 100vw, 600px\" \/><\/li>\n            <\/ul>\n        <\/div>\n        \n    <\/div>\n<\/div><\/p>\n","protected":false},"excerpt":{"rendered":"<p>\u00dcnnepi vacsora a koll\u00e9giumban\u00a0 December 18-\u00e1n a Nagymegyeri Kereskedelmi Akad\u00e9mia mellett m\u0171k\u00f6d\u0151 Koll\u00e9gium lak\u00f3i ism\u00e9t egy\u00fctt \u00fcnnepelt\u00e9k a\u00a0kar\u00e1csonyt. Az iskola igazgat\u00f3n\u0151je, Mahul\u00e1nyi J\u00f3zsef katolikus esperes-pl\u00e9b\u00e1nos, Szuhay Gy\u00f6rgy tiszteletes \u00e9s a\u00a0nevel\u0151n\u0151k t\u00e1rsas\u00e1g\u00e1ban elt\u00f6lt\u00f6tt\u00fcnk egy kellemes est\u00e9t. Az \u00fcnneps\u00e9g elej\u00e9n egy kis m\u0171sorral lept\u00fck meg a\u00a0vacsor\u00e1n r\u00e9sztvev\u0151 vend\u00e9geinket. A\u00a0meghat\u00f3 \u00e9s sz\u00e9p adventi program, a\u00a0csod\u00e1latosan megter\u00edtett \u00fcnnepi asztal &#8230; <a title=\"\ufeff\u00dcnnepi vacsora a koll\u00e9giumban &#8211; Sl\u00e1vnostn\u00e1 ve\u010dera na \u0161kolskom intern\u00e1te\" class=\"read-more\" href=\"http:\/\/www.oagvm.sk\/wphirfolyam\/?p=1640\">Olvass tov\u00e1bb<span class=\"screen-reader-text\">\ufeff\u00dcnnepi vacsora a koll\u00e9giumban &#8211; Sl\u00e1vnostn\u00e1 ve\u010dera na \u0161kolskom intern\u00e1te<\/span><\/a><\/p>\n","protected":false},"author":1,"featured_media":0,"comment_status":"open","ping_status":"open","sticky":false,"template":"","format":"standard","meta":[],"categories":[50],"tags":[],"_links":{"self":[{"href":"http:\/\/www.oagvm.sk\/wphirfolyam\/index.php?rest_route=\/wp\/v2\/posts\/1640"}],"collection":[{"href":"http:\/\/www.oagvm.sk\/wphirfolyam\/index.php?rest_route=\/wp\/v2\/posts"}],"about":[{"href":"http:\/\/www.oagvm.sk\/wphirfolyam\/index.php?rest_route=\/wp\/v2\/types\/post"}],"author":[{"embeddable":true,"href":"http:\/\/www.oagvm.sk\/wphirfolyam\/index.php?rest_route=\/wp\/v2\/users\/1"}],"replies":[{"embeddable":true,"href":"http:\/\/www.oagvm.sk\/wphirfolyam\/index.php?rest_route=%2Fwp%2Fv2%2Fcomments&post=1640"}],"version-history":[{"count":1,"href":"http:\/\/www.oagvm.sk\/wphirfolyam\/index.php?rest_route=\/wp\/v2\/posts\/1640\/revisions"}],"predecessor-version":[{"id":1641,"href":"http:\/\/www.oagvm.sk\/wphirfolyam\/index.php?rest_route=\/wp\/v2\/posts\/1640\/revisions\/1641"}],"wp:attachment":[{"href":"http:\/\/www.oagvm.sk\/wphirfolyam\/index.php?rest_route=%2Fwp%2Fv2%2Fmedia&parent=1640"}],"wp:term":[{"taxonomy":"category","embeddable":true,"href":"http:\/\/www.oagvm.sk\/wphirfolyam\/index.php?rest_route=%2Fwp%2Fv2%2Fcategories&post=1640"},{"taxonomy":"post_tag","embeddable":true,"href":"http:\/\/www.oagvm.sk\/wphirfolyam\/index.php?rest_route=%2Fwp%2Fv2%2Ftags&post=1640"}],"curies":[{"name":"wp","href":"https:\/\/api.w.org\/{rel}","templated":true}]}}