{"id":21683,"date":"2026-04-30T12:47:50","date_gmt":"2026-04-30T10:47:50","guid":{"rendered":"http:\/\/www.oagvm.sk\/wphirfolyam\/?p=21683"},"modified":"2026-04-30T13:03:03","modified_gmt":"2026-04-30T11:03:03","slug":"nagymegyeri-majusfa-stavanie-maja-v-parku-obchodnej-akademie-vo-velkom-mederi","status":"publish","type":"post","link":"http:\/\/www.oagvm.sk\/wphirfolyam\/?p=21683","title":{"rendered":"Nagymegyeri m\u00e1jusfa &#8211; Stavanie m\u00e1ja v parku Obchodnej akad\u00e9mie vo Ve\u013ekom Mederi"},"content":{"rendered":"<h3 style=\"text-align: justify;\"><span style=\"font-family: tahoma, arial, helvetica, sans-serif; color: #ff6600;\"><strong>Nagymegyeri m\u00e1jusfa<\/strong><\/span><\/h3>\n<h3 style=\"text-align: justify;\"><span style=\"font-family: tahoma, arial, helvetica, sans-serif;\">A m\u00e1jusfa\u00e1ll\u00edt\u00e1s \u2013 melynek gy\u00f6kerei eg\u00e9szen az \u00f3korig ny\u00falnak vissza, s a kereszt\u00e9ny hagyom\u00e1nyban is helyet kapott \u2013 eg\u00e9sz Eur\u00f3p\u00e1ban ismert tavaszk\u00f6sz\u00f6nt\u0151 \u00fcnnep. A m\u00e1jusfa nemcsak a term\u00e9szet \u00fajj\u00e1sz\u00fclet\u00e9s\u00e9nek \u00e9s term\u00e9kenys\u00e9g\u00e9nek jelk\u00e9pe, hanem a szerelem \u00e9s az udvarl\u00e1s szimb\u00f3luma is. Ezt a hagyom\u00e1nyt rendszerint \u00e1prilis utols\u00f3 vagy m\u00e1jus els\u0151 napj\u00e1n eleven\u00edtett\u00e9k meg: a leg\u00e9nyek \u00e9jszaka vagy kora hajnalban \u00e1ll\u00edtott\u00e1k fel a feld\u00edsz\u00edtett f\u00e1t v\u00e1lasztottjuk h\u00e1za el\u00e9.<\/span><\/h3>\n<h3 style=\"text-align: justify;\"><span style=\"font-family: tahoma, arial, helvetica, sans-serif;\">Ez a r\u00e9gi szok\u00e1s 2024-ben \u00faj \u00e9letre kelt a Nagymegyeri Kereskedelmi Akad\u00e9mia koll\u00e9gium\u00e1nak parkj\u00e1ban, \u00e9s 2026. \u00e1prilis 30-\u00e1n imm\u00e1r harmadik alkalommal folytat\u00f3dott. Di\u00e1kok \u00e9s tan\u00e1rok ism\u00e9t k\u00f6z\u00f6sen gy\u0171ltek \u00f6ssze ezen a tavaszi reggelen, hogy egy\u00fcttes er\u0151vel \u00e1ll\u00edtsanak m\u00e1jusf\u00e1t a meg\u00fajul\u00e1s \u00e9s az \u00f6sszetartoz\u00e1s jegy\u00e9ben.<\/span><\/h3>\n<h3 style=\"text-align: justify;\"><span style=\"font-family: tahoma, arial, helvetica, sans-serif;\">\u00d6r\u00f6mmel tapasztaltuk, hogy a m\u00e1jusfa\u00e1ll\u00edt\u00e1s hagyom\u00e1nya meggy\u00f6keresedett int\u00e9zm\u00e9ny\u00fcnkben. A szervez\u00e9sben \u00e9s megval\u00f3s\u00edt\u00e1sban id\u00e9n is sz\u00e1mos di\u00e1k, pedag\u00f3gus \u00e9s iskolai dolgoz\u00f3 v\u00e1llalt akt\u00edv szerepet, amit ez\u00faton is h\u00e1l\u00e1san k\u00f6sz\u00f6n\u00fcnk.<\/span><br \/>\n<span style=\"font-family: tahoma, arial, helvetica, sans-serif;\">Aki tavaly r\u00e9szt vett ezen az \u00fcnneps\u00e9gen, m\u00e1r tudta, mire sz\u00e1m\u00edthat, aki pedig most \u00e9lte \u00e1t el\u0151sz\u00f6r, szint\u00e9n \u00f6r\u00f6mmel vette ki a r\u00e9sz\u00e9t. A k\u00f6z\u00f6s m\u00e1jusfa \u2013 sz\u00ednes szalagokkal d\u00edsz\u00edtve \u2013 ism\u00e9t \u00f6sszekapcsolta az int\u00e9zm\u00e9ny\u00fcnk k\u00f6z\u00f6ss\u00e9g\u00e9t.<\/span><\/h3>\n<h3 style=\"text-align: right;\"><span style=\"font-family: tahoma, arial, helvetica, sans-serif;\">Cs\u00e9falvay P\u00e9ter, di\u00e1kdiri<\/span><\/h3>\n<h3 style=\"text-align: justify;\"><span style=\"font-family: tahoma, arial, helvetica, sans-serif; color: #ff6600;\"><strong>Stavanie m\u00e1ja v parku Obchodnej akad\u00e9mie vo Ve\u013ekom Mederi<\/strong><\/span><\/h3>\n<h3 style=\"text-align: justify;\"><span style=\"font-family: tahoma, arial, helvetica, sans-serif;\">M\u00e1j je odd\u00e1vna pova\u017eovan\u00fd za mesiac l\u00e1sky, obnovy a nov\u00e9ho \u017eivota. Preb\u00fadzaj\u00faca sa pr\u00edroda v n\u00e1s vyvol\u00e1va pocit svie\u017eosti, radosti a n\u00e1deje. Stromy ako symboly \u017eivota v minulosti predstavovali v\u00ed\u0165azstvo jari nad zimou. U\u017e v stredoveku bolo na Slovensku zvykom, \u017ee ml\u00e1denci stavali pred domy svojich vyvolen\u00fdch ozdoben\u00e9 m\u00e1je ako prejav n\u00e1klonnosti, ale aj ako ochranu pred zl\u00fdmi silami.<\/span><\/h3>\n<h3 style=\"text-align: justify;\"><span style=\"font-family: tahoma, arial, helvetica, sans-serif;\">V tomto duchu sa nieslo aj podujatie, ktor\u00e9 sa uskuto\u010dnilo 30. apr\u00edla 2026 v parku \u0161kolsk\u00e9ho intern\u00e1tu Obchodnej akad\u00e9mie vo Ve\u013ekom Mederi. V rann\u00fdch hodin\u00e1ch sa tu stretli \u017eiaci, u\u010ditelia aj zamestnanci \u0161koly, aby spolo\u010dne postavili m\u00e1j a pripomenuli si kr\u00e1snu trad\u00edciu na\u0161ich predkov.<\/span><\/h3>\n<h3 style=\"text-align: justify;\"><span style=\"font-family: tahoma, arial, helvetica, sans-serif;\">Inici\u00e1torom podujatia bol \u0161tudentsk\u00fd riadite\u013e Peter Cs\u00e9falvay, ktor\u00e9mu patr\u00ed po\u010fakovanie za jeho organiz\u00e1ciu. Spolo\u010dne postaven\u00fd m\u00e1j sa stal symbolom nielen pr\u00edchodu jari, ale aj spolupatri\u010dnosti a priate\u013eskej atmosf\u00e9ry celej \u0161kolskej komunity.<\/span><\/h3>\n<h3 style=\"text-align: right;\"><span style=\"font-family: tahoma, arial, helvetica, sans-serif;\">Adam Such\u00fd, \u017eiak III. A triedy<\/span><\/h3>\n<div id=\"metaslider-id-21686\" style=\"width: 100%; margin: 0 auto;\" class=\"ml-slider-3-23-0 metaslider metaslider-flex metaslider-21686 ml-slider nav-hidden\">\n    <div id=\"metaslider_container_21686\">\n        <div id=\"metaslider_21686\">\n            <ul aria-live=\"polite\" class=\"slides\">\n                <li style=\"display: block; width: 100%;\" class=\"slide-21712 ms-image\"><img width=\"900\" height=\"600\" src=\"http:\/\/www.oagvm.sk\/wphirfolyam\/wp-content\/uploads\/2026\/04\/DSC_8594.jpg\" class=\"slider-21686 slide-21712\" alt=\"\" loading=\"lazy\" rel=\"\" title=\"DSC_8594\" srcset=\"http:\/\/www.oagvm.sk\/wphirfolyam\/wp-content\/uploads\/2026\/04\/DSC_8594.jpg 900w, http:\/\/www.oagvm.sk\/wphirfolyam\/wp-content\/uploads\/2026\/04\/DSC_8594-300x200.jpg 300w, http:\/\/www.oagvm.sk\/wphirfolyam\/wp-content\/uploads\/2026\/04\/DSC_8594-768x512.jpg 768w\" sizes=\"(max-width: 900px) 100vw, 900px\" \/><\/li>\n                <li style=\"display: none; width: 100%;\" class=\"slide-21713 ms-image\"><img width=\"900\" height=\"600\" src=\"http:\/\/www.oagvm.sk\/wphirfolyam\/wp-content\/uploads\/2026\/04\/DSC_8596.jpg\" class=\"slider-21686 slide-21713\" alt=\"\" loading=\"lazy\" rel=\"\" title=\"DSC_8596\" srcset=\"http:\/\/www.oagvm.sk\/wphirfolyam\/wp-content\/uploads\/2026\/04\/DSC_8596.jpg 900w, http:\/\/www.oagvm.sk\/wphirfolyam\/wp-content\/uploads\/2026\/04\/DSC_8596-300x200.jpg 300w, http:\/\/www.oagvm.sk\/wphirfolyam\/wp-content\/uploads\/2026\/04\/DSC_8596-768x512.jpg 768w\" sizes=\"(max-width: 900px) 100vw, 900px\" \/><\/li>\n                <li style=\"display: none; width: 100%;\" class=\"slide-21714 ms-image\"><img width=\"900\" height=\"600\" src=\"http:\/\/www.oagvm.sk\/wphirfolyam\/wp-content\/uploads\/2026\/04\/DSC_8598.jpg\" class=\"slider-21686 slide-21714\" alt=\"\" loading=\"lazy\" rel=\"\" title=\"DSC_8598\" srcset=\"http:\/\/www.oagvm.sk\/wphirfolyam\/wp-content\/uploads\/2026\/04\/DSC_8598.jpg 900w, http:\/\/www.oagvm.sk\/wphirfolyam\/wp-content\/uploads\/2026\/04\/DSC_8598-300x200.jpg 300w, http:\/\/www.oagvm.sk\/wphirfolyam\/wp-content\/uploads\/2026\/04\/DSC_8598-768x512.jpg 768w\" sizes=\"(max-width: 900px) 100vw, 900px\" \/><\/li>\n                <li style=\"display: none; width: 100%;\" class=\"slide-21715 ms-image\"><img width=\"900\" height=\"600\" src=\"http:\/\/www.oagvm.sk\/wphirfolyam\/wp-content\/uploads\/2026\/04\/DSC_8600.jpg\" class=\"slider-21686 slide-21715\" alt=\"\" loading=\"lazy\" rel=\"\" title=\"DSC_8600\" srcset=\"http:\/\/www.oagvm.sk\/wphirfolyam\/wp-content\/uploads\/2026\/04\/DSC_8600.jpg 900w, http:\/\/www.oagvm.sk\/wphirfolyam\/wp-content\/uploads\/2026\/04\/DSC_8600-300x200.jpg 300w, http:\/\/www.oagvm.sk\/wphirfolyam\/wp-content\/uploads\/2026\/04\/DSC_8600-768x512.jpg 768w\" sizes=\"(max-width: 900px) 100vw, 900px\" \/><\/li>\n                <li style=\"display: none; width: 100%;\" class=\"slide-21716 ms-image\"><img width=\"900\" height=\"600\" src=\"http:\/\/www.oagvm.sk\/wphirfolyam\/wp-content\/uploads\/2026\/04\/DSC_8601.jpg\" class=\"slider-21686 slide-21716\" alt=\"\" loading=\"lazy\" rel=\"\" title=\"DSC_8601\" srcset=\"http:\/\/www.oagvm.sk\/wphirfolyam\/wp-content\/uploads\/2026\/04\/DSC_8601.jpg 900w, http:\/\/www.oagvm.sk\/wphirfolyam\/wp-content\/uploads\/2026\/04\/DSC_8601-300x200.jpg 300w, http:\/\/www.oagvm.sk\/wphirfolyam\/wp-content\/uploads\/2026\/04\/DSC_8601-768x512.jpg 768w\" sizes=\"(max-width: 900px) 100vw, 900px\" \/><\/li>\n                <li style=\"display: none; width: 100%;\" class=\"slide-21717 ms-image\"><img width=\"900\" height=\"600\" src=\"http:\/\/www.oagvm.sk\/wphirfolyam\/wp-content\/uploads\/2026\/04\/DSC_8602.jpg\" class=\"slider-21686 slide-21717\" alt=\"\" loading=\"lazy\" rel=\"\" title=\"DSC_8602\" srcset=\"http:\/\/www.oagvm.sk\/wphirfolyam\/wp-content\/uploads\/2026\/04\/DSC_8602.jpg 900w, http:\/\/www.oagvm.sk\/wphirfolyam\/wp-content\/uploads\/2026\/04\/DSC_8602-300x200.jpg 300w, http:\/\/www.oagvm.sk\/wphirfolyam\/wp-content\/uploads\/2026\/04\/DSC_8602-768x512.jpg 768w\" sizes=\"(max-width: 900px) 100vw, 900px\" \/><\/li>\n                <li style=\"display: none; width: 100%;\" class=\"slide-21718 ms-image\"><img width=\"900\" height=\"600\" src=\"http:\/\/www.oagvm.sk\/wphirfolyam\/wp-content\/uploads\/2026\/04\/DSC_8605.jpg\" class=\"slider-21686 slide-21718\" alt=\"\" loading=\"lazy\" rel=\"\" title=\"DSC_8605\" srcset=\"http:\/\/www.oagvm.sk\/wphirfolyam\/wp-content\/uploads\/2026\/04\/DSC_8605.jpg 900w, http:\/\/www.oagvm.sk\/wphirfolyam\/wp-content\/uploads\/2026\/04\/DSC_8605-300x200.jpg 300w, http:\/\/www.oagvm.sk\/wphirfolyam\/wp-content\/uploads\/2026\/04\/DSC_8605-768x512.jpg 768w\" sizes=\"(max-width: 900px) 100vw, 900px\" \/><\/li>\n                <li style=\"display: none; width: 100%;\" class=\"slide-21719 ms-image\"><img width=\"900\" height=\"600\" src=\"http:\/\/www.oagvm.sk\/wphirfolyam\/wp-content\/uploads\/2026\/04\/DSC_8606.jpg\" class=\"slider-21686 slide-21719\" alt=\"\" loading=\"lazy\" rel=\"\" title=\"DSC_8606\" srcset=\"http:\/\/www.oagvm.sk\/wphirfolyam\/wp-content\/uploads\/2026\/04\/DSC_8606.jpg 900w, http:\/\/www.oagvm.sk\/wphirfolyam\/wp-content\/uploads\/2026\/04\/DSC_8606-300x200.jpg 300w, http:\/\/www.oagvm.sk\/wphirfolyam\/wp-content\/uploads\/2026\/04\/DSC_8606-768x512.jpg 768w\" sizes=\"(max-width: 900px) 100vw, 900px\" \/><\/li>\n                <li style=\"display: none; width: 100%;\" class=\"slide-21720 ms-image\"><img width=\"900\" height=\"600\" src=\"http:\/\/www.oagvm.sk\/wphirfolyam\/wp-content\/uploads\/2026\/04\/DSC_8607.jpg\" class=\"slider-21686 slide-21720\" alt=\"\" loading=\"lazy\" rel=\"\" title=\"DSC_8607\" srcset=\"http:\/\/www.oagvm.sk\/wphirfolyam\/wp-content\/uploads\/2026\/04\/DSC_8607.jpg 900w, http:\/\/www.oagvm.sk\/wphirfolyam\/wp-content\/uploads\/2026\/04\/DSC_8607-300x200.jpg 300w, http:\/\/www.oagvm.sk\/wphirfolyam\/wp-content\/uploads\/2026\/04\/DSC_8607-768x512.jpg 768w\" sizes=\"(max-width: 900px) 100vw, 900px\" \/><\/li>\n                <li style=\"display: none; width: 100%;\" class=\"slide-21721 ms-image\"><img width=\"900\" height=\"600\" src=\"http:\/\/www.oagvm.sk\/wphirfolyam\/wp-content\/uploads\/2026\/04\/DSC_8608.jpg\" class=\"slider-21686 slide-21721\" alt=\"\" loading=\"lazy\" rel=\"\" title=\"DSC_8608\" srcset=\"http:\/\/www.oagvm.sk\/wphirfolyam\/wp-content\/uploads\/2026\/04\/DSC_8608.jpg 900w, http:\/\/www.oagvm.sk\/wphirfolyam\/wp-content\/uploads\/2026\/04\/DSC_8608-300x200.jpg 300w, http:\/\/www.oagvm.sk\/wphirfolyam\/wp-content\/uploads\/2026\/04\/DSC_8608-768x512.jpg 768w\" sizes=\"(max-width: 900px) 100vw, 900px\" \/><\/li>\n                <li style=\"display: none; width: 100%;\" class=\"slide-21722 ms-image\"><img width=\"900\" height=\"600\" src=\"http:\/\/www.oagvm.sk\/wphirfolyam\/wp-content\/uploads\/2026\/04\/DSC_8612.jpg\" class=\"slider-21686 slide-21722\" alt=\"\" loading=\"lazy\" rel=\"\" title=\"DSC_8612\" srcset=\"http:\/\/www.oagvm.sk\/wphirfolyam\/wp-content\/uploads\/2026\/04\/DSC_8612.jpg 900w, http:\/\/www.oagvm.sk\/wphirfolyam\/wp-content\/uploads\/2026\/04\/DSC_8612-300x200.jpg 300w, http:\/\/www.oagvm.sk\/wphirfolyam\/wp-content\/uploads\/2026\/04\/DSC_8612-768x512.jpg 768w\" sizes=\"(max-width: 900px) 100vw, 900px\" \/><\/li>\n                <li style=\"display: none; width: 100%;\" class=\"slide-21723 ms-image\"><img width=\"900\" height=\"600\" src=\"http:\/\/www.oagvm.sk\/wphirfolyam\/wp-content\/uploads\/2026\/04\/DSC_8613.jpg\" class=\"slider-21686 slide-21723\" alt=\"\" loading=\"lazy\" rel=\"\" title=\"DSC_8613\" srcset=\"http:\/\/www.oagvm.sk\/wphirfolyam\/wp-content\/uploads\/2026\/04\/DSC_8613.jpg 900w, http:\/\/www.oagvm.sk\/wphirfolyam\/wp-content\/uploads\/2026\/04\/DSC_8613-300x200.jpg 300w, http:\/\/www.oagvm.sk\/wphirfolyam\/wp-content\/uploads\/2026\/04\/DSC_8613-768x512.jpg 768w\" sizes=\"(max-width: 900px) 100vw, 900px\" \/><\/li>\n                <li style=\"display: none; width: 100%;\" class=\"slide-21724 ms-image\"><img width=\"506\" height=\"900\" src=\"http:\/\/www.oagvm.sk\/wphirfolyam\/wp-content\/uploads\/2026\/04\/IMG_8316.jpg\" class=\"slider-21686 slide-21724\" alt=\"\" loading=\"lazy\" rel=\"\" title=\"IMG_8316\" srcset=\"http:\/\/www.oagvm.sk\/wphirfolyam\/wp-content\/uploads\/2026\/04\/IMG_8316.jpg 506w, http:\/\/www.oagvm.sk\/wphirfolyam\/wp-content\/uploads\/2026\/04\/IMG_8316-169x300.jpg 169w\" sizes=\"(max-width: 506px) 100vw, 506px\" \/><\/li>\n                <li style=\"display: none; width: 100%;\" class=\"slide-21725 ms-image\"><img width=\"506\" height=\"900\" src=\"http:\/\/www.oagvm.sk\/wphirfolyam\/wp-content\/uploads\/2026\/04\/IMG_8318.jpg\" class=\"slider-21686 slide-21725\" alt=\"\" loading=\"lazy\" rel=\"\" title=\"IMG_8318\" srcset=\"http:\/\/www.oagvm.sk\/wphirfolyam\/wp-content\/uploads\/2026\/04\/IMG_8318.jpg 506w, http:\/\/www.oagvm.sk\/wphirfolyam\/wp-content\/uploads\/2026\/04\/IMG_8318-169x300.jpg 169w\" sizes=\"(max-width: 506px) 100vw, 506px\" \/><\/li>\n                <li style=\"display: none; width: 100%;\" class=\"slide-21726 ms-image\"><img width=\"506\" height=\"900\" src=\"http:\/\/www.oagvm.sk\/wphirfolyam\/wp-content\/uploads\/2026\/04\/IMG_8319.jpg\" class=\"slider-21686 slide-21726\" alt=\"\" loading=\"lazy\" rel=\"\" title=\"IMG_8319\" srcset=\"http:\/\/www.oagvm.sk\/wphirfolyam\/wp-content\/uploads\/2026\/04\/IMG_8319.jpg 506w, http:\/\/www.oagvm.sk\/wphirfolyam\/wp-content\/uploads\/2026\/04\/IMG_8319-169x300.jpg 169w\" sizes=\"(max-width: 506px) 100vw, 506px\" \/><\/li>\n                <li style=\"display: none; width: 100%;\" class=\"slide-21727 ms-image\"><img width=\"506\" height=\"900\" src=\"http:\/\/www.oagvm.sk\/wphirfolyam\/wp-content\/uploads\/2026\/04\/IMG_8329.jpg\" class=\"slider-21686 slide-21727\" alt=\"\" loading=\"lazy\" rel=\"\" title=\"IMG_8329\" srcset=\"http:\/\/www.oagvm.sk\/wphirfolyam\/wp-content\/uploads\/2026\/04\/IMG_8329.jpg 506w, http:\/\/www.oagvm.sk\/wphirfolyam\/wp-content\/uploads\/2026\/04\/IMG_8329-169x300.jpg 169w\" sizes=\"(max-width: 506px) 100vw, 506px\" \/><\/li>\n                <li style=\"display: none; width: 100%;\" class=\"slide-21728 ms-image\"><img width=\"506\" height=\"900\" src=\"http:\/\/www.oagvm.sk\/wphirfolyam\/wp-content\/uploads\/2026\/04\/IMG_8330.jpg\" class=\"slider-21686 slide-21728\" alt=\"\" loading=\"lazy\" rel=\"\" title=\"IMG_8330\" srcset=\"http:\/\/www.oagvm.sk\/wphirfolyam\/wp-content\/uploads\/2026\/04\/IMG_8330.jpg 506w, http:\/\/www.oagvm.sk\/wphirfolyam\/wp-content\/uploads\/2026\/04\/IMG_8330-169x300.jpg 169w\" sizes=\"(max-width: 506px) 100vw, 506px\" \/><\/li>\n                <li style=\"display: none; width: 100%;\" class=\"slide-21729 ms-image\"><img width=\"506\" height=\"900\" src=\"http:\/\/www.oagvm.sk\/wphirfolyam\/wp-content\/uploads\/2026\/04\/IMG_8332-1.jpg\" class=\"slider-21686 slide-21729\" alt=\"\" loading=\"lazy\" rel=\"\" title=\"IMG_8332 (1)\" srcset=\"http:\/\/www.oagvm.sk\/wphirfolyam\/wp-content\/uploads\/2026\/04\/IMG_8332-1.jpg 506w, http:\/\/www.oagvm.sk\/wphirfolyam\/wp-content\/uploads\/2026\/04\/IMG_8332-1-169x300.jpg 169w\" sizes=\"(max-width: 506px) 100vw, 506px\" \/><\/li>\n                <li style=\"display: none; width: 100%;\" class=\"slide-21730 ms-image\"><img width=\"506\" height=\"900\" src=\"http:\/\/www.oagvm.sk\/wphirfolyam\/wp-content\/uploads\/2026\/04\/IMG_8334.jpg\" class=\"slider-21686 slide-21730\" alt=\"\" loading=\"lazy\" rel=\"\" title=\"IMG_8334\" srcset=\"http:\/\/www.oagvm.sk\/wphirfolyam\/wp-content\/uploads\/2026\/04\/IMG_8334.jpg 506w, http:\/\/www.oagvm.sk\/wphirfolyam\/wp-content\/uploads\/2026\/04\/IMG_8334-169x300.jpg 169w\" sizes=\"(max-width: 506px) 100vw, 506px\" \/><\/li>\n                <li style=\"display: none; width: 100%;\" class=\"slide-21731 ms-image\"><img width=\"506\" height=\"900\" src=\"http:\/\/www.oagvm.sk\/wphirfolyam\/wp-content\/uploads\/2026\/04\/IMG_8335.jpg\" class=\"slider-21686 slide-21731\" alt=\"\" loading=\"lazy\" rel=\"\" title=\"IMG_8335\" srcset=\"http:\/\/www.oagvm.sk\/wphirfolyam\/wp-content\/uploads\/2026\/04\/IMG_8335.jpg 506w, http:\/\/www.oagvm.sk\/wphirfolyam\/wp-content\/uploads\/2026\/04\/IMG_8335-169x300.jpg 169w\" sizes=\"(max-width: 506px) 100vw, 506px\" \/><\/li>\n                <li style=\"display: none; width: 100%;\" class=\"slide-21732 ms-image\"><img width=\"506\" height=\"900\" src=\"http:\/\/www.oagvm.sk\/wphirfolyam\/wp-content\/uploads\/2026\/04\/IMG_8340.jpg\" class=\"slider-21686 slide-21732\" alt=\"\" loading=\"lazy\" rel=\"\" title=\"IMG_8340\" srcset=\"http:\/\/www.oagvm.sk\/wphirfolyam\/wp-content\/uploads\/2026\/04\/IMG_8340.jpg 506w, http:\/\/www.oagvm.sk\/wphirfolyam\/wp-content\/uploads\/2026\/04\/IMG_8340-169x300.jpg 169w\" sizes=\"(max-width: 506px) 100vw, 506px\" \/><\/li>\n                <li style=\"display: none; width: 100%;\" class=\"slide-21733 ms-image\"><img width=\"506\" height=\"900\" src=\"http:\/\/www.oagvm.sk\/wphirfolyam\/wp-content\/uploads\/2026\/04\/IMG_8343.jpg\" class=\"slider-21686 slide-21733\" alt=\"\" loading=\"lazy\" rel=\"\" title=\"IMG_8343\" srcset=\"http:\/\/www.oagvm.sk\/wphirfolyam\/wp-content\/uploads\/2026\/04\/IMG_8343.jpg 506w, http:\/\/www.oagvm.sk\/wphirfolyam\/wp-content\/uploads\/2026\/04\/IMG_8343-169x300.jpg 169w\" sizes=\"(max-width: 506px) 100vw, 506px\" \/><\/li>\n                <li style=\"display: none; width: 100%;\" class=\"slide-21734 ms-image\"><img width=\"506\" height=\"900\" src=\"http:\/\/www.oagvm.sk\/wphirfolyam\/wp-content\/uploads\/2026\/04\/IMG_8344.jpg\" class=\"slider-21686 slide-21734\" alt=\"\" loading=\"lazy\" rel=\"\" title=\"IMG_8344\" srcset=\"http:\/\/www.oagvm.sk\/wphirfolyam\/wp-content\/uploads\/2026\/04\/IMG_8344.jpg 506w, http:\/\/www.oagvm.sk\/wphirfolyam\/wp-content\/uploads\/2026\/04\/IMG_8344-169x300.jpg 169w\" sizes=\"(max-width: 506px) 100vw, 506px\" \/><\/li>\n                <li style=\"display: none; width: 100%;\" class=\"slide-21735 ms-image\"><img width=\"506\" height=\"900\" src=\"http:\/\/www.oagvm.sk\/wphirfolyam\/wp-content\/uploads\/2026\/04\/IMG_8345.jpg\" class=\"slider-21686 slide-21735\" alt=\"\" loading=\"lazy\" rel=\"\" title=\"IMG_8345\" srcset=\"http:\/\/www.oagvm.sk\/wphirfolyam\/wp-content\/uploads\/2026\/04\/IMG_8345.jpg 506w, http:\/\/www.oagvm.sk\/wphirfolyam\/wp-content\/uploads\/2026\/04\/IMG_8345-169x300.jpg 169w\" sizes=\"(max-width: 506px) 100vw, 506px\" \/><\/li>\n            <\/ul>\n        <\/div>\n        \n    <\/div>\n<\/div>\n","protected":false},"excerpt":{"rendered":"<p>Nagymegyeri m\u00e1jusfa A m\u00e1jusfa\u00e1ll\u00edt\u00e1s \u2013 melynek gy\u00f6kerei eg\u00e9szen az \u00f3korig ny\u00falnak vissza, s a kereszt\u00e9ny hagyom\u00e1nyban is helyet kapott \u2013 eg\u00e9sz Eur\u00f3p\u00e1ban ismert tavaszk\u00f6sz\u00f6nt\u0151 \u00fcnnep. A m\u00e1jusfa nemcsak a term\u00e9szet \u00fajj\u00e1sz\u00fclet\u00e9s\u00e9nek \u00e9s term\u00e9kenys\u00e9g\u00e9nek jelk\u00e9pe, hanem a szerelem \u00e9s az udvarl\u00e1s szimb\u00f3luma is. Ezt a hagyom\u00e1nyt rendszerint \u00e1prilis utols\u00f3 vagy m\u00e1jus els\u0151 napj\u00e1n eleven\u00edtett\u00e9k meg: a &#8230; <a title=\"Nagymegyeri m\u00e1jusfa &#8211; Stavanie m\u00e1ja v parku Obchodnej akad\u00e9mie vo Ve\u013ekom Mederi\" class=\"read-more\" href=\"http:\/\/www.oagvm.sk\/wphirfolyam\/?p=21683\">Olvass tov\u00e1bb<span class=\"screen-reader-text\">Nagymegyeri m\u00e1jusfa &#8211; Stavanie m\u00e1ja v parku Obchodnej akad\u00e9mie vo Ve\u013ekom Mederi<\/span><\/a><\/p>\n","protected":false},"author":2,"featured_media":0,"comment_status":"closed","ping_status":"closed","sticky":false,"template":"","format":"standard","meta":[],"categories":[84],"tags":[],"_links":{"self":[{"href":"http:\/\/www.oagvm.sk\/wphirfolyam\/index.php?rest_route=\/wp\/v2\/posts\/21683"}],"collection":[{"href":"http:\/\/www.oagvm.sk\/wphirfolyam\/index.php?rest_route=\/wp\/v2\/posts"}],"about":[{"href":"http:\/\/www.oagvm.sk\/wphirfolyam\/index.php?rest_route=\/wp\/v2\/types\/post"}],"author":[{"embeddable":true,"href":"http:\/\/www.oagvm.sk\/wphirfolyam\/index.php?rest_route=\/wp\/v2\/users\/2"}],"replies":[{"embeddable":true,"href":"http:\/\/www.oagvm.sk\/wphirfolyam\/index.php?rest_route=%2Fwp%2Fv2%2Fcomments&post=21683"}],"version-history":[{"count":3,"href":"http:\/\/www.oagvm.sk\/wphirfolyam\/index.php?rest_route=\/wp\/v2\/posts\/21683\/revisions"}],"predecessor-version":[{"id":21736,"href":"http:\/\/www.oagvm.sk\/wphirfolyam\/index.php?rest_route=\/wp\/v2\/posts\/21683\/revisions\/21736"}],"wp:attachment":[{"href":"http:\/\/www.oagvm.sk\/wphirfolyam\/index.php?rest_route=%2Fwp%2Fv2%2Fmedia&parent=21683"}],"wp:term":[{"taxonomy":"category","embeddable":true,"href":"http:\/\/www.oagvm.sk\/wphirfolyam\/index.php?rest_route=%2Fwp%2Fv2%2Fcategories&post=21683"},{"taxonomy":"post_tag","embeddable":true,"href":"http:\/\/www.oagvm.sk\/wphirfolyam\/index.php?rest_route=%2Fwp%2Fv2%2Ftags&post=21683"}],"curies":[{"name":"wp","href":"https:\/\/api.w.org\/{rel}","templated":true}]}}