{"id":21737,"date":"2026-04-30T10:07:06","date_gmt":"2026-04-30T08:07:06","guid":{"rendered":"http:\/\/www.oagvm.sk\/wphirfolyam\/?p=21737"},"modified":"2026-04-30T14:16:12","modified_gmt":"2026-04-30T12:16:12","slug":"zacni-mudro-od-napadu-k-podnikaniu","status":"publish","type":"post","link":"http:\/\/www.oagvm.sk\/wphirfolyam\/?p=21737","title":{"rendered":"Kezdj Okosan. \u00d6tletb\u0151l V\u00e1llalkoz\u00e1s &#8211; Za\u010dni m\u00fadro. Od n\u00e1padu k podnikaniu"},"content":{"rendered":"<h3 style=\"text-align: justify;\"><span style=\"font-family: tahoma, arial, helvetica, sans-serif; color: #ff6600;\"><strong>Kezdj Okosan \u2013 \u00d6tletb\u0151l V\u00e1llalkoz\u00e1s<\/strong><\/span><\/h3>\n<h3 style=\"text-align: justify;\"><span style=\"font-family: tahoma, arial, helvetica, sans-serif;\">A Szlov\u00e1kiai Magyar V\u00e1llalkoz\u00f3k Sz\u00f6vets\u00e9ge id\u00e9n is meghirdette a \u201eKezdj Okosan \u2013 \u00d6tletb\u0151l V\u00e1llalkoz\u00e1s\u201d elnevez\u00e9s\u0171 verseny\u00e9t, amely v\u00e1llalkoz\u00f3i \u00f6tletek kidolgoz\u00e1s\u00e1b\u00f3l \u00e9s prezent\u00e1ci\u00f3j\u00e1b\u00f3l tev\u0151dik \u00f6ssze. Az orsz\u00e1gos d\u00f6nt\u0151re Kom\u00e1romban ker\u00fclt sor, amelyre csapatunk, a NapoTruck Kft. is megh\u00edv\u00e1st kapott. \u00d6tlet\u00fcnk egy food truck volt, amely a n\u00e1polyi pizz\u00e1n kereszt\u00fcl hozza el az olasz \u00e9let\u00e9rz\u00e9st. Csapatunk k\u00e9t tagja, Menyh\u00e1rt Rajmund \u00e9s Hodosi M\u00e1t\u00e9 rengeteg id\u0151t \u00e9s energi\u00e1t fektetett a felk\u00e9sz\u00fcl\u00e9sbe.<\/span><\/h3>\n<h3 style=\"text-align: justify;\"><span style=\"font-family: tahoma, arial, helvetica, sans-serif;\">A d\u00f6nt\u0151 sor\u00e1n rendk\u00edv\u00fcl inspir\u00e1l\u00f3 volt, hogy mindenki rendk\u00edv\u00fcl kreat\u00edv projektekkel \u00e9rkezett. Az \u00f6tletek soksz\u00edn\u0171s\u00e9ge \u00e9s a r\u00e9sztvev\u0151k elk\u00f6telezetts\u00e9ge igaz\u00e1n motiv\u00e1l\u00f3 l\u00e9gk\u00f6rt teremtett. A bemutat\u00f3k ut\u00e1n n\u00e9gytag\u00fa szakmai zs\u0171ri \u00e9rt\u00e9kelte a projekteket. A v\u00e1llalkoz\u00f3i zs\u0171ri nemcsak k\u00e9rd\u00e9seket tett fel az \u00f6tletekkel \u00e9s azok megval\u00f3s\u00edt\u00e1s\u00e1val kapcsolatban, hanem hasznos, szakmai tan\u00e1csokat is adott minden r\u00e9sztvev\u0151nek. Ezek a visszajelz\u00e9sek k\u00fcl\u00f6n\u00f6sen \u00e9rt\u00e9kesek voltak sz\u00e1munkra, hiszen seg\u00edtenek tov\u00e1bbfejleszteni saj\u00e1t v\u00e1llalkoz\u00f3i elk\u00e9pzel\u00e9seinket.B\u00e1r nem ker\u00fclt\u00fcnk a d\u00edjazottak k\u00f6z\u00e9, m\u00e9gis hasznos tapasztalatokkal gazdagodtunk.A verseny sz\u00e1munkra nemcsak megm\u00e9rettet\u00e9s volt, hanem tanul\u00e1si lehet\u0151s\u00e9g is. Professzion\u00e1lis tan\u00e1csokat kaptunk a c\u00e9g\u00fcnkkel kapcsolatban, amelyeket a j\u00f6v\u0151ben mindenk\u00e9ppen hasznos\u00edtani fogunk. Nagyon sz\u00e9pen k\u00f6sz\u00f6nj\u00fck Jank\u00f3 Anik\u00f3 tan\u00e1rn\u0151nek a nagyszer\u0171 felk\u00e9sz\u00edt\u00e9st.<\/span><\/h3>\n<h3 style=\"text-align: right;\"><span style=\"font-family: tahoma, arial, helvetica, sans-serif;\">Menyh\u00e1rt Rajmund \u00e9s Hodosi M\u00e1t\u00e9 III. B oszt\u00e1lyos tanul\u00f3k<\/span><\/h3>\n<h3 style=\"text-align: justify;\"><span style=\"font-family: tahoma, arial, helvetica, sans-serif; color: #ff6600;\"><strong>Za\u010dni m\u00fadro \u2013 Od n\u00e1padu k podnikaniu<\/strong><\/span><\/h3>\n<h3 style=\"text-align: justify;\"><span style=\"font-family: tahoma, arial, helvetica, sans-serif;\">Zdru\u017eenie ma\u010farsk\u00fdch podnikate\u013eov na Slovensku aj tento rok vyhl\u00e1silo s\u00fa\u0165a\u017e s n\u00e1zvom \u201eZa\u010dni m\u00fadro \u2013 Od n\u00e1padu k podnikaniu\u201c, ktor\u00e1 pozost\u00e1va z vypracovania podnikate\u013esk\u00fdch n\u00e1padov a ich prezent\u00e1cie. Celoslovensk\u00e9 fin\u00e1le sa konalo v Kom\u00e1rne, na ktor\u00e9 bol pozvan\u00fd aj n\u00e1\u0161 t\u00edm NapoTruck s.r.o., ktor\u00e9ho \u010dlenmi s\u00fa Rajmund Menyh\u00e1rt a M\u00e1t\u00e9 Hodosi. Bolo mimoriadne in\u0161piruj\u00face vidie\u0165, s ak\u00fdmi kreat\u00edvnymi projektmi pri\u0161li jednotliv\u00ed \u00fa\u010dastn\u00edci. Rozmanitos\u0165 n\u00e1padov a odhodlanie s\u00fa\u0165a\u017eiacich vytvorili skuto\u010dne motivuj\u00facu atmosf\u00e9ru.<\/span><\/h3>\n<h3 style=\"text-align: justify;\"><span style=\"font-family: tahoma, arial, helvetica, sans-serif;\">Po prezent\u00e1ci\u00e1ch hodnotila projekty \u0161tvor\u010dlenn\u00e1 odborn\u00e1 porota. Podnikate\u013esk\u00e1 porota nekl\u00e1dla len ot\u00e1zky t\u00fdkaj\u00face sa n\u00e1padov a ich realiz\u00e1cie, ale poskytla aj u\u017eito\u010dn\u00e9 odborn\u00e9 rady ka\u017ed\u00e9mu \u00fa\u010dastn\u00edkovi. Tieto sp\u00e4tn\u00e9 v\u00e4zby boli pre n\u00e1s mimoriadne cenn\u00e9, preto\u017ee n\u00e1m pom\u00f4\u017eu \u010falej rozv\u00edja\u0165 n\u00e1\u0161 podnikate\u013esk\u00fd z\u00e1mer.<\/span><\/h3>\n<h3 style=\"text-align: justify;\"><span style=\"font-family: tahoma, arial, helvetica, sans-serif;\">Aj ke\u010f sme sa neumiestnili medzi ocenen\u00fdmi, z\u00edskali sme mno\u017estvo cenn\u00fdch sk\u00fasenost\u00ed.<\/span><\/h3>\n<h3 style=\"text-align: justify;\"><span style=\"font-family: tahoma, arial, helvetica, sans-serif;\">Pre n\u00e1s t\u00e1to s\u00fa\u0165a\u017e nebola len s\u00fa\u0165a\u017een\u00edm, ale aj pr\u00edle\u017eitos\u0165ou u\u010di\u0165 sa. Z\u00edskali sme profesion\u00e1lne rady t\u00fdkaj\u00face sa na\u0161ej firmy, ktor\u00e9 ur\u010dite vyu\u017eijeme v bud\u00facnosti.<\/span><\/h3>\n<h3 style=\"text-align: justify;\"><span style=\"font-family: tahoma, arial, helvetica, sans-serif;\">Ve\u013emi pekne \u010fakujeme pani u\u010dite\u013eke Anik\u00f3 Jank\u00f3ovej za jej trpezlivos\u0165 s nami a za skvel\u00fa pr\u00edpravu.<\/span><\/h3>\n<h3 style=\"text-align: right;\"><span style=\"font-family: tahoma, arial, helvetica, sans-serif;\">Menyh\u00e1rt Rajmund, Hodosi M\u00e1t\u00e9, \u017eiaci III. B triedy<\/span><\/h3>\n<div id=\"metaslider-id-21740\" style=\"width: 100%; margin: 0 auto;\" class=\"ml-slider-3-23-0 metaslider metaslider-flex metaslider-21740 ml-slider nav-hidden\">\n    <div id=\"metaslider_container_21740\">\n        <div id=\"metaslider_21740\">\n            <ul aria-live=\"polite\" class=\"slides\">\n                <li style=\"display: block; width: 100%;\" class=\"slide-21744 ms-image\"><img width=\"1499\" height=\"1999\" src=\"http:\/\/www.oagvm.sk\/wphirfolyam\/wp-content\/uploads\/2026\/04\/20260424_143736.jpg\" class=\"slider-21740 slide-21744\" alt=\"\" loading=\"lazy\" rel=\"\" title=\"20260424_143736\" srcset=\"http:\/\/www.oagvm.sk\/wphirfolyam\/wp-content\/uploads\/2026\/04\/20260424_143736.jpg 1499w, http:\/\/www.oagvm.sk\/wphirfolyam\/wp-content\/uploads\/2026\/04\/20260424_143736-225x300.jpg 225w, http:\/\/www.oagvm.sk\/wphirfolyam\/wp-content\/uploads\/2026\/04\/20260424_143736-768x1024.jpg 768w, http:\/\/www.oagvm.sk\/wphirfolyam\/wp-content\/uploads\/2026\/04\/20260424_143736-1152x1536.jpg 1152w\" sizes=\"(max-width: 1499px) 100vw, 1499px\" \/><\/li>\n                <li style=\"display: none; width: 100%;\" class=\"slide-21745 ms-image\"><img width=\"1499\" height=\"1999\" src=\"http:\/\/www.oagvm.sk\/wphirfolyam\/wp-content\/uploads\/2026\/04\/20260424_151442.jpg\" class=\"slider-21740 slide-21745\" alt=\"\" loading=\"lazy\" rel=\"\" title=\"20260424_151442\" srcset=\"http:\/\/www.oagvm.sk\/wphirfolyam\/wp-content\/uploads\/2026\/04\/20260424_151442.jpg 1499w, http:\/\/www.oagvm.sk\/wphirfolyam\/wp-content\/uploads\/2026\/04\/20260424_151442-225x300.jpg 225w, http:\/\/www.oagvm.sk\/wphirfolyam\/wp-content\/uploads\/2026\/04\/20260424_151442-768x1024.jpg 768w, http:\/\/www.oagvm.sk\/wphirfolyam\/wp-content\/uploads\/2026\/04\/20260424_151442-1152x1536.jpg 1152w\" sizes=\"(max-width: 1499px) 100vw, 1499px\" \/><\/li>\n                <li style=\"display: none; width: 100%;\" class=\"slide-21746 ms-image\"><img width=\"1499\" height=\"1999\" src=\"http:\/\/www.oagvm.sk\/wphirfolyam\/wp-content\/uploads\/2026\/04\/20260428_075625.jpg\" class=\"slider-21740 slide-21746\" alt=\"\" loading=\"lazy\" rel=\"\" title=\"20260428_075625\" srcset=\"http:\/\/www.oagvm.sk\/wphirfolyam\/wp-content\/uploads\/2026\/04\/20260428_075625.jpg 1499w, http:\/\/www.oagvm.sk\/wphirfolyam\/wp-content\/uploads\/2026\/04\/20260428_075625-225x300.jpg 225w, http:\/\/www.oagvm.sk\/wphirfolyam\/wp-content\/uploads\/2026\/04\/20260428_075625-768x1024.jpg 768w, http:\/\/www.oagvm.sk\/wphirfolyam\/wp-content\/uploads\/2026\/04\/20260428_075625-1152x1536.jpg 1152w\" sizes=\"(max-width: 1499px) 100vw, 1499px\" \/><\/li>\n            <\/ul>\n        <\/div>\n        \n    <\/div>\n<\/div>\n","protected":false},"excerpt":{"rendered":"<p>Kezdj Okosan \u2013 \u00d6tletb\u0151l V\u00e1llalkoz\u00e1s A Szlov\u00e1kiai Magyar V\u00e1llalkoz\u00f3k Sz\u00f6vets\u00e9ge id\u00e9n is meghirdette a \u201eKezdj Okosan \u2013 \u00d6tletb\u0151l V\u00e1llalkoz\u00e1s\u201d elnevez\u00e9s\u0171 verseny\u00e9t, amely v\u00e1llalkoz\u00f3i \u00f6tletek kidolgoz\u00e1s\u00e1b\u00f3l \u00e9s prezent\u00e1ci\u00f3j\u00e1b\u00f3l tev\u0151dik \u00f6ssze. Az orsz\u00e1gos d\u00f6nt\u0151re Kom\u00e1romban ker\u00fclt sor, amelyre csapatunk, a NapoTruck Kft. is megh\u00edv\u00e1st kapott. \u00d6tlet\u00fcnk egy food truck volt, amely a n\u00e1polyi pizz\u00e1n kereszt\u00fcl hozza el &#8230; <a title=\"Kezdj Okosan. \u00d6tletb\u0151l V\u00e1llalkoz\u00e1s &#8211; Za\u010dni m\u00fadro. Od n\u00e1padu k podnikaniu\" class=\"read-more\" href=\"http:\/\/www.oagvm.sk\/wphirfolyam\/?p=21737\">Olvass tov\u00e1bb<span class=\"screen-reader-text\">Kezdj Okosan. \u00d6tletb\u0151l V\u00e1llalkoz\u00e1s &#8211; Za\u010dni m\u00fadro. Od n\u00e1padu k podnikaniu<\/span><\/a><\/p>\n","protected":false},"author":2,"featured_media":0,"comment_status":"closed","ping_status":"closed","sticky":false,"template":"","format":"standard","meta":[],"categories":[84],"tags":[],"_links":{"self":[{"href":"http:\/\/www.oagvm.sk\/wphirfolyam\/index.php?rest_route=\/wp\/v2\/posts\/21737"}],"collection":[{"href":"http:\/\/www.oagvm.sk\/wphirfolyam\/index.php?rest_route=\/wp\/v2\/posts"}],"about":[{"href":"http:\/\/www.oagvm.sk\/wphirfolyam\/index.php?rest_route=\/wp\/v2\/types\/post"}],"author":[{"embeddable":true,"href":"http:\/\/www.oagvm.sk\/wphirfolyam\/index.php?rest_route=\/wp\/v2\/users\/2"}],"replies":[{"embeddable":true,"href":"http:\/\/www.oagvm.sk\/wphirfolyam\/index.php?rest_route=%2Fwp%2Fv2%2Fcomments&post=21737"}],"version-history":[{"count":4,"href":"http:\/\/www.oagvm.sk\/wphirfolyam\/index.php?rest_route=\/wp\/v2\/posts\/21737\/revisions"}],"predecessor-version":[{"id":21748,"href":"http:\/\/www.oagvm.sk\/wphirfolyam\/index.php?rest_route=\/wp\/v2\/posts\/21737\/revisions\/21748"}],"wp:attachment":[{"href":"http:\/\/www.oagvm.sk\/wphirfolyam\/index.php?rest_route=%2Fwp%2Fv2%2Fmedia&parent=21737"}],"wp:term":[{"taxonomy":"category","embeddable":true,"href":"http:\/\/www.oagvm.sk\/wphirfolyam\/index.php?rest_route=%2Fwp%2Fv2%2Fcategories&post=21737"},{"taxonomy":"post_tag","embeddable":true,"href":"http:\/\/www.oagvm.sk\/wphirfolyam\/index.php?rest_route=%2Fwp%2Fv2%2Ftags&post=21737"}],"curies":[{"name":"wp","href":"https:\/\/api.w.org\/{rel}","templated":true}]}}