{"id":22935,"date":"2026-09-01T11:47:29","date_gmt":"2026-09-01T09:47:29","guid":{"rendered":"http:\/\/www.oagvm.sk\/wphirfolyam\/?p=22935"},"modified":"2026-09-02T10:42:45","modified_gmt":"2026-09-02T08:42:45","slug":"tanevkezdes-az-egyuttmukodes-az-inspiracio-a-batorsag-es-a-kozos-sikerek-jegyeben-zaciatok-skolskeho-roka-v-znameni-spoluprace-inspiracie-odvahy-a-spolocnych-uspechov","status":"publish","type":"post","link":"http:\/\/www.oagvm.sk\/wphirfolyam\/?p=22935","title":{"rendered":"Tan\u00e9vkezd\u00e9s az egy\u00fcttm\u0171k\u00f6d\u00e9s, az inspir\u00e1ci\u00f3, a b\u00e1tors\u00e1g \u00e9s a k\u00f6z\u00f6s sikerek jegy\u00e9ben &#8211;  Za\u010diatok \u0161kolsk\u00e9ho roka v znamen\u00ed spolupr\u00e1ce, in\u0161pir\u00e1cie, odvahy a spolo\u010dn\u00fdch \u00faspechov"},"content":{"rendered":"<h3 style=\"text-align: justify;\"><strong><span style=\"font-family: tahoma, arial, helvetica, sans-serif; color: #ff6600;\">Tan\u00e9vkezd\u00e9s az egy\u00fcttm\u0171k\u00f6d\u00e9s, az inspir\u00e1ci\u00f3, a b\u00e1tors\u00e1g \u00e9s a k\u00f6z\u00f6s sikerek jegy\u00e9ben<\/span><\/strong><\/h3>\n<h3 style=\"text-align: justify;\"><span style=\"font-family: tahoma, arial, helvetica, sans-serif;\">Az, amir\u0151l k\u00e9t h\u00f3napig hallani sem akartunk, \u00e9s amit titokban m\u00e9gis \u00fagy v\u00e1rtunk, megt\u00f6rt\u00e9nt: becs\u00f6ngettek. A forr\u00f3 ny\u00e1r viharos gyorsas\u00e1ggal elillant, s a felh\u0151tlen vak\u00e1ci\u00f3 ut\u00e1n egy \u00fajabb, kih\u00edv\u00e1sokkal teli iskolai id\u0151szak k\u00f6vetkezik, ajt\u00f3nkon kopogtat a 2026\/2027-es tan\u00e9v.<\/span><\/h3>\n<h3 style=\"text-align: justify;\"><span style=\"font-family: tahoma, arial, helvetica, sans-serif;\">Az iskola parkj\u00e1ban zajl\u00f3 tan\u00e9vnyit\u00f3 \u00fcnneps\u00e9g Stifter Luca (IV.B) \u00e9s Kov\u00e1cs Csilla (IV.A) szavalat\u00e1val indult, majd int\u00e9zm\u00e9ny\u00fcnk igazgat\u00f3n\u0151je, Mgr. Horv\u00e1th Erzs\u00e9bet \u00fcnnepi besz\u00e9de k\u00f6vetkezett. Ebben nagy hangs\u00falyt fektetett a tanul\u00f3k hozz\u00e1\u00e1ll\u00e1s\u00e1ra, motiv\u00e1ci\u00f3j\u00e1ra, amelyek kulcsszerepet j\u00e1tszanak iskol\u00e1nk ez \u00e9vi c\u00e9ljainak, v\u00edzi\u00f3inak teljes\u00edt\u00e9s\u00e9ben: \u201eLegyen ez a tan\u00e9v m\u00e1s, mint az eddigiek! Ne csak azt k\u00e9rdezz\u00fck: Mit kell megtanulnom? Hanem azt is: Mit szeretn\u00e9k felfedezni, miben szeretn\u00e9k fejl\u0151dni, \u00e9s mit tehetek az\u00e9rt, hogy a k\u00f6r\u00fcl\u00f6ttem l\u00e9v\u0151 vil\u00e1g egy kicsit jobb legyen? Legy\u00fcnk k\u00edv\u00e1ncsibbak! Ne csak a tank\u00f6nyvben keress\u00fck a v\u00e1laszokat, merj\u00fcnk k\u00e9rdezni \u00e9s felfedezni! Figyelj\u00fcnk jobban egym\u00e1sra! Legyen az iskola olyan hely, ahol mindenki sz\u00e1m\u00edt, \u00e9s senki nem \u00e9rzi mag\u00e1t egyed\u00fcl. Merj\u00fcnk \u00faj dolgokat kipr\u00f3b\u00e1lni! Ne f\u00e9lj\u00fcnk a hib\u00e1kt\u00f3l, hiszen azok a fejl\u0151d\u00e9s r\u00e9szei. Tanuljunk egy\u00fctt az \u00faj technol\u00f3gi\u00e1kkal! Az AI \u00e9s a digit\u00e1lis vil\u00e1g eszk\u00f6z legyen, nem helyettes\u00edt\u0151je a saj\u00e1t gondolkod\u00e1sunknak. Legyen t\u00f6bb embers\u00e9g! Egy j\u00f3 sz\u00f3, egy seg\u00edt\u0151 k\u00e9z vagy egy kis figyelem sokszor t\u00f6bbet jelent, mint egy t\u00f6k\u00e9letes dolgozat. \u00c9s legyenek szem\u00e9lyes c\u00e9ljaink! Ne m\u00e1sokhoz m\u00e9rj\u00fck magunkat, hanem ahhoz, hogy a tegnaphoz k\u00e9pest miben lett\u00fcnk jobbak.\u201d<\/span><\/h3>\n<h3 style=\"text-align: justify;\"><span style=\"font-family: tahoma, arial, helvetica, sans-serif;\">A tan\u00e9vnyit\u00f3 besz\u00e9dben az els\u0151s\u00f6k b\u00edztat\u00e1sa is helyet kapott: \u201eA mai napon nagy szeretettel k\u00f6sz\u00f6ntj\u00fck kedves els\u0151seinket. \u00d6r\u00f6m sz\u00e1munkra, hogy iskol\u00e1nkat v\u00e1lasztott\u00e1tok tov\u00e1bbtanul\u00e1sotok sz\u00ednter\u00e9\u00fcl. Sz\u00e1motokra k\u00fcl\u00f6n\u00f6sen nagy v\u00e1ltoz\u00e1st jelent a mostani tan\u00e9vkezd\u00e9s, hiszen egy ismeretlen, szokatlan vil\u00e1gba cs\u00f6ppentetek, ahol m\u00e9g idegenek a falak, \u00fajak az oszt\u00e1lyt\u00e1rsak, a tan\u00e1rok \u00e9s a tant\u00e1rgyak. Sokaknak k\u00f6z\u00fcletek \u00fajdons\u00e1g az is, hogy reggelente utaznotok kell, m\u00edg m\u00e1sok a koll\u00e9gium csod\u00e1latos \u00faj \u00e9p\u00fclet\u00e9ben \u00e9lik majd mindennapjaikat. \u00a0De ne f\u00e9ljetek az \u00fajt\u00f3l, csak akarjatok! Kedves G\u00f3ly\u00e1k, a\u00a0f\u00e9szek nyitva \u00e1ll el\u0151ttetek.\u201d A tov\u00e1bbiakban az igazgat\u00f3n\u0151 a sz\u00fcl\u0151kh\u00f6z sz\u00f3lt: Kedves Sz\u00fcl\u0151k! \u00d6n\u00f6k is meghat\u00e1roz\u00f3 szerepet j\u00e1tszanak abban, hogy mik\u00e9nt alakul az el\u0151tt\u00fcnk \u00e1ll\u00f3 tan\u00e9v. A gyermek sz\u00e1m\u00e1ra a legfontosabb h\u00e1tt\u00e9r a biztons\u00e1got ny\u00fajt\u00f3 otthon. Ne feledj\u00e9k, nem az a legfontosabb, hogy gyermek\u00fck mindig mindenb\u0151l a legjobb jegyet szerezze, hanem hogy tudja: van valaki, aki hisz benne, meghallgatja, b\u00e1tor\u00edtja, \u00e9s akkor is mellette \u00e1ll, amikor valami nem siker\u00fcl.\u201d Az igazgat\u00f3n\u0151 besz\u00e9d\u00e9ben a tan\u00e1ri kar szerep\u00e9re is kit\u00e9rt: \u201eKedves Koll\u00e9g\u00e1k! Legyen ez a tan\u00e9v k\u00fcl\u00f6nleges az\u00e1ltal, hogy merj\u00fcnk v\u00e1ltoztatni, \u00faj\u00edtani \u00e9s jobb\u00e1 tenni azt, amit lehet. Ne csup\u00e1n tud\u00e1st adjunk \u00e1t, hanem legy\u00fcnk empatikus seg\u00edt\u0151i \u00e9s b\u00e1tor\u00edt\u00f3 \u00fatmutat\u00f3i is tan\u00edtv\u00e1nyainknak. Legyen mersz\u00fcnk \u00faj m\u00f3dszereket kipr\u00f3b\u00e1lni \u00e9s megfelel\u0151 m\u00f3don \u00e9lni a modern technol\u00f3gi\u00e1k lehet\u0151s\u00e9geivel. \u00c9s ne feledkezz\u00fcnk meg arr\u00f3l sem, hogy a pedag\u00f3gus, aki \u00f6r\u00f6mmel v\u00e9gzi a munk\u00e1j\u00e1t, ezt az \u00f6r\u00f6m\u00f6t a di\u00e1kjainak is \u00e1t tudja adni.\u201d<\/span><\/h3>\n<h3 style=\"text-align: justify;\"><span style=\"font-family: tahoma, arial, helvetica, sans-serif;\">A 2026\/2027-os tan\u00e9v sz\u00e1mos lehet\u0151s\u00e9get hordoz \u2013 \u00faj bar\u00e1ts\u00e1gokat, felemel\u0151 \u00e9lm\u00e9nyeket, elm\u00e9ly\u00fcl\u0151 tud\u00e1st, \u00faj kih\u00edv\u00e1sokat \u00e9s sikereket. Mindezek megval\u00f3s\u00edt\u00e1s\u00e1hoz k\u00edv\u00e1nunk kitart\u00e1st, er\u0151t, j\u00f3 eg\u00e9szs\u00e9get minden egyes di\u00e1kunknak, sz\u00fcl\u0151nek \u00e9s tan\u00e1rnak egyar\u00e1nt. \u00a0\u00a0<\/span><\/h3>\n<h3 style=\"text-align: right;\"><span style=\"font-family: tahoma, arial, helvetica, sans-serif;\">\u00a0\u00a0\u00a0\u00a0\u00a0\u00a0\u00a0\u00a0\u00a0\u00a0\u00a0\u00a0\u00a0\u00a0\u00a0\u00a0\u00a0\u00a0\u00a0\u00a0\u00a0\u00a0\u00a0\u00a0\u00a0\u00a0\u00a0\u00a0\u00a0\u00a0\u00a0\u00a0\u00a0\u00a0\u00a0\u00a0\u00a0\u00a0\u00a0\u00a0\u00a0\u00a0\u00a0\u00a0\u00a0\u00a0\u00a0\u00a0\u00a0\u00a0\u00a0\u00a0\u00a0\u00a0\u00a0\u00a0\u00a0\u00a0\u00a0\u00a0\u00a0\u00a0\u00a0\u00a0\u00a0\u00a0\u00a0\u00a0\u00a0\u00a0\u00a0\u00a0\u00a0\u00a0\u00a0\u00a0\u00a0\u00a0\u00a0\u00a0\u00a0\u00a0\u00a0\u00a0\u00a0\u00a0\u00a0\u00a0\u00a0\u00a0\u00a0\u00a0\u00a0\u00a0\u00a0\u00a0\u00a0\u00a0\u00a0\u00a0 Papp L\u00e1szl\u00f3, az iskola tan\u00e1ra<\/span><\/h3>\n<h3 style=\"text-align: justify;\"><\/h3>\n<h3 style=\"text-align: justify;\"><strong><span style=\"font-family: tahoma, arial, helvetica, sans-serif; color: #ff6600;\">Za\u010diatok \u0161kolsk\u00e9ho roka v znamen\u00ed spolupr\u00e1ce, in\u0161pir\u00e1cie, odvahy a spolo\u010dn\u00fdch \u00faspechov<\/span><\/strong><\/h3>\n<h3 style=\"text-align: justify;\"><span style=\"font-family: tahoma, arial, helvetica, sans-serif;\">To, o \u010dom sme dva mesiace nechceli ani po\u010du\u0165, a na \u010do sme sa z\u00e1rove\u0148 v k\u00fatiku du\u0161e tak trochu te\u0161ili, sa stalo: zazvonilo. Hor\u00face leto sa neuverite\u013enou r\u00fdchlos\u0165ou vytratilo a po bezstarostn\u00fdch pr\u00e1zdnin\u00e1ch prich\u00e1dza \u010fal\u0161ie obdobie pln\u00e9 v\u00fdziev. Na na\u0161e dvere klope \u0161kolsk\u00fd rok 2026\/2027, ktor\u00fd sa do hist\u00f3rie Obchodnej akad\u00e9mie vo Ve\u013ekom Mederi zap\u00ed\u0161e u\u017e ako 49. \u0161kolsk\u00fd rok.<\/span><\/h3>\n<h3 style=\"text-align: justify;\"><span style=\"font-family: tahoma, arial, helvetica, sans-serif;\">Sl\u00e1vnostn\u00e9 otvorenie \u0161kolsk\u00e9ho roka, ktor\u00e9 sa uskuto\u010dnilo v \u0161kolskom parku, sa za\u010dalo recit\u00e1ciou Stifter Lucie (IV. B) a Kov\u00e1cs Csilly (IV. A). Po ich vyst\u00fapen\u00ed nasledoval sl\u00e1vnostn\u00fd pr\u00edhovor riadite\u013eky na\u0161ej \u0161koly Mgr. Al\u017ebety Horv\u00e1thovej.<\/span><\/h3>\n<h3 style=\"text-align: justify;\"><span style=\"font-family: tahoma, arial, helvetica, sans-serif;\">Vo svojom pr\u00edhovore kl\u00e1dla ve\u013ek\u00fd d\u00f4raz na postoj a motiv\u00e1ciu \u017eiakov, ktor\u00e9 zohr\u00e1vaj\u00fa k\u013e\u00fa\u010dov\u00fa \u00falohu pri nap\u013a\u0148an\u00ed cie\u013eov a v\u00edzie na\u0161ej \u0161koly v tomto \u0161kolskom roku:<\/span><\/h3>\n<h3 style=\"text-align: justify;\"><span style=\"font-family: tahoma, arial, helvetica, sans-serif;\">\u201eNech je tento \u0161kolsk\u00fd rok in\u00fd ako tie predch\u00e1dzaj\u00face! Nep\u00fdtajme sa iba: \u010co sa mus\u00edm nau\u010di\u0165? P\u00fdtajme sa aj: \u010co chcem objavi\u0165, v \u010dom sa chcem zlep\u0161i\u0165 a \u010do m\u00f4\u017eem urobi\u0165 pre to, aby bol svet okolo m\u0148a o trochu lep\u0161\u00ed? Bu\u010fme zvedavej\u0161\u00ed! Neh\u013eadajme odpovede iba v u\u010debniciach, odv\u00e1\u017eme sa p\u00fdta\u0165 a objavova\u0165! V\u0161\u00edmajme si viac jeden druh\u00e9ho! Nech je \u0161kola miestom, kde na ka\u017edom z\u00e1le\u017e\u00ed a kde sa nikto nec\u00edti s\u00e1m. Odv\u00e1\u017eme sa sk\u00fa\u0161a\u0165 nov\u00e9 veci! Nebojme sa ch\u00fdb, preto\u017ee aj tie s\u00fa s\u00fa\u010das\u0165ou n\u00e1\u0161ho rozvoja. U\u010dme sa spolu pracova\u0165 s nov\u00fdmi technol\u00f3giami! Umel\u00e1 inteligencia a digit\u00e1lny svet nech s\u00fa na\u0161imi n\u00e1strojmi, nie n\u00e1hradou za na\u0161e vlastn\u00e9 myslenie. Nech je v n\u00e1s viac \u013eudskosti! Dobr\u00e9 slovo, pomocn\u00e1 ruka alebo trochu pozornosti \u010dasto znamenaj\u00fa viac ako perfektn\u00e1 p\u00edsomka. A stanovujme si aj vlastn\u00e9 osobn\u00e9 ciele! Neporovn\u00e1vajme sa s ostatn\u00fdmi, ale sami so sebou \u2013 s t\u00fdm, v \u010dom sme dnes lep\u0161\u00ed ako v\u010dera.\u201c<\/span><\/h3>\n<h3 style=\"text-align: justify;\"><span style=\"font-family: tahoma, arial, helvetica, sans-serif;\">S\u00fa\u010das\u0165ou sl\u00e1vnostn\u00e9ho pr\u00edhovoru bolo aj povzbudenie na\u0161ich prv\u00e1kov:<\/span><\/h3>\n<h3 style=\"text-align: justify;\"><span style=\"font-family: tahoma, arial, helvetica, sans-serif;\">\u201eDnes s ve\u013ekou rados\u0165ou v\u00edtame na\u0161ich mil\u00fdch prv\u00e1kov. Te\u0161\u00ed n\u00e1s, \u017ee ste si na\u0161u \u0161kolu vybrali ako miesto svojho \u010fal\u0161ieho vzdel\u00e1vania. Pre v\u00e1s znamen\u00e1 za\u010diatok tohto \u0161kolsk\u00e9ho roka obzvl\u00e1\u0161\u0165 ve\u013ek\u00fa zmenu, preto\u017ee vstupujete do nezn\u00e1meho a nezvy\u010dajn\u00e9ho sveta, v ktorom s\u00fa v\u00e1m e\u0161te cudzie \u0161kolsk\u00e9 chodby, nov\u00ed spolu\u017eiaci, u\u010ditelia aj predmety. Pre mnoh\u00fdch z v\u00e1s je novinkou aj ka\u017edodenn\u00e9 cestovanie do \u0161koly, zatia\u013e \u010do in\u00ed bud\u00fa svoje ka\u017edodenn\u00e9 dni pre\u017e\u00edva\u0165 v n\u00e1dhernej novej budove n\u00e1\u0161ho \u0161kolsk\u00e9ho intern\u00e1tu. Nebojte sa v\u0161ak nov\u00e9ho \u2013 len sa odv\u00e1\u017ete! Mil\u00ed na\u0161i prv\u00e1ci, hniezdo je pre v\u00e1s otvoren\u00e9.\u201c<\/span><\/h3>\n<h3 style=\"text-align: justify;\"><span style=\"font-family: tahoma, arial, helvetica, sans-serif;\">N\u00e1sledne sa riadite\u013eka prihovorila aj rodi\u010dom:<\/span><\/h3>\n<h3 style=\"text-align: justify;\"><span style=\"font-family: tahoma, arial, helvetica, sans-serif;\">\u201eMil\u00ed rodi\u010dia! Aj vy zohr\u00e1vate v\u00fdznamn\u00fa \u00falohu v tom, ak\u00fd bude \u0161kolsk\u00fd rok, ktor\u00fd m\u00e1me pred sebou. Najd\u00f4le\u017eitej\u0161\u00edm z\u00e1zem\u00edm die\u0165a\u0165a je domov, ktor\u00fd mu poskytuje pocit bezpe\u010dia.<\/span><\/h3>\n<h3 style=\"text-align: justify;\"><span style=\"font-family: tahoma, arial, helvetica, sans-serif;\">Nezab\u00fadajte, \u017ee najd\u00f4le\u017eitej\u0161ie nie je, aby va\u0161e die\u0165a v\u017edy z\u00edskalo najlep\u0161iu zn\u00e1mku, ale aby vedelo, \u017ee je tu niekto, kto mu ver\u00ed, vypo\u010duje ho, povzbud\u00ed ho a bude st\u00e1\u0165 pri \u0148om aj vtedy, ke\u010f sa mu nie\u010do nepodar\u00ed.\u201c<\/span><\/h3>\n<h3 style=\"text-align: justify;\"><span style=\"font-family: tahoma, arial, helvetica, sans-serif;\">Vo svojom pr\u00edhovore nezabudla ani na \u00falohu pedagogick\u00e9ho zboru:<\/span><\/h3>\n<h3 style=\"text-align: justify;\"><span style=\"font-family: tahoma, arial, helvetica, sans-serif;\">\u201eMil\u00ed kolegovia! Nech je tento \u0161kolsk\u00fd rok v\u00fdnimo\u010dn\u00fd aj t\u00fdm, \u017ee sa odv\u00e1\u017eime meni\u0165, inovova\u0165 a zlep\u0161ova\u0165 to, \u010do m\u00f4\u017eeme. Neodovzd\u00e1vajme \u017eiakom iba vedomosti, ale bu\u010fme aj empatick\u00fdmi pomocn\u00edkmi a povzbudzuj\u00facimi sprievodcami na ich ceste. Majme odvahu sk\u00fa\u0161a\u0165 nov\u00e9 met\u00f3dy a vhodne vyu\u017e\u00edva\u0165 mo\u017enosti modern\u00fdch technol\u00f3gi\u00ed. A nezab\u00fadajme ani na to, \u017ee pedag\u00f3g, ktor\u00fd svoju pr\u00e1cu vykon\u00e1va s rados\u0165ou, dok\u00e1\u017ee t\u00fato rados\u0165 prenies\u0165 aj na svojich \u017eiakov.\u201c<\/span><\/h3>\n<h3 style=\"text-align: justify;\"><span style=\"font-family: tahoma, arial, helvetica, sans-serif;\">\u0160kolsk\u00fd rok 2026\/2027 prin\u00e1\u0161a mno\u017estvo pr\u00edle\u017eitost\u00ed \u2013 nov\u00e9 priate\u013estv\u00e1, nezabudnute\u013en\u00e9 z\u00e1\u017eitky, prehlbovanie vedomost\u00ed, nov\u00e9 v\u00fdzvy i \u00faspechy. K ich naplneniu \u017eel\u00e1me v\u0161etk\u00fdm na\u0161im \u017eiakom, rodi\u010dom i pedag\u00f3gom ve\u013ea vytrvalosti, s\u00edl, zdravia, odvahy a radosti z ka\u017ed\u00e9ho spolo\u010dn\u00e9ho \u00faspechu.<\/span><\/h3>\n<h3 style=\"text-align: right;\"><span style=\"font-family: tahoma, arial, helvetica, sans-serif;\">Prajeme v\u00e1m \u00faspe\u0161n\u00fd \u0161kolsk\u00fd rok 2026\/2027!<\/span><\/h3>\n<div id=\"metaslider-id-22942\" style=\"width: 100%; margin: 0 auto;\" class=\"ml-slider-3-23-0 metaslider metaslider-flex metaslider-22942 ml-slider nav-hidden\">\n    <div id=\"metaslider_container_22942\">\n        <div id=\"metaslider_22942\">\n            <ul aria-live=\"polite\" class=\"slides\">\n                <li style=\"display: block; width: 100%;\" class=\"slide-22950 ms-image\"><img width=\"551\" height=\"900\" src=\"http:\/\/www.oagvm.sk\/wphirfolyam\/wp-content\/uploads\/2026\/09\/1.jpg\" class=\"slider-22942 slide-22950\" alt=\"\" loading=\"lazy\" rel=\"\" title=\"1\" srcset=\"http:\/\/www.oagvm.sk\/wphirfolyam\/wp-content\/uploads\/2026\/09\/1.jpg 551w, http:\/\/www.oagvm.sk\/wphirfolyam\/wp-content\/uploads\/2026\/09\/1-184x300.jpg 184w\" sizes=\"(max-width: 551px) 100vw, 551px\" \/><\/li>\n                <li style=\"display: none; width: 100%;\" class=\"slide-22951 ms-image\"><img width=\"900\" height=\"600\" src=\"http:\/\/www.oagvm.sk\/wphirfolyam\/wp-content\/uploads\/2026\/09\/DSC_9150.jpg\" class=\"slider-22942 slide-22951\" alt=\"\" loading=\"lazy\" rel=\"\" title=\"DSC_9150\" srcset=\"http:\/\/www.oagvm.sk\/wphirfolyam\/wp-content\/uploads\/2026\/09\/DSC_9150.jpg 900w, http:\/\/www.oagvm.sk\/wphirfolyam\/wp-content\/uploads\/2026\/09\/DSC_9150-300x200.jpg 300w, http:\/\/www.oagvm.sk\/wphirfolyam\/wp-content\/uploads\/2026\/09\/DSC_9150-768x512.jpg 768w\" sizes=\"(max-width: 900px) 100vw, 900px\" \/><\/li>\n                <li style=\"display: none; width: 100%;\" class=\"slide-22952 ms-image\"><img width=\"900\" height=\"600\" src=\"http:\/\/www.oagvm.sk\/wphirfolyam\/wp-content\/uploads\/2026\/09\/DSC_9157.jpg\" class=\"slider-22942 slide-22952\" alt=\"\" loading=\"lazy\" rel=\"\" title=\"DSC_9157\" srcset=\"http:\/\/www.oagvm.sk\/wphirfolyam\/wp-content\/uploads\/2026\/09\/DSC_9157.jpg 900w, http:\/\/www.oagvm.sk\/wphirfolyam\/wp-content\/uploads\/2026\/09\/DSC_9157-300x200.jpg 300w, http:\/\/www.oagvm.sk\/wphirfolyam\/wp-content\/uploads\/2026\/09\/DSC_9157-768x512.jpg 768w\" sizes=\"(max-width: 900px) 100vw, 900px\" \/><\/li>\n                <li style=\"display: none; width: 100%;\" class=\"slide-22953 ms-image\"><img width=\"900\" height=\"595\" src=\"http:\/\/www.oagvm.sk\/wphirfolyam\/wp-content\/uploads\/2026\/09\/DSC_9158.jpg\" class=\"slider-22942 slide-22953\" alt=\"\" loading=\"lazy\" rel=\"\" title=\"DSC_9158\" srcset=\"http:\/\/www.oagvm.sk\/wphirfolyam\/wp-content\/uploads\/2026\/09\/DSC_9158.jpg 900w, http:\/\/www.oagvm.sk\/wphirfolyam\/wp-content\/uploads\/2026\/09\/DSC_9158-300x198.jpg 300w, http:\/\/www.oagvm.sk\/wphirfolyam\/wp-content\/uploads\/2026\/09\/DSC_9158-768x508.jpg 768w\" sizes=\"(max-width: 900px) 100vw, 900px\" \/><\/li>\n                <li style=\"display: none; width: 100%;\" class=\"slide-22954 ms-image\"><img width=\"900\" height=\"600\" src=\"http:\/\/www.oagvm.sk\/wphirfolyam\/wp-content\/uploads\/2026\/09\/DSC_9176.jpg\" class=\"slider-22942 slide-22954\" alt=\"\" loading=\"lazy\" rel=\"\" title=\"DSC_9176\" srcset=\"http:\/\/www.oagvm.sk\/wphirfolyam\/wp-content\/uploads\/2026\/09\/DSC_9176.jpg 900w, http:\/\/www.oagvm.sk\/wphirfolyam\/wp-content\/uploads\/2026\/09\/DSC_9176-300x200.jpg 300w, http:\/\/www.oagvm.sk\/wphirfolyam\/wp-content\/uploads\/2026\/09\/DSC_9176-768x512.jpg 768w\" sizes=\"(max-width: 900px) 100vw, 900px\" \/><\/li>\n                <li style=\"display: none; width: 100%;\" class=\"slide-22955 ms-image\"><img width=\"900\" height=\"558\" src=\"http:\/\/www.oagvm.sk\/wphirfolyam\/wp-content\/uploads\/2026\/09\/DSC_9178.jpg\" class=\"slider-22942 slide-22955\" alt=\"\" loading=\"lazy\" rel=\"\" title=\"DSC_9178\" srcset=\"http:\/\/www.oagvm.sk\/wphirfolyam\/wp-content\/uploads\/2026\/09\/DSC_9178.jpg 900w, http:\/\/www.oagvm.sk\/wphirfolyam\/wp-content\/uploads\/2026\/09\/DSC_9178-300x186.jpg 300w, http:\/\/www.oagvm.sk\/wphirfolyam\/wp-content\/uploads\/2026\/09\/DSC_9178-768x476.jpg 768w\" sizes=\"(max-width: 900px) 100vw, 900px\" \/><\/li>\n                <li style=\"display: none; width: 100%;\" class=\"slide-22956 ms-image\"><img width=\"530\" height=\"900\" src=\"http:\/\/www.oagvm.sk\/wphirfolyam\/wp-content\/uploads\/2026\/09\/utolso.jpg\" class=\"slider-22942 slide-22956\" alt=\"\" loading=\"lazy\" rel=\"\" title=\"utols\u00f3\" srcset=\"http:\/\/www.oagvm.sk\/wphirfolyam\/wp-content\/uploads\/2026\/09\/utolso.jpg 530w, http:\/\/www.oagvm.sk\/wphirfolyam\/wp-content\/uploads\/2026\/09\/utolso-177x300.jpg 177w\" sizes=\"(max-width: 530px) 100vw, 530px\" \/><\/li>\n            <\/ul>\n        <\/div>\n        \n    <\/div>\n<\/div>\n","protected":false},"excerpt":{"rendered":"<p>Tan\u00e9vkezd\u00e9s az egy\u00fcttm\u0171k\u00f6d\u00e9s, az inspir\u00e1ci\u00f3, a b\u00e1tors\u00e1g \u00e9s a k\u00f6z\u00f6s sikerek jegy\u00e9ben Az, amir\u0151l k\u00e9t h\u00f3napig hallani sem akartunk, \u00e9s amit titokban m\u00e9gis \u00fagy v\u00e1rtunk, megt\u00f6rt\u00e9nt: becs\u00f6ngettek. A forr\u00f3 ny\u00e1r viharos gyorsas\u00e1ggal elillant, s a felh\u0151tlen vak\u00e1ci\u00f3 ut\u00e1n egy \u00fajabb, kih\u00edv\u00e1sokkal teli iskolai id\u0151szak k\u00f6vetkezik, ajt\u00f3nkon kopogtat a 2026\/2027-es tan\u00e9v. Az iskola parkj\u00e1ban zajl\u00f3 tan\u00e9vnyit\u00f3 &#8230; <a title=\"Tan\u00e9vkezd\u00e9s az egy\u00fcttm\u0171k\u00f6d\u00e9s, az inspir\u00e1ci\u00f3, a b\u00e1tors\u00e1g \u00e9s a k\u00f6z\u00f6s sikerek jegy\u00e9ben &#8211;  Za\u010diatok \u0161kolsk\u00e9ho roka v znamen\u00ed spolupr\u00e1ce, in\u0161pir\u00e1cie, odvahy a spolo\u010dn\u00fdch \u00faspechov\" class=\"read-more\" href=\"http:\/\/www.oagvm.sk\/wphirfolyam\/?p=22935\">Olvass tov\u00e1bb<span class=\"screen-reader-text\">Tan\u00e9vkezd\u00e9s az egy\u00fcttm\u0171k\u00f6d\u00e9s, az inspir\u00e1ci\u00f3, a b\u00e1tors\u00e1g \u00e9s a k\u00f6z\u00f6s sikerek jegy\u00e9ben &#8211;  Za\u010diatok \u0161kolsk\u00e9ho roka v znamen\u00ed spolupr\u00e1ce, in\u0161pir\u00e1cie, odvahy a spolo\u010dn\u00fdch \u00faspechov<\/span><\/a><\/p>\n","protected":false},"author":2,"featured_media":0,"comment_status":"closed","ping_status":"closed","sticky":false,"template":"","format":"standard","meta":[],"categories":[3],"tags":[],"_links":{"self":[{"href":"http:\/\/www.oagvm.sk\/wphirfolyam\/index.php?rest_route=\/wp\/v2\/posts\/22935"}],"collection":[{"href":"http:\/\/www.oagvm.sk\/wphirfolyam\/index.php?rest_route=\/wp\/v2\/posts"}],"about":[{"href":"http:\/\/www.oagvm.sk\/wphirfolyam\/index.php?rest_route=\/wp\/v2\/types\/post"}],"author":[{"embeddable":true,"href":"http:\/\/www.oagvm.sk\/wphirfolyam\/index.php?rest_route=\/wp\/v2\/users\/2"}],"replies":[{"embeddable":true,"href":"http:\/\/www.oagvm.sk\/wphirfolyam\/index.php?rest_route=%2Fwp%2Fv2%2Fcomments&post=22935"}],"version-history":[{"count":7,"href":"http:\/\/www.oagvm.sk\/wphirfolyam\/index.php?rest_route=\/wp\/v2\/posts\/22935\/revisions"}],"predecessor-version":[{"id":22957,"href":"http:\/\/www.oagvm.sk\/wphirfolyam\/index.php?rest_route=\/wp\/v2\/posts\/22935\/revisions\/22957"}],"wp:attachment":[{"href":"http:\/\/www.oagvm.sk\/wphirfolyam\/index.php?rest_route=%2Fwp%2Fv2%2Fmedia&parent=22935"}],"wp:term":[{"taxonomy":"category","embeddable":true,"href":"http:\/\/www.oagvm.sk\/wphirfolyam\/index.php?rest_route=%2Fwp%2Fv2%2Fcategories&post=22935"},{"taxonomy":"post_tag","embeddable":true,"href":"http:\/\/www.oagvm.sk\/wphirfolyam\/index.php?rest_route=%2Fwp%2Fv2%2Ftags&post=22935"}],"curies":[{"name":"wp","href":"https:\/\/api.w.org\/{rel}","templated":true}]}}