{"id":276,"date":"2019-09-18T15:15:09","date_gmt":"2019-09-18T15:15:09","guid":{"rendered":"http:\/\/87.197.53.202\/wphirfolyam\/?p=276"},"modified":"2019-10-03T13:29:11","modified_gmt":"2019-10-03T11:29:11","slug":"kalandtura-a-cuha-volgy-szurdokaban-dobrodruzna-expedicia-v-pohori-bakony","status":"publish","type":"post","link":"http:\/\/www.oagvm.sk\/wphirfolyam\/?p=276","title":{"rendered":"Kalandt\u00fara a Cuha-v\u00f6lgy szurdok\u00e1ban &#8211; Dobrodru\u017en\u00e1 exped\u00edcia v pohor\u00ed Bakony"},"content":{"rendered":"<div style=\"text-align: justify;\"><span style=\"font-size: large; color: #ff6600;\"><strong>Kalandt\u00fara a\u00a0Cuha-v\u00f6lgy szurdok\u00e1ban<\/strong>\u00a0<\/span><\/div>\n<div style=\"text-align: justify;\"><span style=\"font-size: medium;\">\u00a0<\/span><\/div>\n<div style=\"text-align: justify;\"><span style=\"font-size: medium;\">2019 j\u00fanius\u00e1ban m\u00e1r h\u00edrt adtam arr\u00f3l, hogy az Edinburgh Hercege Nemzetk\u00f6zi D\u00edj keret\u00e9ben iskol\u00e1nk n\u00e9gy tanul\u00f3ja \u2013 \u010cah\u00e1k Vivien (II.B), V\u00e9gh D\u00e1vid (II.C), Szak\u00e1cs R\u00e9ka (III.CM) \u00e9s Mayer Zsuzsanna (III.CM) \u2013 sikeres felk\u00e9sz\u00edt\u0151 kalandt\u00far\u00e1n vett r\u00e9szt a Pilis hegys\u00e9gben. A nagy preszt\u00edzs\u0171 d\u00edj bronz fokozat\u00e1nak megszerz\u00e9s\u00e9hez azonban egy \u00e9les, k\u00e9tnapos kalandt\u00far\u00e1t is meg kellett szervezn\u00fcnk, amelyre Magyarorsz\u00e1gon, a Bakony hegys\u00e9gben ker\u00fclt sor 2019. szeptember 13-14-\u00e9n. T\u00far\u00e1nk els\u0151 napj\u00e1n t\u00fczetesen megismerkedt\u00fcnk a Bakonyt \u00e1tszel\u0151 Gy\u0151r\u2013Veszpr\u00e9m-vas\u00fatvonal t\u00f6rt\u00e9nelm\u00e9vel, \u00e9s megtekintett\u00fck a Vinye \u00e9s Porva-Csesznek \u00e1llom\u00e1sok k\u00f6z\u00f6tti szakasz m\u0171szaki l\u00e9tes\u00edtm\u00e9nyeit. A Cuha-patak vadreg\u00e9nyes szurdok\u00e1n \u00e1thalad\u00f3 vas\u00fati p\u00e1lya m\u0171szakilag egyed\u00fcl\u00e1ll\u00f3 az orsz\u00e1gban, h\u00e1rom\u00a0alag\u00faton\u00a0\u00e9s k\u00e9t v\u00f6lgyh\u00eddon halad kereszt\u00fcl. Az egyik\u00a0viadukt\u00a0felett \u00e1ll az\u00a01896-os\u00a0vas\u00fat\u00e9p\u00edt\u00e9si\u00a0eml\u00e9km\u0171, de itt tal\u00e1lhat\u00f3 Magyarorsz\u00e1g egyetlen, oml\u00e1sv\u00e9d\u0151vel ell\u00e1tott alag\u00fatja is. Utunk sor\u00e1n, j\u00f3 haszn\u00e1t vett\u00fck a magunkkal hozott gumicsizm\u00e1knak, a t\u00faravonalat ugyanis t\u00f6bb esetben a Cuha keresztezte. Az els\u0151 nap v\u00e9g\u00e9n Zirc-Kardosr\u00e9ten vert\u00fcnk t\u00e1bort, ahol t\u00fczet raktunk, vacsor\u00e1t f\u0151zt\u00fcnk \u00e9s s\u00e1torban \u00e9jszak\u00e1ztunk. M\u00e1snap vonatra \u00fclve tekintett\u00fck meg azt a p\u00e1lyaszakaszt, amelyet az el\u0151z\u0151 napon gyalog felt\u00e9rk\u00e9pezt\u00fcnk. Viny\u00e9n kisz\u00e1llva \u00fajabb t\u00far\u00e1ra indultunk, ez\u00fattal a Z\u00f6r\u00f6g-tet\u0151t c\u00e9loztuk meg, majd a hegyr\u0151l leereszkedve Bakonyszentl\u00e1szl\u00f3n fejezt\u00fck be utunkat. A k\u00e9t nap sor\u00e1n mintegy 25 kilom\u00e9tert tett\u00fcnk meg, ami kiv\u00e1l\u00f3 teljes\u00edtm\u00e9nynek sz\u00e1m\u00edt, hiszen a felszerel\u00e9s\u00fcnket is v\u00e9gig magunkkal kellett cipeln\u00fcnk. F\u00e1radtan, de sok hasznos tapasztalattal t\u00e9rt\u00fcnk haza a vid\u00e1m hangulat\u00fa, \u00e9lm\u00e9nyd\u00fas t\u00far\u00e1r\u00f3l.\u00a0<\/span><\/div>\n<div style=\"text-align: justify;\"><span style=\"font-size: medium;\">\u00a0<\/span><\/div>\n<div style=\"text-align: justify;\"><span style=\"font-size: medium;\"><em>Mayer Zsuzsanna<\/em>, a III.CM tanul\u00f3ja <strong>\u00a0<\/strong>\u00a0<\/span><\/div>\n<div style=\"text-align: justify;\"><span style=\"font-size: medium;\"><strong>\u00a0<\/strong><\/span><\/div>\n<div style=\"text-align: justify;\"><span style=\"font-size: medium;\"><span style=\"font-size: large; color: #ff6600;\"><strong>Dobrodru\u017en\u00e1 exped\u00edcia v\u00a0pohor\u00ed Bakony<\/strong> <\/span>\u00a0\u00a0<\/span><\/div>\n<div style=\"text-align: justify;\"><span style=\"font-size: medium;\">\u00a0<\/span><\/div>\n<div style=\"text-align: justify;\"><span style=\"font-size: medium;\">V\u00a0j\u00fani 2019 som u\u017e nap\u00edsala \u010dl\u00e1nok o\u00a0tom, \u017ee \u0161tyria \u0161tudenti na\u0161ej \u0161koly \u2013 Vivien \u010cah\u00e1k (II.B), D\u00e1vid V\u00e9gh (II.C), R\u00e9ka Szak\u00e1cs (III.CM) a Zsuzsanna Mayer (III.CM) \u2013\u00a0 zapojen\u00ed do programu Medzin\u00e1rodn\u00e1 cena vojvodu z Edinburghu (DofE) \u00faspe\u0161ne absolvovali cvi\u010dn\u00fa dobrodru\u017en\u00fa exped\u00edciu v\u00a0pohor\u00ed Pilis v Ma\u010farsku. \u010eal\u0161ou, e\u0161te n\u00e1ro\u010dnej\u0161ou v\u00fdzvou bronzovej \u00farovne prest\u00ed\u017enej ceny bola dvojd\u0148ov\u00e1 kvalifika\u010dn\u00e1 exped\u00edcia, ktor\u00e1 sa uskuto\u010dnila 13-14. septembra 2019 v\u00a0pohor\u00ed Bakony (Ma\u010farsko). Na\u0161ou hlavnou \u00falohou bolo obozn\u00e1mi\u0165 sa s\u00a0horsk\u00fdmi \u017eelezni\u010dn\u00fdmi viaduktmi a\u00a0tunelmi v\u00a0malebnom \u00fadol\u00ed potoka Cuha, medzi \u017eelezni\u010dn\u00fdmi stanicami Vinye a\u00a0Zirc. Cie\u013e sme splnili, pritom sme absolvovali 25-kilometrov\u00fa trasu a\u00a0n\u00e1ro\u010dn\u00fa noc v\u00a0stane. Domov sme vr\u00e1tili unaven\u00ed, ale pln\u00ed z\u00e1\u017eitkov<strong>.<\/strong> \u00a0\u00a0<\/span><\/div>\n<div style=\"text-align: justify;\"><span style=\"font-size: medium;\">\u00a0<\/span><\/div>\n<div style=\"text-align: justify;\"><span style=\"font-size: medium;\"><em>Zsuzsanna Mayer<\/em> (III.CM) \u00a0<\/span><\/div>\n<div style=\"text-align: justify;\"><span style=\"font-size: medium;\">\u00a0<\/span><\/div>\n<div><div id=\"metaslider-id-227\" style=\"max-width: 600px; margin: 0 auto;\" class=\"ml-slider-3-23-0 metaslider metaslider-flex metaslider-227 ml-slider nav-hidden\">\n    <div id=\"metaslider_container_227\">\n        <div id=\"metaslider_227\">\n            <ul aria-live=\"polite\" class=\"slides\">\n                <li style=\"display: block; width: 100%;\" class=\"slide-252 ms-image\"><img width=\"600\" height=\"450\" src=\"http:\/\/www.oagvm.sk\/wphirfolyam\/wp-content\/uploads\/2019\/10\/bakony-12.jpg\" class=\"slider-227 slide-252\" alt=\"\" loading=\"lazy\" rel=\"\" title=\"bakony-12\" srcset=\"http:\/\/www.oagvm.sk\/wphirfolyam\/wp-content\/uploads\/2019\/10\/bakony-12.jpg 600w, http:\/\/www.oagvm.sk\/wphirfolyam\/wp-content\/uploads\/2019\/10\/bakony-12-300x225.jpg 300w\" sizes=\"(max-width: 600px) 100vw, 600px\" \/><\/li>\n                <li style=\"display: none; width: 100%;\" class=\"slide-253 ms-image\"><img width=\"600\" height=\"450\" src=\"http:\/\/www.oagvm.sk\/wphirfolyam\/wp-content\/uploads\/2019\/10\/bakony-13.jpg\" class=\"slider-227 slide-253\" alt=\"\" loading=\"lazy\" rel=\"\" title=\"bakony-13\" srcset=\"http:\/\/www.oagvm.sk\/wphirfolyam\/wp-content\/uploads\/2019\/10\/bakony-13.jpg 600w, http:\/\/www.oagvm.sk\/wphirfolyam\/wp-content\/uploads\/2019\/10\/bakony-13-300x225.jpg 300w\" sizes=\"(max-width: 600px) 100vw, 600px\" \/><\/li>\n                <li style=\"display: none; width: 100%;\" class=\"slide-254 ms-image\"><img width=\"600\" height=\"450\" src=\"http:\/\/www.oagvm.sk\/wphirfolyam\/wp-content\/uploads\/2019\/10\/bakony-14.jpg\" class=\"slider-227 slide-254\" alt=\"\" loading=\"lazy\" rel=\"\" title=\"bakony-14\" srcset=\"http:\/\/www.oagvm.sk\/wphirfolyam\/wp-content\/uploads\/2019\/10\/bakony-14.jpg 600w, http:\/\/www.oagvm.sk\/wphirfolyam\/wp-content\/uploads\/2019\/10\/bakony-14-300x225.jpg 300w\" sizes=\"(max-width: 600px) 100vw, 600px\" \/><\/li>\n                <li style=\"display: none; width: 100%;\" class=\"slide-255 ms-image\"><img width=\"600\" height=\"450\" src=\"http:\/\/www.oagvm.sk\/wphirfolyam\/wp-content\/uploads\/2019\/10\/bakony-15.jpg\" class=\"slider-227 slide-255\" alt=\"\" loading=\"lazy\" rel=\"\" title=\"bakony-15\" srcset=\"http:\/\/www.oagvm.sk\/wphirfolyam\/wp-content\/uploads\/2019\/10\/bakony-15.jpg 600w, http:\/\/www.oagvm.sk\/wphirfolyam\/wp-content\/uploads\/2019\/10\/bakony-15-300x225.jpg 300w\" sizes=\"(max-width: 600px) 100vw, 600px\" \/><\/li>\n                <li style=\"display: none; width: 100%;\" class=\"slide-256 ms-image\"><img width=\"600\" height=\"450\" src=\"http:\/\/www.oagvm.sk\/wphirfolyam\/wp-content\/uploads\/2019\/10\/bakony-16.jpg\" class=\"slider-227 slide-256\" alt=\"\" loading=\"lazy\" rel=\"\" title=\"bakony-16\" srcset=\"http:\/\/www.oagvm.sk\/wphirfolyam\/wp-content\/uploads\/2019\/10\/bakony-16.jpg 600w, http:\/\/www.oagvm.sk\/wphirfolyam\/wp-content\/uploads\/2019\/10\/bakony-16-300x225.jpg 300w\" sizes=\"(max-width: 600px) 100vw, 600px\" \/><\/li>\n                <li style=\"display: none; width: 100%;\" class=\"slide-257 ms-image\"><img width=\"600\" height=\"450\" src=\"http:\/\/www.oagvm.sk\/wphirfolyam\/wp-content\/uploads\/2019\/10\/bakony-17.jpg\" class=\"slider-227 slide-257\" alt=\"\" loading=\"lazy\" rel=\"\" title=\"bakony-17\" srcset=\"http:\/\/www.oagvm.sk\/wphirfolyam\/wp-content\/uploads\/2019\/10\/bakony-17.jpg 600w, http:\/\/www.oagvm.sk\/wphirfolyam\/wp-content\/uploads\/2019\/10\/bakony-17-300x225.jpg 300w\" sizes=\"(max-width: 600px) 100vw, 600px\" \/><\/li>\n                <li style=\"display: none; width: 100%;\" class=\"slide-258 ms-image\"><img width=\"600\" height=\"450\" src=\"http:\/\/www.oagvm.sk\/wphirfolyam\/wp-content\/uploads\/2019\/10\/bakony-18.jpg\" class=\"slider-227 slide-258\" alt=\"\" loading=\"lazy\" rel=\"\" title=\"bakony-18\" srcset=\"http:\/\/www.oagvm.sk\/wphirfolyam\/wp-content\/uploads\/2019\/10\/bakony-18.jpg 600w, http:\/\/www.oagvm.sk\/wphirfolyam\/wp-content\/uploads\/2019\/10\/bakony-18-300x225.jpg 300w\" sizes=\"(max-width: 600px) 100vw, 600px\" \/><\/li>\n                <li style=\"display: none; width: 100%;\" class=\"slide-259 ms-image\"><img width=\"600\" height=\"450\" src=\"http:\/\/www.oagvm.sk\/wphirfolyam\/wp-content\/uploads\/2019\/10\/bakony-19.jpg\" class=\"slider-227 slide-259\" alt=\"\" loading=\"lazy\" rel=\"\" title=\"bakony-19\" srcset=\"http:\/\/www.oagvm.sk\/wphirfolyam\/wp-content\/uploads\/2019\/10\/bakony-19.jpg 600w, http:\/\/www.oagvm.sk\/wphirfolyam\/wp-content\/uploads\/2019\/10\/bakony-19-300x225.jpg 300w\" sizes=\"(max-width: 600px) 100vw, 600px\" \/><\/li>\n                <li style=\"display: none; width: 100%;\" class=\"slide-260 ms-image\"><img width=\"600\" height=\"450\" src=\"http:\/\/www.oagvm.sk\/wphirfolyam\/wp-content\/uploads\/2019\/10\/bakony-20.jpg\" class=\"slider-227 slide-260\" alt=\"\" loading=\"lazy\" rel=\"\" title=\"bakony-20\" srcset=\"http:\/\/www.oagvm.sk\/wphirfolyam\/wp-content\/uploads\/2019\/10\/bakony-20.jpg 600w, http:\/\/www.oagvm.sk\/wphirfolyam\/wp-content\/uploads\/2019\/10\/bakony-20-300x225.jpg 300w\" sizes=\"(max-width: 600px) 100vw, 600px\" \/><\/li>\n                <li style=\"display: none; width: 100%;\" class=\"slide-261 ms-image\"><img width=\"600\" height=\"450\" src=\"http:\/\/www.oagvm.sk\/wphirfolyam\/wp-content\/uploads\/2019\/10\/bakony-21.jpg\" class=\"slider-227 slide-261\" alt=\"\" loading=\"lazy\" rel=\"\" title=\"bakony-21\" srcset=\"http:\/\/www.oagvm.sk\/wphirfolyam\/wp-content\/uploads\/2019\/10\/bakony-21.jpg 600w, http:\/\/www.oagvm.sk\/wphirfolyam\/wp-content\/uploads\/2019\/10\/bakony-21-300x225.jpg 300w\" sizes=\"(max-width: 600px) 100vw, 600px\" \/><\/li>\n                <li style=\"display: none; width: 100%;\" class=\"slide-262 ms-image\"><img width=\"600\" height=\"450\" src=\"http:\/\/www.oagvm.sk\/wphirfolyam\/wp-content\/uploads\/2019\/10\/bakony-22.jpg\" class=\"slider-227 slide-262\" alt=\"\" loading=\"lazy\" rel=\"\" title=\"bakony-22\" srcset=\"http:\/\/www.oagvm.sk\/wphirfolyam\/wp-content\/uploads\/2019\/10\/bakony-22.jpg 600w, http:\/\/www.oagvm.sk\/wphirfolyam\/wp-content\/uploads\/2019\/10\/bakony-22-300x225.jpg 300w\" sizes=\"(max-width: 600px) 100vw, 600px\" \/><\/li>\n                <li style=\"display: none; width: 100%;\" class=\"slide-263 ms-image\"><img width=\"600\" height=\"450\" src=\"http:\/\/www.oagvm.sk\/wphirfolyam\/wp-content\/uploads\/2019\/10\/bakony-23.jpg\" class=\"slider-227 slide-263\" alt=\"\" loading=\"lazy\" rel=\"\" title=\"bakony-23\" srcset=\"http:\/\/www.oagvm.sk\/wphirfolyam\/wp-content\/uploads\/2019\/10\/bakony-23.jpg 600w, http:\/\/www.oagvm.sk\/wphirfolyam\/wp-content\/uploads\/2019\/10\/bakony-23-300x225.jpg 300w\" sizes=\"(max-width: 600px) 100vw, 600px\" \/><\/li>\n                <li style=\"display: none; width: 100%;\" class=\"slide-264 ms-image\"><img width=\"600\" height=\"450\" src=\"http:\/\/www.oagvm.sk\/wphirfolyam\/wp-content\/uploads\/2019\/10\/bakony-24.jpg\" class=\"slider-227 slide-264\" alt=\"\" loading=\"lazy\" rel=\"\" title=\"bakony-24\" srcset=\"http:\/\/www.oagvm.sk\/wphirfolyam\/wp-content\/uploads\/2019\/10\/bakony-24.jpg 600w, http:\/\/www.oagvm.sk\/wphirfolyam\/wp-content\/uploads\/2019\/10\/bakony-24-300x225.jpg 300w\" sizes=\"(max-width: 600px) 100vw, 600px\" \/><\/li>\n                <li style=\"display: none; width: 100%;\" class=\"slide-265 ms-image\"><img width=\"600\" height=\"450\" src=\"http:\/\/www.oagvm.sk\/wphirfolyam\/wp-content\/uploads\/2019\/10\/bakony-01.jpg\" class=\"slider-227 slide-265\" alt=\"\" loading=\"lazy\" rel=\"\" title=\"bakony-01\" srcset=\"http:\/\/www.oagvm.sk\/wphirfolyam\/wp-content\/uploads\/2019\/10\/bakony-01.jpg 600w, http:\/\/www.oagvm.sk\/wphirfolyam\/wp-content\/uploads\/2019\/10\/bakony-01-300x225.jpg 300w\" sizes=\"(max-width: 600px) 100vw, 600px\" \/><\/li>\n                <li style=\"display: none; width: 100%;\" class=\"slide-266 ms-image\"><img width=\"450\" height=\"600\" src=\"http:\/\/www.oagvm.sk\/wphirfolyam\/wp-content\/uploads\/2019\/10\/bakony-02.jpg\" class=\"slider-227 slide-266\" alt=\"\" loading=\"lazy\" rel=\"\" title=\"bakony-02\" srcset=\"http:\/\/www.oagvm.sk\/wphirfolyam\/wp-content\/uploads\/2019\/10\/bakony-02.jpg 450w, http:\/\/www.oagvm.sk\/wphirfolyam\/wp-content\/uploads\/2019\/10\/bakony-02-225x300.jpg 225w\" sizes=\"(max-width: 450px) 100vw, 450px\" \/><\/li>\n                <li style=\"display: none; width: 100%;\" class=\"slide-267 ms-image\"><img width=\"600\" height=\"450\" src=\"http:\/\/www.oagvm.sk\/wphirfolyam\/wp-content\/uploads\/2019\/10\/bakony-03.jpg\" class=\"slider-227 slide-267\" alt=\"\" loading=\"lazy\" rel=\"\" title=\"bakony-03\" srcset=\"http:\/\/www.oagvm.sk\/wphirfolyam\/wp-content\/uploads\/2019\/10\/bakony-03.jpg 600w, http:\/\/www.oagvm.sk\/wphirfolyam\/wp-content\/uploads\/2019\/10\/bakony-03-300x225.jpg 300w\" sizes=\"(max-width: 600px) 100vw, 600px\" \/><\/li>\n                <li style=\"display: none; width: 100%;\" class=\"slide-268 ms-image\"><img width=\"600\" height=\"450\" src=\"http:\/\/www.oagvm.sk\/wphirfolyam\/wp-content\/uploads\/2019\/10\/bakony-04.jpg\" class=\"slider-227 slide-268\" alt=\"\" loading=\"lazy\" rel=\"\" title=\"bakony-04\" srcset=\"http:\/\/www.oagvm.sk\/wphirfolyam\/wp-content\/uploads\/2019\/10\/bakony-04.jpg 600w, http:\/\/www.oagvm.sk\/wphirfolyam\/wp-content\/uploads\/2019\/10\/bakony-04-300x225.jpg 300w\" sizes=\"(max-width: 600px) 100vw, 600px\" \/><\/li>\n                <li style=\"display: none; width: 100%;\" class=\"slide-269 ms-image\"><img width=\"600\" height=\"450\" src=\"http:\/\/www.oagvm.sk\/wphirfolyam\/wp-content\/uploads\/2019\/10\/bakony-05.jpg\" class=\"slider-227 slide-269\" alt=\"\" loading=\"lazy\" rel=\"\" title=\"bakony-05\" srcset=\"http:\/\/www.oagvm.sk\/wphirfolyam\/wp-content\/uploads\/2019\/10\/bakony-05.jpg 600w, http:\/\/www.oagvm.sk\/wphirfolyam\/wp-content\/uploads\/2019\/10\/bakony-05-300x225.jpg 300w\" sizes=\"(max-width: 600px) 100vw, 600px\" \/><\/li>\n                <li style=\"display: none; width: 100%;\" class=\"slide-270 ms-image\"><img width=\"600\" height=\"450\" src=\"http:\/\/www.oagvm.sk\/wphirfolyam\/wp-content\/uploads\/2019\/10\/bakony-06.jpg\" class=\"slider-227 slide-270\" alt=\"\" loading=\"lazy\" rel=\"\" title=\"bakony-06\" srcset=\"http:\/\/www.oagvm.sk\/wphirfolyam\/wp-content\/uploads\/2019\/10\/bakony-06.jpg 600w, http:\/\/www.oagvm.sk\/wphirfolyam\/wp-content\/uploads\/2019\/10\/bakony-06-300x225.jpg 300w\" sizes=\"(max-width: 600px) 100vw, 600px\" \/><\/li>\n                <li style=\"display: none; width: 100%;\" class=\"slide-271 ms-image\"><img width=\"600\" height=\"450\" src=\"http:\/\/www.oagvm.sk\/wphirfolyam\/wp-content\/uploads\/2019\/10\/bakony-07.jpg\" class=\"slider-227 slide-271\" alt=\"\" loading=\"lazy\" rel=\"\" title=\"bakony-07\" srcset=\"http:\/\/www.oagvm.sk\/wphirfolyam\/wp-content\/uploads\/2019\/10\/bakony-07.jpg 600w, http:\/\/www.oagvm.sk\/wphirfolyam\/wp-content\/uploads\/2019\/10\/bakony-07-300x225.jpg 300w\" sizes=\"(max-width: 600px) 100vw, 600px\" \/><\/li>\n                <li style=\"display: none; width: 100%;\" class=\"slide-272 ms-image\"><img width=\"600\" height=\"450\" src=\"http:\/\/www.oagvm.sk\/wphirfolyam\/wp-content\/uploads\/2019\/10\/bakony-08.jpg\" class=\"slider-227 slide-272\" alt=\"\" loading=\"lazy\" rel=\"\" title=\"bakony-08\" srcset=\"http:\/\/www.oagvm.sk\/wphirfolyam\/wp-content\/uploads\/2019\/10\/bakony-08.jpg 600w, http:\/\/www.oagvm.sk\/wphirfolyam\/wp-content\/uploads\/2019\/10\/bakony-08-300x225.jpg 300w\" sizes=\"(max-width: 600px) 100vw, 600px\" \/><\/li>\n                <li style=\"display: none; width: 100%;\" class=\"slide-273 ms-image\"><img width=\"600\" height=\"450\" src=\"http:\/\/www.oagvm.sk\/wphirfolyam\/wp-content\/uploads\/2019\/10\/bakony-09.jpg\" class=\"slider-227 slide-273\" alt=\"\" loading=\"lazy\" rel=\"\" title=\"bakony-09\" srcset=\"http:\/\/www.oagvm.sk\/wphirfolyam\/wp-content\/uploads\/2019\/10\/bakony-09.jpg 600w, http:\/\/www.oagvm.sk\/wphirfolyam\/wp-content\/uploads\/2019\/10\/bakony-09-300x225.jpg 300w\" sizes=\"(max-width: 600px) 100vw, 600px\" \/><\/li>\n                <li style=\"display: none; width: 100%;\" class=\"slide-274 ms-image\"><img width=\"600\" height=\"450\" src=\"http:\/\/www.oagvm.sk\/wphirfolyam\/wp-content\/uploads\/2019\/10\/bakony-10.jpg\" class=\"slider-227 slide-274\" alt=\"\" loading=\"lazy\" rel=\"\" title=\"bakony-10\" srcset=\"http:\/\/www.oagvm.sk\/wphirfolyam\/wp-content\/uploads\/2019\/10\/bakony-10.jpg 600w, http:\/\/www.oagvm.sk\/wphirfolyam\/wp-content\/uploads\/2019\/10\/bakony-10-300x225.jpg 300w\" sizes=\"(max-width: 600px) 100vw, 600px\" \/><\/li>\n                <li style=\"display: none; width: 100%;\" class=\"slide-275 ms-image\"><img width=\"600\" height=\"450\" src=\"http:\/\/www.oagvm.sk\/wphirfolyam\/wp-content\/uploads\/2019\/10\/bakony-11.jpg\" class=\"slider-227 slide-275\" alt=\"\" loading=\"lazy\" rel=\"\" title=\"bakony-11\" srcset=\"http:\/\/www.oagvm.sk\/wphirfolyam\/wp-content\/uploads\/2019\/10\/bakony-11.jpg 600w, http:\/\/www.oagvm.sk\/wphirfolyam\/wp-content\/uploads\/2019\/10\/bakony-11-300x225.jpg 300w\" sizes=\"(max-width: 600px) 100vw, 600px\" \/><\/li>\n            <\/ul>\n        <\/div>\n        \n    <\/div>\n<\/div><\/div>\n","protected":false},"excerpt":{"rendered":"<p>Kalandt\u00fara a\u00a0Cuha-v\u00f6lgy szurdok\u00e1ban\u00a0 \u00a0 2019 j\u00fanius\u00e1ban m\u00e1r h\u00edrt adtam arr\u00f3l, hogy az Edinburgh Hercege Nemzetk\u00f6zi D\u00edj keret\u00e9ben iskol\u00e1nk n\u00e9gy tanul\u00f3ja \u2013 \u010cah\u00e1k Vivien (II.B), V\u00e9gh D\u00e1vid (II.C), Szak\u00e1cs R\u00e9ka (III.CM) \u00e9s Mayer Zsuzsanna (III.CM) \u2013 sikeres felk\u00e9sz\u00edt\u0151 kalandt\u00far\u00e1n vett r\u00e9szt a Pilis hegys\u00e9gben. A nagy preszt\u00edzs\u0171 d\u00edj bronz fokozat\u00e1nak megszerz\u00e9s\u00e9hez azonban egy \u00e9les, k\u00e9tnapos kalandt\u00far\u00e1t &#8230; <a title=\"Kalandt\u00fara a Cuha-v\u00f6lgy szurdok\u00e1ban &#8211; Dobrodru\u017en\u00e1 exped\u00edcia v pohor\u00ed Bakony\" class=\"read-more\" href=\"http:\/\/www.oagvm.sk\/wphirfolyam\/?p=276\">Olvass tov\u00e1bb<span class=\"screen-reader-text\">Kalandt\u00fara a Cuha-v\u00f6lgy szurdok\u00e1ban &#8211; Dobrodru\u017en\u00e1 exped\u00edcia v pohor\u00ed Bakony<\/span><\/a><\/p>\n","protected":false},"author":1,"featured_media":0,"comment_status":"open","ping_status":"open","sticky":false,"template":"","format":"standard","meta":[],"categories":[3],"tags":[],"_links":{"self":[{"href":"http:\/\/www.oagvm.sk\/wphirfolyam\/index.php?rest_route=\/wp\/v2\/posts\/276"}],"collection":[{"href":"http:\/\/www.oagvm.sk\/wphirfolyam\/index.php?rest_route=\/wp\/v2\/posts"}],"about":[{"href":"http:\/\/www.oagvm.sk\/wphirfolyam\/index.php?rest_route=\/wp\/v2\/types\/post"}],"author":[{"embeddable":true,"href":"http:\/\/www.oagvm.sk\/wphirfolyam\/index.php?rest_route=\/wp\/v2\/users\/1"}],"replies":[{"embeddable":true,"href":"http:\/\/www.oagvm.sk\/wphirfolyam\/index.php?rest_route=%2Fwp%2Fv2%2Fcomments&post=276"}],"version-history":[{"count":3,"href":"http:\/\/www.oagvm.sk\/wphirfolyam\/index.php?rest_route=\/wp\/v2\/posts\/276\/revisions"}],"predecessor-version":[{"id":307,"href":"http:\/\/www.oagvm.sk\/wphirfolyam\/index.php?rest_route=\/wp\/v2\/posts\/276\/revisions\/307"}],"wp:attachment":[{"href":"http:\/\/www.oagvm.sk\/wphirfolyam\/index.php?rest_route=%2Fwp%2Fv2%2Fmedia&parent=276"}],"wp:term":[{"taxonomy":"category","embeddable":true,"href":"http:\/\/www.oagvm.sk\/wphirfolyam\/index.php?rest_route=%2Fwp%2Fv2%2Fcategories&post=276"},{"taxonomy":"post_tag","embeddable":true,"href":"http:\/\/www.oagvm.sk\/wphirfolyam\/index.php?rest_route=%2Fwp%2Fv2%2Ftags&post=276"}],"curies":[{"name":"wp","href":"https:\/\/api.w.org\/{rel}","templated":true}]}}