{"id":3657,"date":"2021-06-15T15:30:59","date_gmt":"2021-06-15T13:30:59","guid":{"rendered":"http:\/\/www.oagvm.sk\/wphirfolyam\/?p=3657"},"modified":"2021-06-15T15:12:55","modified_gmt":"2021-06-15T13:12:55","slug":"ismet-a-hatartalanul-kozepiskolai-vetelkedo-dontojeben-opat-vo-finale-bez-hranic-sutaz-pre-stredoskolakov","status":"publish","type":"post","link":"http:\/\/www.oagvm.sk\/wphirfolyam\/?p=3657","title":{"rendered":"Ism\u00e9t a Hat\u00e1rtalanul k\u00f6z\u00e9piskolai vet\u00e9lked\u0151 d\u00f6nt\u0151j\u00e9ben &#8211; Op\u00e4\u0165 vo fin\u00e1le &#8211; \u201eBez Hran\u00edc!\u201c s\u00fa\u0165a\u017e pre stredo\u0161kol\u00e1kov"},"content":{"rendered":"<h3 style=\"text-align: justify;\"><span style=\"font-family: tahoma, arial, helvetica, sans-serif; font-size: 18pt; color: #ff6600;\"><strong>Ism\u00e9t a Hat\u00e1rtalanul k\u00f6z\u00e9piskolai vet\u00e9lked\u0151 d\u00f6nt\u0151j\u00e9ben<\/strong><\/span><\/h3>\n<h3 style=\"text-align: justify;\"><span style=\"font-family: tahoma, arial, helvetica, sans-serif;\">A magyar Minisztereln\u00f6ks\u00e9g Nemzetpolitikai \u00c1llamtitk\u00e1rs\u00e1ga a 2020\/2021-es tan\u00e9vben is meghirdette a Hat\u00e1rtalanul k\u00f6z\u00e9piskolai vet\u00e9lked\u0151t, amelynek c\u00e9lja a nemzeti \u00f6sszetartoz\u00e1s er\u0151s\u00edt\u00e9se az anyaorsz\u00e1gi \u00e9s k\u00fclhoni k\u00f6z\u00e9piskol\u00e1s di\u00e1kok k\u00f6r\u00e9ben. \u00d6rvendetes t\u00e9ny, hogy\u00a0az idei versenybe t\u00f6bb mint sz\u00e1zezer k\u00fclhoni \u00e9s anyaorsz\u00e1gi tanul\u00f3 kapcsol\u00f3dott be, k\u00f6zt\u00fck a Nagymegyeri Kereskedelmi Akad\u00e9mia di\u00e1kjai is.<\/span><\/h3>\n<h3 style=\"text-align: justify;\"><span style=\"font-family: tahoma, arial, helvetica, sans-serif;\">A Hat\u00e1rtalanul! programhoz kapcsol\u00f3d\u00f3 verseny janu\u00e1ri virtu\u00e1lis el\u0151d\u00f6nt\u0151j\u00e9ben iskol\u00e1nk \u201eImr\u00e9k\u201c elnevez\u00e9s\u0171 csapata indult, amelyet a\u00a0II.C oszt\u00e1ly tanul\u00f3i \u2013 Anda Vikt\u00f3ria, Biegelbauer M\u00e1rk, Dobosi D\u00f3ra, Ivancsik Ivett, Karcagi Karin, Kub\u00edk Laura, Lelkes M\u00e1t\u00e9, Moln\u00e1r M\u00e1rk, Nagy Vivien, R\u00f3zs\u00e1r R\u00e9ka, Torma Melissa \u00e9s Ulrich \u00c1gnes \u2013 alkottak. Az el\u0151d\u00f6nt\u0151 sor\u00e1n csapatunk tagjai sikeresen oldott\u00e1k meg a f\u00f6ldrajzi, t\u00f6rt\u00e9nelmi, irodalmi, term\u00e9szettudom\u00e1nyi \u00e9s nemzetpolitikai k\u00e9rd\u00e9sekb\u0151l \u00e1ll\u00f3 teszteket, \u00edgy beker\u00fcltek a\u00a0k\u00f6z\u00e9pd\u00f6nt\u0151be.<\/span><\/h3>\n<h3 style=\"text-align: justify;\"><span style=\"font-family: tahoma, arial, helvetica, sans-serif;\">A k\u00f6z\u00e9pd\u00f6nt\u0151k sokas\u00e1ga t\u00f6bb h\u00f3napon kereszt\u00fcl zajlott, mi 2021. \u00e1prilis 14-\u00e9n m\u00e9rettett\u00fck meg magunkat, a\u00a0j\u00e1rv\u00e1nyhelyzet miatt ism\u00e9t online form\u00e1ban. A Zoom platformon lebonyol\u00edtott j\u00e1t\u00e9kos vet\u00e9lked\u0151 igencsak pr\u00f3b\u00e1ra tette a di\u00e1kok tud\u00e1s\u00e1t, de az oszt\u00e1ly kiv\u00e1l\u00f3an teljes\u00edtett, \u00edgy izgatottan \u00e9s bizakodva v\u00e1rtuk a\u00a0k\u00f6z\u00e9pd\u00f6nt\u0151k \u00f6sszes\u00edtett eredm\u00e9ny\u00e9t. Azt\u00e1n kit\u00f6r\u0151 \u00f6r\u00f6mmel fogadtuk a\u00a0h\u00edrt, hogy csapatunk tov\u00e1bbjutott a\u00a0verseny d\u00f6nt\u0151j\u00e9be, \u00edgy iskol\u00e1nk di\u00e1kjai \u2013 a\u00a0tavalyi siker ut\u00e1n \u2013 imm\u00e1r m\u00e1sodj\u00e1ra tehetik pr\u00f3b\u00e1ra r\u00e1termetts\u00e9g\u00fcket a vet\u00e9lked\u0151 fin\u00e1l\u00e9j\u00e1ban. \u00a0<\/span><\/h3>\n<h3 style=\"text-align: justify;\"><span style=\"font-family: tahoma, arial, helvetica, sans-serif;\">A Nagyd\u00f6nt\u0151 2021. j\u00fanius 30-\u00e1n ker\u00fcl megrendez\u00e9sre a Hat\u00e1rtalanul! nap keret\u00e9ben az aktu\u00e1lis j\u00e1rv\u00e1ny\u00fcgyi helyzett\u0151l f\u00fcgg\u0151en vagy Budapesten, vagy a\u00a0virtu\u00e1lis t\u00e9rben. Csapatunknak kreat\u00edv feladatokkal kell majd k\u00e9sz\u00fclnie a fin\u00e1l\u00e9ra. Jelenleg ezekre a\u00a0feladatokra v\u00e1runk, amelyeket a szervez\u0151k a d\u00f6nt\u0151 id\u0151pontja el\u0151tt 1 h\u00e9ttel fognak elk\u00fcldeni.<\/span><\/h3>\n<h3 style=\"text-align: justify;\"><span style=\"font-family: tahoma, arial, helvetica, sans-serif;\">El\u00e9gedetts\u00e9ggel t\u00f6lt el benn\u00fcnket, hogy az ut\u00f3bbi h\u00f3napok megterhel\u0151 k\u00f6r\u00fclm\u00e9nyei ellen\u00e9re is motiv\u00e1lni tudtuk tanul\u00f3inkat. Sok sikert k\u00edv\u00e1nunk nekik a Nagyd\u00f6nt\u0151ben, amelyet b\u00e1rki k\u00f6vethet a\u00a0<a href=\"https:\/\/www.youtube.com\/hatartalanulprogram\">Hat\u00e1rtalanul YouTube csatorn\u00e1j\u00e1n.<\/a>\u00a0Tavaly nagy buli volt, s az idei d\u00f6nt\u0151 is annak \u00edg\u00e9rkezik. A gy\u0151ztes oszt\u00e1ly\u00a0jutalma egymilli\u00f3 forint lesz,\u00a0de senki nem t\u00e1vozik majd \u00fcres k\u00e9zzel, t\u00f6bb mint ezer jutalom v\u00e1rja a r\u00e9sztvev\u0151ket.<\/span><\/h3>\n<h3 style=\"text-align: right;\"><span style=\"font-family: tahoma, arial, helvetica, sans-serif;\"><em>Ing. Baranyai Ang\u00e9la<\/em>, az iskola tan\u00e1ra<\/span><\/h3>\n<h3 style=\"text-align: justify;\"><span style=\"font-family: tahoma, arial, helvetica, sans-serif; color: #ff6600;\"><strong>Op\u00e4\u0165 vo fin\u00e1le &#8211; \u201eBez Hran\u00edc!\u201c s\u00fa\u0165a\u017e pre stredo\u0161kol\u00e1kov<\/strong><\/span><\/h3>\n<h3 style=\"text-align: justify;\"><span style=\"font-family: tahoma, arial, helvetica, sans-serif;\">\u017diaci na\u0161ej \u0161koly sa prihl\u00e1sili do s\u00fa\u0165a\u017ee pre stredo\u0161kol\u00e1kov, ktor\u00fa zorganizovalo \u0160t\u00e1tne tajomn\u00edctvo n\u00e1rodnostnej politiky. S\u00fa\u0165a\u017e v\u00a0r\u00e1mci programu \u201eBez hran\u00edc\u201c pozost\u00e1va z\u00a0troch \u010dast\u00ed: prv\u00e1 \u010das\u0165 prebiehala online, druh\u00e1 \u010das\u0165 sa uskuto\u010dnila prostredn\u00edctvom Zoom platformy a\u00a0tretia \u010das\u0165 bude fin\u00e1le v Budape\u0161ti. V\u00a0r\u00e1mci online \u010dasti \u017eiaci mali odpoveda\u0165 v\u00a0priebehu janu\u00e1ra ka\u017ed\u00fd de\u0148 na test pozost\u00e1vaj\u00faci z\u00a0ot\u00e1zok, t\u00fdkaj\u00face sa hist\u00f3rie, politiky, zemepisu, literat\u00fary, pr\u00edrodovedy. Do s\u00fa\u0165a\u017ee sa zapojilo viac ako 100\u00a0000 ma\u010farsk\u00fdch \u017eiakov.<\/span><\/h3>\n<h3 style=\"text-align: justify;\"><span style=\"font-family: tahoma, arial, helvetica, sans-serif;\">\u017diaci triedy II.C (Andov\u00e1 Vikt\u00f3ria, Biegelbauer M\u00e1rk, Dobosi D\u00f3ra, Ivancsikov\u00e1 Ivett, Karcagiov\u00e1 Karin, Kub\u00edkov\u00e1 Laura, Lelkes M\u00e1t\u00e9, Moln\u00e1r M\u00e1rk, Nagy Vivien, R\u00f3zs\u00e1r R\u00e9ka, Tormov\u00e1 Melissa, Ulrich \u00c1gnes) boli v\u00a0prvej \u010dasti s\u00fa\u0165a\u017ee \u00faspe\u0161n\u00ed a\u00a0tak mohli post\u00fapi\u0165 <\/span><br \/>\n<span style=\"font-family: tahoma, arial, helvetica, sans-serif;\">do \u010fal\u0161ej \u010dasti s\u00fa\u0165a\u017ee, ktor\u00e1 sa uskuto\u010dnila 14. apr\u00edla 2021. \u017diaci hravou formou zvl\u00e1dli druh\u00fa \u010das\u0165 s\u00fa\u0165a\u017ee a\u00a0z\u00edskali \u010fal\u0161ie body k postupu do fin\u00e1le.\u00a0<\/span><\/h3>\n<h3 style=\"text-align: justify;\"><span style=\"font-family: tahoma, arial, helvetica, sans-serif;\">S\u00fa\u0165a\u017eiaca skupinka pod n\u00e1zvom \u201eImr\u00e9k\u201c bola ve\u013emi \u0161ikovn\u00e1 a\u00a0doteraz s\u00a0n\u00e1dejou \u010dakala v\u00fdsledky. S\u00a0ve\u013ekou rados\u0165ou oznamujeme, \u017ee sme dostali pozv\u00e1nku do fin\u00e1le v\u00a0Budape\u0161ti, ktor\u00e1 sa uskuto\u010dn\u00ed 30. j\u00fana, a\u00a0priebeh s\u00fa\u0165a\u017ee m\u00f4\u017eete sledova\u0165 cez youtube kan\u00e1l.<\/span><\/h3>\n<h3 style=\"text-align: justify;\"><span style=\"font-family: tahoma, arial, helvetica, sans-serif;\">Cie\u013eom s\u00fa\u0165a\u017ee \u201eBez Hran\u00edc!\u201c bolo upevni\u0165 priate\u013esk\u00e9 vz\u0165ahy medzi \u017eiakmi Ma\u010farskej republiky a\u00a0\u017eiakmi \u017eij\u00facimi za hranicami Ma\u010farska.<\/span><\/h3>\n<h3 style=\"text-align: right;\"><span style=\"font-family: tahoma, arial, helvetica, sans-serif;\"><em>Ing. Angela Baranyai<\/em><\/span><\/h3>\n<p style=\"text-align: center;\"><img loading=\"lazy\" class=\"alignnone size-full wp-image-3656\" src=\"http:\/\/www.oagvm.sk\/wphirfolyam\/wp-content\/uploads\/2021\/06\/hatartalanul-03.jpg\" alt=\"\" width=\"800\" height=\"600\" srcset=\"http:\/\/www.oagvm.sk\/wphirfolyam\/wp-content\/uploads\/2021\/06\/hatartalanul-03.jpg 800w, http:\/\/www.oagvm.sk\/wphirfolyam\/wp-content\/uploads\/2021\/06\/hatartalanul-03-300x225.jpg 300w, http:\/\/www.oagvm.sk\/wphirfolyam\/wp-content\/uploads\/2021\/06\/hatartalanul-03-768x576.jpg 768w\" sizes=\"(max-width: 800px) 100vw, 800px\" \/> <img loading=\"lazy\" class=\"alignnone size-full wp-image-3655\" src=\"http:\/\/www.oagvm.sk\/wphirfolyam\/wp-content\/uploads\/2021\/06\/hatartalanul-02.jpg\" alt=\"\" width=\"800\" height=\"600\" srcset=\"http:\/\/www.oagvm.sk\/wphirfolyam\/wp-content\/uploads\/2021\/06\/hatartalanul-02.jpg 800w, http:\/\/www.oagvm.sk\/wphirfolyam\/wp-content\/uploads\/2021\/06\/hatartalanul-02-300x225.jpg 300w, http:\/\/www.oagvm.sk\/wphirfolyam\/wp-content\/uploads\/2021\/06\/hatartalanul-02-768x576.jpg 768w\" sizes=\"(max-width: 800px) 100vw, 800px\" \/> <img loading=\"lazy\" class=\"alignnone size-full wp-image-3654\" src=\"http:\/\/www.oagvm.sk\/wphirfolyam\/wp-content\/uploads\/2021\/06\/hatartalanul-01.jpg\" alt=\"\" width=\"800\" height=\"594\" srcset=\"http:\/\/www.oagvm.sk\/wphirfolyam\/wp-content\/uploads\/2021\/06\/hatartalanul-01.jpg 800w, http:\/\/www.oagvm.sk\/wphirfolyam\/wp-content\/uploads\/2021\/06\/hatartalanul-01-300x223.jpg 300w, http:\/\/www.oagvm.sk\/wphirfolyam\/wp-content\/uploads\/2021\/06\/hatartalanul-01-768x570.jpg 768w\" sizes=\"(max-width: 800px) 100vw, 800px\" \/><\/p>\n","protected":false},"excerpt":{"rendered":"<p>Ism\u00e9t a Hat\u00e1rtalanul k\u00f6z\u00e9piskolai vet\u00e9lked\u0151 d\u00f6nt\u0151j\u00e9ben A magyar Minisztereln\u00f6ks\u00e9g Nemzetpolitikai \u00c1llamtitk\u00e1rs\u00e1ga a 2020\/2021-es tan\u00e9vben is meghirdette a Hat\u00e1rtalanul k\u00f6z\u00e9piskolai vet\u00e9lked\u0151t, amelynek c\u00e9lja a nemzeti \u00f6sszetartoz\u00e1s er\u0151s\u00edt\u00e9se az anyaorsz\u00e1gi \u00e9s k\u00fclhoni k\u00f6z\u00e9piskol\u00e1s di\u00e1kok k\u00f6r\u00e9ben. \u00d6rvendetes t\u00e9ny, hogy\u00a0az idei versenybe t\u00f6bb mint sz\u00e1zezer k\u00fclhoni \u00e9s anyaorsz\u00e1gi tanul\u00f3 kapcsol\u00f3dott be, k\u00f6zt\u00fck a Nagymegyeri Kereskedelmi Akad\u00e9mia di\u00e1kjai is. A &#8230; <a title=\"Ism\u00e9t a Hat\u00e1rtalanul k\u00f6z\u00e9piskolai vet\u00e9lked\u0151 d\u00f6nt\u0151j\u00e9ben &#8211; Op\u00e4\u0165 vo fin\u00e1le &#8211; \u201eBez Hran\u00edc!\u201c s\u00fa\u0165a\u017e pre stredo\u0161kol\u00e1kov\" class=\"read-more\" href=\"http:\/\/www.oagvm.sk\/wphirfolyam\/?p=3657\">Olvass tov\u00e1bb<span class=\"screen-reader-text\">Ism\u00e9t a Hat\u00e1rtalanul k\u00f6z\u00e9piskolai vet\u00e9lked\u0151 d\u00f6nt\u0151j\u00e9ben &#8211; Op\u00e4\u0165 vo fin\u00e1le &#8211; \u201eBez Hran\u00edc!\u201c s\u00fa\u0165a\u017e pre stredo\u0161kol\u00e1kov<\/span><\/a><\/p>\n","protected":false},"author":1,"featured_media":0,"comment_status":"open","ping_status":"open","sticky":false,"template":"","format":"standard","meta":[],"categories":[89],"tags":[],"_links":{"self":[{"href":"http:\/\/www.oagvm.sk\/wphirfolyam\/index.php?rest_route=\/wp\/v2\/posts\/3657"}],"collection":[{"href":"http:\/\/www.oagvm.sk\/wphirfolyam\/index.php?rest_route=\/wp\/v2\/posts"}],"about":[{"href":"http:\/\/www.oagvm.sk\/wphirfolyam\/index.php?rest_route=\/wp\/v2\/types\/post"}],"author":[{"embeddable":true,"href":"http:\/\/www.oagvm.sk\/wphirfolyam\/index.php?rest_route=\/wp\/v2\/users\/1"}],"replies":[{"embeddable":true,"href":"http:\/\/www.oagvm.sk\/wphirfolyam\/index.php?rest_route=%2Fwp%2Fv2%2Fcomments&post=3657"}],"version-history":[{"count":3,"href":"http:\/\/www.oagvm.sk\/wphirfolyam\/index.php?rest_route=\/wp\/v2\/posts\/3657\/revisions"}],"predecessor-version":[{"id":3660,"href":"http:\/\/www.oagvm.sk\/wphirfolyam\/index.php?rest_route=\/wp\/v2\/posts\/3657\/revisions\/3660"}],"wp:attachment":[{"href":"http:\/\/www.oagvm.sk\/wphirfolyam\/index.php?rest_route=%2Fwp%2Fv2%2Fmedia&parent=3657"}],"wp:term":[{"taxonomy":"category","embeddable":true,"href":"http:\/\/www.oagvm.sk\/wphirfolyam\/index.php?rest_route=%2Fwp%2Fv2%2Fcategories&post=3657"},{"taxonomy":"post_tag","embeddable":true,"href":"http:\/\/www.oagvm.sk\/wphirfolyam\/index.php?rest_route=%2Fwp%2Fv2%2Ftags&post=3657"}],"curies":[{"name":"wp","href":"https:\/\/api.w.org\/{rel}","templated":true}]}}