{"id":3747,"date":"2021-06-29T14:17:46","date_gmt":"2021-06-29T12:17:46","guid":{"rendered":"http:\/\/www.oagvm.sk\/wphirfolyam\/?p=3747"},"modified":"2021-06-29T12:20:48","modified_gmt":"2021-06-29T10:20:48","slug":"csatlakozz-te-is-az-edinburgh-hercege-nemzetkozi-dij-elnevezesu-programba-zapoj-sa-do-programu-medzinarodna-cena-vojvodu-z-edinburghu","status":"publish","type":"post","link":"http:\/\/www.oagvm.sk\/wphirfolyam\/?p=3747","title":{"rendered":"Csatlakozz te is az Edinburgh Hercege Nemzetk\u00f6zi D\u00edj elnevez\u00e9s\u0171 programba! &#8211; Zapoj sa do programu Medzin\u00e1rodn\u00e1 cena vojvodu z\u00a0Edinburghu!"},"content":{"rendered":"<h3><span style=\"font-family: tahoma, arial, helvetica, sans-serif; font-size: 18pt; color: #ff6600;\">Csatlakozz te is az Edinburgh Hercege Nemzetk\u00f6zi D\u00edj elnevez\u00e9s\u0171 programba!<\/span><\/h3>\n<h3 style=\"text-align: justify;\"><span style=\"font-family: tahoma, arial, helvetica, sans-serif;\">Sz\u00edvesen sportolsz vagy tev\u00e9kenykedsz szabadid\u0151dben? Szeretn\u00e9l fejl\u0151dni \u00e9s el\u0151bbre jutni? Csatlakozz te is fiatalok milli\u00f3ihoz az eg\u00e9sz vil\u00e1gon, akik m\u00e1r b\u00fcszke r\u00e9sztvev\u0151i az Edinburgh Hercege Nemzetk\u00f6zi D\u00edj elnevez\u00e9s\u0171 programnak \u00e9s fontos sz\u00e1mukra a fejl\u0151d\u00e9s. Ez a felh\u00edv\u00e1s volt a mozgat\u00f3r\u00fag\u00f3ja a j\u00fanius 23-\u00e1n \u00e9s 24-\u00e9n megrendezett el\u0151ad\u00e1soknak \u00e9s besz\u00e9lget\u00e9seknek, melyek keret\u00e9n bel\u00fcl a Nagymegyeri Kereskedelmi Akad\u00e9mia di\u00e1kjai megismerkedhettek a programmal \u00e9s annak el\u0151nyeivel. Az el\u0151ad\u00e1sokon k\u00edv\u00fcl a programban tev\u00e9kenyked\u0151 di\u00e1kt\u00e1rsaik besz\u00e1mol\u00f3it is meghallgathatt\u00e1k, \u00e9s megbesz\u00e9lhett\u00e9k felmer\u00fcl\u0151 k\u00e9rd\u00e9seiket. Az \u00e9rdekl\u0151d\u0151k szeptembert\u0151l \u00fajult er\u0151vel kapcsol\u00f3dhatnak be a programba \u00e9s fejleszthetik k\u00e9pess\u00e9geiket.<\/span><\/h3>\n<h3 style=\"text-align: right;\"><span style=\"font-family: tahoma, arial, helvetica, sans-serif;\"><em>K\u00f3sa Katalin<\/em>, a program koordin\u00e1tora<\/span><\/h3>\n<h3><span style=\"font-family: tahoma, arial, helvetica, sans-serif; font-size: 18pt; color: #ff6600;\">Zapoj sa do programu Medzin\u00e1rodn\u00e1 cena vojvodu z\u00a0Edinburghu!<\/span><\/h3>\n<h3 style=\"text-align: justify;\"><span style=\"font-family: tahoma, arial, helvetica, sans-serif;\">Zapoj sa do programu Dofe a\u00a0rozv\u00edjaj svoje schopnosti a\u00a0charakterov\u00e9 vlastnosti spolu\u00a0s\u00a0mili\u00f3nmi mlad\u00fdch \u013eud\u00ed po celom svete! T\u00fato v\u00fdzvu sme tlmo\u010dili \u017eiakom n\u00e1borom do programu Medzin\u00e1rodn\u00e1 cena vojvodu z\u00a0Edinburghu, ktor\u00fd sa uskuto\u010dnil 23. a\u00a024. j\u00fana na Obchodnej akad\u00e9mii vo Ve\u013ekom Mederi. \u017diaci sa mohli zozn\u00e1mi\u0165 s\u00a0programom prostredn\u00edctvom predn\u00e1\u0161ok a\u00a0diskusi\u00ed o\u00a0tom, ako program funguje a\u00a0pre\u010do sa oplat\u00ed z\u00fa\u010dastni\u0165 sa. Okrem ved\u00facich programu boli pr\u00edtomn\u00ed aj \u00fa\u010dastn\u00edci programu a\u00a0\u017eiaci si z\u00a0prvej ruky mohli vypo\u010du\u0165 ich sk\u00fasenosti a\u00a0diskutova\u0165 o\u00a0nich. Ver\u00edme, \u017ee aj tento n\u00e1bor oslovil t\u00fdch \u017eiakov, ktor\u00ed s\u00fa si vedom\u00ed toho, \u017ee sebarozvoj je d\u00f4le\u017eitou cestou k\u00a0\u00faspechu a\u00a0uplatneniu sa.<\/span><\/h3>\n<h3 style=\"text-align: right;\"><span style=\"font-family: tahoma, arial, helvetica, sans-serif;\"><em>Katar\u00edna K\u00f3sov\u00e1<\/em>, koordin\u00e1torka programu<\/span><\/h3>\n<h3 style=\"text-align: center;\"><div id=\"metaslider-id-3732\" style=\"width: 100%; margin: 0 auto;\" class=\"ml-slider-3-23-0 metaslider metaslider-flex metaslider-3732 ml-slider nav-hidden\">\n    <div id=\"metaslider_container_3732\">\n        <div id=\"metaslider_3732\">\n            <ul aria-live=\"polite\" class=\"slides\">\n                <li style=\"display: block; width: 100%;\" class=\"slide-3740 ms-image\"><img width=\"800\" height=\"600\" src=\"http:\/\/www.oagvm.sk\/wphirfolyam\/wp-content\/uploads\/2021\/06\/edinburgh-eloadas-01.jpg\" class=\"slider-3732 slide-3740\" alt=\"\" loading=\"lazy\" rel=\"\" title=\"edinburgh-eloadas-01\" srcset=\"http:\/\/www.oagvm.sk\/wphirfolyam\/wp-content\/uploads\/2021\/06\/edinburgh-eloadas-01.jpg 800w, http:\/\/www.oagvm.sk\/wphirfolyam\/wp-content\/uploads\/2021\/06\/edinburgh-eloadas-01-300x225.jpg 300w, http:\/\/www.oagvm.sk\/wphirfolyam\/wp-content\/uploads\/2021\/06\/edinburgh-eloadas-01-768x576.jpg 768w\" sizes=\"(max-width: 800px) 100vw, 800px\" \/><\/li>\n                <li style=\"display: none; width: 100%;\" class=\"slide-3741 ms-image\"><img width=\"800\" height=\"600\" src=\"http:\/\/www.oagvm.sk\/wphirfolyam\/wp-content\/uploads\/2021\/06\/edinburgh-eloadas-02.jpg\" class=\"slider-3732 slide-3741\" alt=\"\" loading=\"lazy\" rel=\"\" title=\"edinburgh-eloadas-02\" srcset=\"http:\/\/www.oagvm.sk\/wphirfolyam\/wp-content\/uploads\/2021\/06\/edinburgh-eloadas-02.jpg 800w, http:\/\/www.oagvm.sk\/wphirfolyam\/wp-content\/uploads\/2021\/06\/edinburgh-eloadas-02-300x225.jpg 300w, http:\/\/www.oagvm.sk\/wphirfolyam\/wp-content\/uploads\/2021\/06\/edinburgh-eloadas-02-768x576.jpg 768w\" sizes=\"(max-width: 800px) 100vw, 800px\" \/><\/li>\n                <li style=\"display: none; width: 100%;\" class=\"slide-3742 ms-image\"><img width=\"800\" height=\"600\" src=\"http:\/\/www.oagvm.sk\/wphirfolyam\/wp-content\/uploads\/2021\/06\/edinburgh-eloadas-03.jpg\" class=\"slider-3732 slide-3742\" alt=\"\" loading=\"lazy\" rel=\"\" title=\"edinburgh-eloadas-03\" srcset=\"http:\/\/www.oagvm.sk\/wphirfolyam\/wp-content\/uploads\/2021\/06\/edinburgh-eloadas-03.jpg 800w, http:\/\/www.oagvm.sk\/wphirfolyam\/wp-content\/uploads\/2021\/06\/edinburgh-eloadas-03-300x225.jpg 300w, http:\/\/www.oagvm.sk\/wphirfolyam\/wp-content\/uploads\/2021\/06\/edinburgh-eloadas-03-768x576.jpg 768w\" sizes=\"(max-width: 800px) 100vw, 800px\" \/><\/li>\n                <li style=\"display: none; width: 100%;\" class=\"slide-3743 ms-image\"><img width=\"800\" height=\"600\" src=\"http:\/\/www.oagvm.sk\/wphirfolyam\/wp-content\/uploads\/2021\/06\/edinburgh-eloadas-04.jpg\" class=\"slider-3732 slide-3743\" alt=\"\" loading=\"lazy\" rel=\"\" title=\"edinburgh-eloadas-04\" srcset=\"http:\/\/www.oagvm.sk\/wphirfolyam\/wp-content\/uploads\/2021\/06\/edinburgh-eloadas-04.jpg 800w, http:\/\/www.oagvm.sk\/wphirfolyam\/wp-content\/uploads\/2021\/06\/edinburgh-eloadas-04-300x225.jpg 300w, http:\/\/www.oagvm.sk\/wphirfolyam\/wp-content\/uploads\/2021\/06\/edinburgh-eloadas-04-768x576.jpg 768w\" sizes=\"(max-width: 800px) 100vw, 800px\" \/><\/li>\n                <li style=\"display: none; width: 100%;\" class=\"slide-3744 ms-image\"><img width=\"800\" height=\"600\" src=\"http:\/\/www.oagvm.sk\/wphirfolyam\/wp-content\/uploads\/2021\/06\/edinburgh-eloadas-05.jpg\" class=\"slider-3732 slide-3744\" alt=\"\" loading=\"lazy\" rel=\"\" title=\"edinburgh-eloadas-05\" srcset=\"http:\/\/www.oagvm.sk\/wphirfolyam\/wp-content\/uploads\/2021\/06\/edinburgh-eloadas-05.jpg 800w, http:\/\/www.oagvm.sk\/wphirfolyam\/wp-content\/uploads\/2021\/06\/edinburgh-eloadas-05-300x225.jpg 300w, http:\/\/www.oagvm.sk\/wphirfolyam\/wp-content\/uploads\/2021\/06\/edinburgh-eloadas-05-768x576.jpg 768w\" sizes=\"(max-width: 800px) 100vw, 800px\" \/><\/li>\n                <li style=\"display: none; width: 100%;\" class=\"slide-3745 ms-image\"><img width=\"800\" height=\"600\" src=\"http:\/\/www.oagvm.sk\/wphirfolyam\/wp-content\/uploads\/2021\/06\/edinburgh-eloadas-06.jpg\" class=\"slider-3732 slide-3745\" alt=\"\" loading=\"lazy\" rel=\"\" title=\"edinburgh-eloadas-06\" srcset=\"http:\/\/www.oagvm.sk\/wphirfolyam\/wp-content\/uploads\/2021\/06\/edinburgh-eloadas-06.jpg 800w, http:\/\/www.oagvm.sk\/wphirfolyam\/wp-content\/uploads\/2021\/06\/edinburgh-eloadas-06-300x225.jpg 300w, http:\/\/www.oagvm.sk\/wphirfolyam\/wp-content\/uploads\/2021\/06\/edinburgh-eloadas-06-768x576.jpg 768w\" sizes=\"(max-width: 800px) 100vw, 800px\" \/><\/li>\n                <li style=\"display: none; width: 100%;\" class=\"slide-3746 ms-image\"><img width=\"800\" height=\"600\" src=\"http:\/\/www.oagvm.sk\/wphirfolyam\/wp-content\/uploads\/2021\/06\/edinburgh-eloadas-07.jpg\" class=\"slider-3732 slide-3746\" alt=\"\" loading=\"lazy\" rel=\"\" title=\"edinburgh-eloadas-07\" srcset=\"http:\/\/www.oagvm.sk\/wphirfolyam\/wp-content\/uploads\/2021\/06\/edinburgh-eloadas-07.jpg 800w, http:\/\/www.oagvm.sk\/wphirfolyam\/wp-content\/uploads\/2021\/06\/edinburgh-eloadas-07-300x225.jpg 300w, http:\/\/www.oagvm.sk\/wphirfolyam\/wp-content\/uploads\/2021\/06\/edinburgh-eloadas-07-768x576.jpg 768w\" sizes=\"(max-width: 800px) 100vw, 800px\" \/><\/li>\n            <\/ul>\n        <\/div>\n        \n    <\/div>\n<\/div><\/h3>\n","protected":false},"excerpt":{"rendered":"<p>Csatlakozz te is az Edinburgh Hercege Nemzetk\u00f6zi D\u00edj elnevez\u00e9s\u0171 programba! Sz\u00edvesen sportolsz vagy tev\u00e9kenykedsz szabadid\u0151dben? Szeretn\u00e9l fejl\u0151dni \u00e9s el\u0151bbre jutni? Csatlakozz te is fiatalok milli\u00f3ihoz az eg\u00e9sz vil\u00e1gon, akik m\u00e1r b\u00fcszke r\u00e9sztvev\u0151i az Edinburgh Hercege Nemzetk\u00f6zi D\u00edj elnevez\u00e9s\u0171 programnak \u00e9s fontos sz\u00e1mukra a fejl\u0151d\u00e9s. Ez a felh\u00edv\u00e1s volt a mozgat\u00f3r\u00fag\u00f3ja a j\u00fanius 23-\u00e1n \u00e9s 24-\u00e9n &#8230; <a title=\"Csatlakozz te is az Edinburgh Hercege Nemzetk\u00f6zi D\u00edj elnevez\u00e9s\u0171 programba! &#8211; Zapoj sa do programu Medzin\u00e1rodn\u00e1 cena vojvodu z\u00a0Edinburghu!\" class=\"read-more\" href=\"http:\/\/www.oagvm.sk\/wphirfolyam\/?p=3747\">Olvass tov\u00e1bb<span class=\"screen-reader-text\">Csatlakozz te is az Edinburgh Hercege Nemzetk\u00f6zi D\u00edj elnevez\u00e9s\u0171 programba! &#8211; Zapoj sa do programu Medzin\u00e1rodn\u00e1 cena vojvodu z\u00a0Edinburghu!<\/span><\/a><\/p>\n","protected":false},"author":1,"featured_media":0,"comment_status":"open","ping_status":"open","sticky":false,"template":"","format":"standard","meta":[],"categories":[89],"tags":[],"_links":{"self":[{"href":"http:\/\/www.oagvm.sk\/wphirfolyam\/index.php?rest_route=\/wp\/v2\/posts\/3747"}],"collection":[{"href":"http:\/\/www.oagvm.sk\/wphirfolyam\/index.php?rest_route=\/wp\/v2\/posts"}],"about":[{"href":"http:\/\/www.oagvm.sk\/wphirfolyam\/index.php?rest_route=\/wp\/v2\/types\/post"}],"author":[{"embeddable":true,"href":"http:\/\/www.oagvm.sk\/wphirfolyam\/index.php?rest_route=\/wp\/v2\/users\/1"}],"replies":[{"embeddable":true,"href":"http:\/\/www.oagvm.sk\/wphirfolyam\/index.php?rest_route=%2Fwp%2Fv2%2Fcomments&post=3747"}],"version-history":[{"count":1,"href":"http:\/\/www.oagvm.sk\/wphirfolyam\/index.php?rest_route=\/wp\/v2\/posts\/3747\/revisions"}],"predecessor-version":[{"id":3748,"href":"http:\/\/www.oagvm.sk\/wphirfolyam\/index.php?rest_route=\/wp\/v2\/posts\/3747\/revisions\/3748"}],"wp:attachment":[{"href":"http:\/\/www.oagvm.sk\/wphirfolyam\/index.php?rest_route=%2Fwp%2Fv2%2Fmedia&parent=3747"}],"wp:term":[{"taxonomy":"category","embeddable":true,"href":"http:\/\/www.oagvm.sk\/wphirfolyam\/index.php?rest_route=%2Fwp%2Fv2%2Fcategories&post=3747"},{"taxonomy":"post_tag","embeddable":true,"href":"http:\/\/www.oagvm.sk\/wphirfolyam\/index.php?rest_route=%2Fwp%2Fv2%2Ftags&post=3747"}],"curies":[{"name":"wp","href":"https:\/\/api.w.org\/{rel}","templated":true}]}}