{"id":3878,"date":"2021-06-30T09:58:32","date_gmt":"2021-06-30T07:58:32","guid":{"rendered":"http:\/\/www.oagvm.sk\/wphirfolyam\/?p=3878"},"modified":"2021-07-01T14:14:13","modified_gmt":"2021-07-01T12:14:13","slug":"hegyre-hagtunk-volgybe-szalltunk-tri-dni-tri-hrady-dobrodruzna-expedicia-v-tribeci","status":"publish","type":"post","link":"http:\/\/www.oagvm.sk\/wphirfolyam\/?p=3878","title":{"rendered":"Hegyre h\u00e1gtunk, v\u00f6lgybe sz\u00e1lltunk\u2026 &#8211; Tri dni, tri hrady &#8211; dobrodru\u017en\u00e1 exped\u00edcia v Tribe\u010di"},"content":{"rendered":"<h3 style=\"text-align: justify;\"><span style=\"font-family: tahoma, arial, helvetica, sans-serif; font-size: 18pt; color: #ff6600;\"><strong>Hegyre h\u00e1gtunk, v\u00f6lgybe sz\u00e1lltunk\u2026<\/strong><\/span><\/h3>\n<h3 style=\"text-align: justify;\"><span style=\"font-family: tahoma, arial, helvetica, sans-serif;\">Iskol\u00e1nkon, a Nagymegyeri Kereskedelmi Akad\u00e9mi\u00e1n imm\u00e1r 2018 \u00f3ta m\u0171k\u00f6dik az Edinburgh Hercege Nemzetk\u00f6zi D\u00edj (DofE) helyi k\u00f6zpontja. Az \u00f6nk\u00e9ntes programba az\u00e9rt jelentkezt\u00fcnk be, mert f\u0151 c\u00e9lja az ifj\u00fas\u00e1g tartalmasabb \u00e9letre, \u00f6n\u00e1ll\u00f3s\u00e1gra, gyakorlatiass\u00e1gra, csoportos egy\u00fcttm\u0171k\u00f6d\u00e9sre val\u00f3 nevel\u00e9se. A tanul\u00f3k n\u00e9gy ter\u00fcleten \u2013 \u00f6nk\u00e9ntes munka, sport, k\u00e9pess\u00e9gfejleszt\u00e9s, kalandt\u00fara \u2013 t\u0171znek ki maguk el\u00e9 motiv\u00e1l\u00f3, de teljes\u00edthet\u0151 c\u00e9lokat, amelyek megval\u00f3s\u00edt\u00e1s\u00e1n azt\u00e1n h\u00f3napokig dolgoznak. A nagy preszt\u00edzs\u0171 d\u00edjnak h\u00e1rom egym\u00e1sra \u00e9p\u00fcl\u0151 \u00e9s egyre ig\u00e9nyesebb fokozata van: a bronz, az ez\u00fcst \u00e9s v\u00e9g\u00fcl az arany szint. Az idei tan\u00e9vben iskol\u00e1nk h\u00e9t tanul\u00f3ja kapcsol\u00f3dott be a programba, k\u00f6z\u00fcl\u00fck ketten az ez\u00fcst, a t\u00f6bbiek bronz szint teljes\u00edt\u00e9s\u00e9re v\u00e1llalkoztak. N\u00e9gyen \u2013 T\u00f3th J\u00falia Anna (III.C), P\u0151the Miriam (I.B), valamint So\u00f3ky Bogl\u00e1rka \u00e9s Edm\u00e1r Dominika az I.C-b\u0151l \u2013 pedig m\u00e1r a kalandt\u00far\u00e1t is teljes\u00edtett\u00fck, amely 2021. j\u00fanius 27-29. k\u00f6z\u00f6tt zajlott a Tribecs (Tribe\u010d) hegys\u00e9gben.<\/span><\/h3>\n<h3 style=\"text-align: justify;\"><span style=\"font-family: tahoma, arial, helvetica, sans-serif;\">H\u00e1rom nap h\u00e1rom v\u00e1r elnevez\u00e9s\u0171 exped\u00edci\u00f3nk Appony (Oponice) k\u00f6zs\u00e9gb\u0151l indult \u00e9s Kic\u0151ben (Sk\u00fdcov) v\u00e9gz\u0151d\u00f6tt. T\u00f6rt\u00e9nelmi ihlet\u00e9s\u0171 t\u00far\u00e1nk csod\u00e1latos, szemet \u00e9s sz\u00edvet gy\u00f6ny\u00f6rk\u00f6dtet\u0151 term\u00e9szeti k\u00f6rnyezetben zajlott. Sz\u00e1mos hegyet \u00e9s v\u00f6lgyet kellett megj\u00e1rnunk, hogy a c\u00e9lul kit\u0171z\u00f6tt h\u00e1rom k\u00f6z\u00e9pkori v\u00e1r \u2013 Appony, Gh\u00fdmes (Jelenec) \u00e9s Hruss\u00f3 (Hru\u0161ov) \u2013 vadreg\u00e9nyes romjait felkeress\u00fck, mik\u00f6zben megismerkedt\u00fcnk azok t\u00f6rt\u00e9net\u00e9vel \u00e9s a hozz\u00e1juk f\u0171z\u0151d\u0151 legend\u00e1kkal. A v\u00e1rak mellett m\u00e1s helyekre is eljutottunk, l\u00e1ttuk p\u00e9ld\u00e1ul az apponyi \u00e9s fels\u0151elef\u00e1nti (Horn\u00e9 Lefantovce) kast\u00e9lyt, Kosztol\u00e1ny (Kosto\u013eany pod Tribe\u010dom) \u0151si templom\u00e1t, de megm\u00e1sztuk a Nyitra f\u00f6l\u00e9 magasod\u00f3 Zobort is.<\/span><\/h3>\n<h3 style=\"text-align: justify;\"><span style=\"font-family: tahoma, arial, helvetica, sans-serif;\">A t\u00fara komolyan pr\u00f3b\u00e1ra tette fizikai \u00e1ll\u00f3k\u00e9pess\u00e9g\u00fcnket, hiszen h\u00e1rom napon kereszt\u00fcl napi nyolc \u00f3r\u00e1t t\u00f6lt\u00f6tt\u00fcnk az emelked\u0151k\u00f6n \u00e9s a lejt\u0151k\u00f6n, magunkkal cipelve teljes felszerel\u00e9s\u00fcnket, megk\u00fczdve a k\u00ednz\u00f3 k\u00e1nikul\u00e1val, emellett bizony\u00edtanunk kellett a terepen val\u00f3 t\u00e1j\u00e9koz\u00f3d\u00e1s ter\u00e9n is. Est\u00e9nk\u00e9nt pedig a t\u00e1bori \u00e9let k\u00f6zismert rutinjai k\u00f6vetkeztek: s\u00e1tor\u00e1ll\u00edt\u00e1s, t\u0171zrak\u00e1s, s\u00fct\u00e9s-f\u0151z\u00e9s, hangulatos besz\u00e9lget\u00e9s a t\u0171z mellett. Mi tagad\u00e1s, a s\u00e1torban t\u00f6lt\u00f6tt \u00e9jszak\u00e1k ut\u00e1n megt\u00f6rve kelt\u00fcnk, de a csoport mindig t\u00faltette mag\u00e1t az \u00e1tmeneti f\u00e1sults\u00e1gon, s nemsok\u00e1ra m\u00e1r valamelyik \u00f6sv\u00e9nyen r\u00f3tta az \u00fajabb kilom\u00e9tereket. Mindent \u00f6sszevetve elmondhatjuk, hogy a kalandt\u00fara sikeres volt, \u00e9s nemcsak ez\u00e9rt, mert marad\u00e9ktalanul teljes\u00edtett\u00fck a kit\u0171z\u00f6tt c\u00e9lokat. Erre a h\u00e1rom napra m\u00e9g sok\u00e1ig eml\u00e9kezni fogunk, hiszen a sz\u00e1mos felfedez\u00e9s, kaland sor\u00e1n, v\u00e1ratlan szitu\u00e1ci\u00f3k megold\u00e1sa k\u00f6zben egy\u00e9nileg meger\u0151s\u00f6dt\u00fcnk, mik\u00f6zben t\u00e1rsas\u00e1gunk \u00f6sszetart\u00f3, bar\u00e1ti hangulat\u00fa csoportt\u00e1 kov\u00e1csol\u00f3dott. Bizton \u00e1ll\u00edthatom, hogy a tov\u00e1bbiakban egy j\u00f3 t\u00far\u00e1ra mindig kaphat\u00f3k lesz\u00fcnk.<\/span><\/h3>\n<h3><\/h3>\n<h3 style=\"text-align: right;\"><span style=\"font-family: tahoma, arial, helvetica, sans-serif;\"><em>T\u00f3th J\u00falia Anna<\/em>, a kalandt\u00fara r\u00e9sztvev\u0151je<\/span><\/h3>\n<h3><span style=\"font-family: tahoma, arial, helvetica, sans-serif; font-size: 18pt; color: #ff6600;\"><strong>Tri dni, tri hrady &#8211; dobrodru\u017en\u00e1 exped\u00edcia v Tribe\u010di<\/strong><\/span><\/h3>\n<h3 style=\"text-align: justify;\"><span style=\"font-family: tahoma, arial, helvetica, sans-serif;\">Ako dobre viete, na na\u0161ej \u0161kole u\u017e roky funguje miestne centrum Medzin\u00e1rodnej ceny vojvodu z Edinburghu. V r\u00e1mci prest\u00ed\u017eneho programu sa v d\u0148och 27.-29. j\u00fala uskuto\u010dnila \u010fal\u0161ia dobrodru\u017en\u00e1 exped\u00edcia v pohor\u00ed Tribe\u010d, ktorej hlavn\u00fdm cie\u013eom bolo obozn\u00e1mi\u0165 sa zr\u00facaninami stredovek\u00fdch hradov. \u00da\u010dastn\u00edkmi trojd\u0148ovej exped\u00edcie boli J\u00falia Anna T\u00f3th (III.C), Miriam P\u0151the (I.C), Bogl\u00e1rka So\u00f3ky (1.C) a Dominika Edm\u00e1r (1.C). \u010clenovia t\u00edmu vyh\u013eadali ruiny hradov Oponice, G\u00edme\u0161 a Hru\u0161ov, ale videli aj ka\u0161tiele v Oponiciach a Horn\u00fdch Lefantovciach, kostol v Kosto\u013eanoch pod Tribe\u010dom a zdolali aj horu Zobor nad Nitrou. Exped\u00edcia bola pre \u00fa\u010dastn\u00edkov fyzicky ve\u013emi n\u00e1ro\u010dn\u00e1, dlh\u00fa trasu toti\u017e museli absolvova\u0165 v extr\u00e9mnej hor\u00fa\u010dave a pln\u00fdm batohom, pritom dve noci str\u00e1vili v stanoch. \u010clenovia t\u00edmu dorazili domov unaven\u00ed, ale pln\u00ed z\u00e1\u017eitkov.<\/span><\/h3>\n<h3 style=\"text-align: right;\"><span style=\"font-family: tahoma, arial, helvetica, sans-serif;\"><em>J\u00falia Anna T\u00f3th<\/em>, \u010dlen exped\u00edcie<\/span><\/h3>\n<p style=\"text-align: center;\"><div id=\"metaslider-id-3880\" style=\"width: 100%; margin: 0 auto;\" class=\"ml-slider-3-23-0 metaslider metaslider-flex metaslider-3880 ml-slider nav-hidden\">\n    <div id=\"metaslider_container_3880\">\n        <div id=\"metaslider_3880\">\n            <ul aria-live=\"polite\" class=\"slides\">\n                <li style=\"display: block; width: 100%;\" class=\"slide-3916 ms-image\"><img width=\"800\" height=\"600\" src=\"http:\/\/www.oagvm.sk\/wphirfolyam\/wp-content\/uploads\/2021\/07\/edinburgh-kalandtura-01.jpg\" class=\"slider-3880 slide-3916\" alt=\"\" loading=\"lazy\" rel=\"\" title=\"edinburgh-kalandtura-01\" srcset=\"http:\/\/www.oagvm.sk\/wphirfolyam\/wp-content\/uploads\/2021\/07\/edinburgh-kalandtura-01.jpg 800w, http:\/\/www.oagvm.sk\/wphirfolyam\/wp-content\/uploads\/2021\/07\/edinburgh-kalandtura-01-300x225.jpg 300w, http:\/\/www.oagvm.sk\/wphirfolyam\/wp-content\/uploads\/2021\/07\/edinburgh-kalandtura-01-768x576.jpg 768w\" sizes=\"(max-width: 800px) 100vw, 800px\" \/><\/li>\n                <li style=\"display: none; width: 100%;\" class=\"slide-3917 ms-image\"><img width=\"800\" height=\"600\" src=\"http:\/\/www.oagvm.sk\/wphirfolyam\/wp-content\/uploads\/2021\/07\/edinburgh-kalandtura-02.jpg\" class=\"slider-3880 slide-3917\" alt=\"\" loading=\"lazy\" rel=\"\" title=\"edinburgh-kalandtura-02\" srcset=\"http:\/\/www.oagvm.sk\/wphirfolyam\/wp-content\/uploads\/2021\/07\/edinburgh-kalandtura-02.jpg 800w, http:\/\/www.oagvm.sk\/wphirfolyam\/wp-content\/uploads\/2021\/07\/edinburgh-kalandtura-02-300x225.jpg 300w, http:\/\/www.oagvm.sk\/wphirfolyam\/wp-content\/uploads\/2021\/07\/edinburgh-kalandtura-02-768x576.jpg 768w\" sizes=\"(max-width: 800px) 100vw, 800px\" \/><\/li>\n                <li style=\"display: none; width: 100%;\" class=\"slide-3918 ms-image\"><img width=\"800\" height=\"254\" src=\"http:\/\/www.oagvm.sk\/wphirfolyam\/wp-content\/uploads\/2021\/07\/edinburgh-kalandtura-03.jpg\" class=\"slider-3880 slide-3918\" alt=\"\" loading=\"lazy\" rel=\"\" title=\"edinburgh-kalandtura-03\" srcset=\"http:\/\/www.oagvm.sk\/wphirfolyam\/wp-content\/uploads\/2021\/07\/edinburgh-kalandtura-03.jpg 800w, http:\/\/www.oagvm.sk\/wphirfolyam\/wp-content\/uploads\/2021\/07\/edinburgh-kalandtura-03-300x95.jpg 300w, http:\/\/www.oagvm.sk\/wphirfolyam\/wp-content\/uploads\/2021\/07\/edinburgh-kalandtura-03-768x244.jpg 768w\" sizes=\"(max-width: 800px) 100vw, 800px\" \/><\/li>\n                <li style=\"display: none; width: 100%;\" class=\"slide-3919 ms-image\"><img width=\"600\" height=\"800\" src=\"http:\/\/www.oagvm.sk\/wphirfolyam\/wp-content\/uploads\/2021\/07\/edinburgh-kalandtura-04.jpg\" class=\"slider-3880 slide-3919\" alt=\"\" loading=\"lazy\" rel=\"\" title=\"edinburgh-kalandtura-04\" srcset=\"http:\/\/www.oagvm.sk\/wphirfolyam\/wp-content\/uploads\/2021\/07\/edinburgh-kalandtura-04.jpg 600w, http:\/\/www.oagvm.sk\/wphirfolyam\/wp-content\/uploads\/2021\/07\/edinburgh-kalandtura-04-225x300.jpg 225w\" sizes=\"(max-width: 600px) 100vw, 600px\" \/><\/li>\n                <li style=\"display: none; width: 100%;\" class=\"slide-3920 ms-image\"><img width=\"800\" height=\"600\" src=\"http:\/\/www.oagvm.sk\/wphirfolyam\/wp-content\/uploads\/2021\/07\/edinburgh-kalandtura-05.jpg\" class=\"slider-3880 slide-3920\" alt=\"\" loading=\"lazy\" rel=\"\" title=\"edinburgh-kalandtura-05\" srcset=\"http:\/\/www.oagvm.sk\/wphirfolyam\/wp-content\/uploads\/2021\/07\/edinburgh-kalandtura-05.jpg 800w, http:\/\/www.oagvm.sk\/wphirfolyam\/wp-content\/uploads\/2021\/07\/edinburgh-kalandtura-05-300x225.jpg 300w, http:\/\/www.oagvm.sk\/wphirfolyam\/wp-content\/uploads\/2021\/07\/edinburgh-kalandtura-05-768x576.jpg 768w\" sizes=\"(max-width: 800px) 100vw, 800px\" \/><\/li>\n                <li style=\"display: none; width: 100%;\" class=\"slide-3901 ms-image\"><img width=\"800\" height=\"600\" src=\"http:\/\/www.oagvm.sk\/wphirfolyam\/wp-content\/uploads\/2021\/07\/edinburgh-kalandtura-06.jpg\" class=\"slider-3880 slide-3901\" alt=\"\" loading=\"lazy\" rel=\"\" title=\"edinburgh-kalandtura-06\" srcset=\"http:\/\/www.oagvm.sk\/wphirfolyam\/wp-content\/uploads\/2021\/07\/edinburgh-kalandtura-06.jpg 800w, http:\/\/www.oagvm.sk\/wphirfolyam\/wp-content\/uploads\/2021\/07\/edinburgh-kalandtura-06-300x225.jpg 300w, http:\/\/www.oagvm.sk\/wphirfolyam\/wp-content\/uploads\/2021\/07\/edinburgh-kalandtura-06-768x576.jpg 768w\" sizes=\"(max-width: 800px) 100vw, 800px\" \/><\/li>\n                <li style=\"display: none; width: 100%;\" class=\"slide-3902 ms-image\"><img width=\"450\" height=\"800\" src=\"http:\/\/www.oagvm.sk\/wphirfolyam\/wp-content\/uploads\/2021\/07\/edinburgh-kalandtura-07.jpg\" class=\"slider-3880 slide-3902\" alt=\"\" loading=\"lazy\" rel=\"\" title=\"edinburgh-kalandtura-07\" srcset=\"http:\/\/www.oagvm.sk\/wphirfolyam\/wp-content\/uploads\/2021\/07\/edinburgh-kalandtura-07.jpg 450w, http:\/\/www.oagvm.sk\/wphirfolyam\/wp-content\/uploads\/2021\/07\/edinburgh-kalandtura-07-169x300.jpg 169w\" sizes=\"(max-width: 450px) 100vw, 450px\" \/><\/li>\n                <li style=\"display: none; width: 100%;\" class=\"slide-3903 ms-image\"><img width=\"600\" height=\"800\" src=\"http:\/\/www.oagvm.sk\/wphirfolyam\/wp-content\/uploads\/2021\/07\/edinburgh-kalandtura-08.jpg\" class=\"slider-3880 slide-3903\" alt=\"\" loading=\"lazy\" rel=\"\" title=\"edinburgh-kalandtura-08\" srcset=\"http:\/\/www.oagvm.sk\/wphirfolyam\/wp-content\/uploads\/2021\/07\/edinburgh-kalandtura-08.jpg 600w, http:\/\/www.oagvm.sk\/wphirfolyam\/wp-content\/uploads\/2021\/07\/edinburgh-kalandtura-08-225x300.jpg 225w\" sizes=\"(max-width: 600px) 100vw, 600px\" \/><\/li>\n                <li style=\"display: none; width: 100%;\" class=\"slide-3904 ms-image\"><img width=\"800\" height=\"600\" src=\"http:\/\/www.oagvm.sk\/wphirfolyam\/wp-content\/uploads\/2021\/07\/edinburgh-kalandtura-09.jpg\" class=\"slider-3880 slide-3904\" alt=\"\" loading=\"lazy\" rel=\"\" title=\"edinburgh-kalandtura-09\" srcset=\"http:\/\/www.oagvm.sk\/wphirfolyam\/wp-content\/uploads\/2021\/07\/edinburgh-kalandtura-09.jpg 800w, http:\/\/www.oagvm.sk\/wphirfolyam\/wp-content\/uploads\/2021\/07\/edinburgh-kalandtura-09-300x225.jpg 300w, http:\/\/www.oagvm.sk\/wphirfolyam\/wp-content\/uploads\/2021\/07\/edinburgh-kalandtura-09-768x576.jpg 768w\" sizes=\"(max-width: 800px) 100vw, 800px\" \/><\/li>\n                <li style=\"display: none; width: 100%;\" class=\"slide-3905 ms-image\"><img width=\"600\" height=\"800\" src=\"http:\/\/www.oagvm.sk\/wphirfolyam\/wp-content\/uploads\/2021\/07\/edinburgh-kalandtura-10.jpg\" class=\"slider-3880 slide-3905\" alt=\"\" loading=\"lazy\" rel=\"\" title=\"edinburgh-kalandtura-10\" srcset=\"http:\/\/www.oagvm.sk\/wphirfolyam\/wp-content\/uploads\/2021\/07\/edinburgh-kalandtura-10.jpg 600w, http:\/\/www.oagvm.sk\/wphirfolyam\/wp-content\/uploads\/2021\/07\/edinburgh-kalandtura-10-225x300.jpg 225w\" sizes=\"(max-width: 600px) 100vw, 600px\" \/><\/li>\n                <li style=\"display: none; width: 100%;\" class=\"slide-3906 ms-image\"><img width=\"600\" height=\"800\" src=\"http:\/\/www.oagvm.sk\/wphirfolyam\/wp-content\/uploads\/2021\/07\/edinburgh-kalandtura-11.jpg\" class=\"slider-3880 slide-3906\" alt=\"\" loading=\"lazy\" rel=\"\" title=\"edinburgh-kalandtura-11\" srcset=\"http:\/\/www.oagvm.sk\/wphirfolyam\/wp-content\/uploads\/2021\/07\/edinburgh-kalandtura-11.jpg 600w, http:\/\/www.oagvm.sk\/wphirfolyam\/wp-content\/uploads\/2021\/07\/edinburgh-kalandtura-11-225x300.jpg 225w\" sizes=\"(max-width: 600px) 100vw, 600px\" \/><\/li>\n                <li style=\"display: none; width: 100%;\" class=\"slide-3907 ms-image\"><img width=\"800\" height=\"600\" src=\"http:\/\/www.oagvm.sk\/wphirfolyam\/wp-content\/uploads\/2021\/07\/edinburgh-kalandtura-12.jpg\" class=\"slider-3880 slide-3907\" alt=\"\" loading=\"lazy\" rel=\"\" title=\"edinburgh-kalandtura-12\" srcset=\"http:\/\/www.oagvm.sk\/wphirfolyam\/wp-content\/uploads\/2021\/07\/edinburgh-kalandtura-12.jpg 800w, http:\/\/www.oagvm.sk\/wphirfolyam\/wp-content\/uploads\/2021\/07\/edinburgh-kalandtura-12-300x225.jpg 300w, http:\/\/www.oagvm.sk\/wphirfolyam\/wp-content\/uploads\/2021\/07\/edinburgh-kalandtura-12-768x576.jpg 768w\" sizes=\"(max-width: 800px) 100vw, 800px\" \/><\/li>\n                <li style=\"display: none; width: 100%;\" class=\"slide-3908 ms-image\"><img width=\"800\" height=\"600\" src=\"http:\/\/www.oagvm.sk\/wphirfolyam\/wp-content\/uploads\/2021\/07\/edinburgh-kalandtura-13.jpg\" class=\"slider-3880 slide-3908\" alt=\"\" loading=\"lazy\" rel=\"\" title=\"edinburgh-kalandtura-13\" srcset=\"http:\/\/www.oagvm.sk\/wphirfolyam\/wp-content\/uploads\/2021\/07\/edinburgh-kalandtura-13.jpg 800w, http:\/\/www.oagvm.sk\/wphirfolyam\/wp-content\/uploads\/2021\/07\/edinburgh-kalandtura-13-300x225.jpg 300w, http:\/\/www.oagvm.sk\/wphirfolyam\/wp-content\/uploads\/2021\/07\/edinburgh-kalandtura-13-768x576.jpg 768w\" sizes=\"(max-width: 800px) 100vw, 800px\" \/><\/li>\n                <li style=\"display: none; width: 100%;\" class=\"slide-3909 ms-image\"><img width=\"600\" height=\"800\" src=\"http:\/\/www.oagvm.sk\/wphirfolyam\/wp-content\/uploads\/2021\/07\/edinburgh-kalandtura-14.jpg\" class=\"slider-3880 slide-3909\" alt=\"\" loading=\"lazy\" rel=\"\" title=\"edinburgh-kalandtura-14\" srcset=\"http:\/\/www.oagvm.sk\/wphirfolyam\/wp-content\/uploads\/2021\/07\/edinburgh-kalandtura-14.jpg 600w, http:\/\/www.oagvm.sk\/wphirfolyam\/wp-content\/uploads\/2021\/07\/edinburgh-kalandtura-14-225x300.jpg 225w\" sizes=\"(max-width: 600px) 100vw, 600px\" \/><\/li>\n                <li style=\"display: none; width: 100%;\" class=\"slide-3910 ms-image\"><img width=\"800\" height=\"600\" src=\"http:\/\/www.oagvm.sk\/wphirfolyam\/wp-content\/uploads\/2021\/07\/edinburgh-kalandtura-15.jpg\" class=\"slider-3880 slide-3910\" alt=\"\" loading=\"lazy\" rel=\"\" title=\"edinburgh-kalandtura-15\" srcset=\"http:\/\/www.oagvm.sk\/wphirfolyam\/wp-content\/uploads\/2021\/07\/edinburgh-kalandtura-15.jpg 800w, http:\/\/www.oagvm.sk\/wphirfolyam\/wp-content\/uploads\/2021\/07\/edinburgh-kalandtura-15-300x225.jpg 300w, http:\/\/www.oagvm.sk\/wphirfolyam\/wp-content\/uploads\/2021\/07\/edinburgh-kalandtura-15-768x576.jpg 768w\" sizes=\"(max-width: 800px) 100vw, 800px\" \/><\/li>\n                <li style=\"display: none; width: 100%;\" class=\"slide-3911 ms-image\"><img width=\"800\" height=\"600\" src=\"http:\/\/www.oagvm.sk\/wphirfolyam\/wp-content\/uploads\/2021\/07\/edinburgh-kalandtura-16.jpg\" class=\"slider-3880 slide-3911\" alt=\"\" loading=\"lazy\" rel=\"\" title=\"edinburgh-kalandtura-16\" srcset=\"http:\/\/www.oagvm.sk\/wphirfolyam\/wp-content\/uploads\/2021\/07\/edinburgh-kalandtura-16.jpg 800w, http:\/\/www.oagvm.sk\/wphirfolyam\/wp-content\/uploads\/2021\/07\/edinburgh-kalandtura-16-300x225.jpg 300w, http:\/\/www.oagvm.sk\/wphirfolyam\/wp-content\/uploads\/2021\/07\/edinburgh-kalandtura-16-768x576.jpg 768w\" sizes=\"(max-width: 800px) 100vw, 800px\" \/><\/li>\n                <li style=\"display: none; width: 100%;\" class=\"slide-3912 ms-image\"><img width=\"800\" height=\"600\" src=\"http:\/\/www.oagvm.sk\/wphirfolyam\/wp-content\/uploads\/2021\/07\/edinburgh-kalandtura-17.jpg\" class=\"slider-3880 slide-3912\" alt=\"\" loading=\"lazy\" rel=\"\" title=\"edinburgh-kalandtura-17\" srcset=\"http:\/\/www.oagvm.sk\/wphirfolyam\/wp-content\/uploads\/2021\/07\/edinburgh-kalandtura-17.jpg 800w, http:\/\/www.oagvm.sk\/wphirfolyam\/wp-content\/uploads\/2021\/07\/edinburgh-kalandtura-17-300x225.jpg 300w, http:\/\/www.oagvm.sk\/wphirfolyam\/wp-content\/uploads\/2021\/07\/edinburgh-kalandtura-17-768x576.jpg 768w\" sizes=\"(max-width: 800px) 100vw, 800px\" \/><\/li>\n                <li style=\"display: none; width: 100%;\" class=\"slide-3913 ms-image\"><img width=\"800\" height=\"601\" src=\"http:\/\/www.oagvm.sk\/wphirfolyam\/wp-content\/uploads\/2021\/07\/edinburgh-kalandtura-18.jpg\" class=\"slider-3880 slide-3913\" alt=\"\" loading=\"lazy\" rel=\"\" title=\"edinburgh-kalandtura-18\" srcset=\"http:\/\/www.oagvm.sk\/wphirfolyam\/wp-content\/uploads\/2021\/07\/edinburgh-kalandtura-18.jpg 800w, http:\/\/www.oagvm.sk\/wphirfolyam\/wp-content\/uploads\/2021\/07\/edinburgh-kalandtura-18-300x225.jpg 300w, http:\/\/www.oagvm.sk\/wphirfolyam\/wp-content\/uploads\/2021\/07\/edinburgh-kalandtura-18-768x577.jpg 768w\" sizes=\"(max-width: 800px) 100vw, 800px\" \/><\/li>\n                <li style=\"display: none; width: 100%;\" class=\"slide-3914 ms-image\"><img width=\"600\" height=\"800\" src=\"http:\/\/www.oagvm.sk\/wphirfolyam\/wp-content\/uploads\/2021\/07\/edinburgh-kalandtura-19.jpg\" class=\"slider-3880 slide-3914\" alt=\"\" loading=\"lazy\" rel=\"\" title=\"edinburgh-kalandtura-19\" srcset=\"http:\/\/www.oagvm.sk\/wphirfolyam\/wp-content\/uploads\/2021\/07\/edinburgh-kalandtura-19.jpg 600w, http:\/\/www.oagvm.sk\/wphirfolyam\/wp-content\/uploads\/2021\/07\/edinburgh-kalandtura-19-225x300.jpg 225w\" sizes=\"(max-width: 600px) 100vw, 600px\" \/><\/li>\n                <li style=\"display: none; width: 100%;\" class=\"slide-3915 ms-image\"><img width=\"800\" height=\"600\" src=\"http:\/\/www.oagvm.sk\/wphirfolyam\/wp-content\/uploads\/2021\/07\/edinburgh-kalandtura-20.jpg\" class=\"slider-3880 slide-3915\" alt=\"\" loading=\"lazy\" rel=\"\" title=\"edinburgh-kalandtura-20\" srcset=\"http:\/\/www.oagvm.sk\/wphirfolyam\/wp-content\/uploads\/2021\/07\/edinburgh-kalandtura-20.jpg 800w, http:\/\/www.oagvm.sk\/wphirfolyam\/wp-content\/uploads\/2021\/07\/edinburgh-kalandtura-20-300x225.jpg 300w, http:\/\/www.oagvm.sk\/wphirfolyam\/wp-content\/uploads\/2021\/07\/edinburgh-kalandtura-20-768x576.jpg 768w\" sizes=\"(max-width: 800px) 100vw, 800px\" \/><\/li>\n            <\/ul>\n        <\/div>\n        \n    <\/div>\n<\/div><\/p>\n","protected":false},"excerpt":{"rendered":"<p>Hegyre h\u00e1gtunk, v\u00f6lgybe sz\u00e1lltunk\u2026 Iskol\u00e1nkon, a Nagymegyeri Kereskedelmi Akad\u00e9mi\u00e1n imm\u00e1r 2018 \u00f3ta m\u0171k\u00f6dik az Edinburgh Hercege Nemzetk\u00f6zi D\u00edj (DofE) helyi k\u00f6zpontja. Az \u00f6nk\u00e9ntes programba az\u00e9rt jelentkezt\u00fcnk be, mert f\u0151 c\u00e9lja az ifj\u00fas\u00e1g tartalmasabb \u00e9letre, \u00f6n\u00e1ll\u00f3s\u00e1gra, gyakorlatiass\u00e1gra, csoportos egy\u00fcttm\u0171k\u00f6d\u00e9sre val\u00f3 nevel\u00e9se. A tanul\u00f3k n\u00e9gy ter\u00fcleten \u2013 \u00f6nk\u00e9ntes munka, sport, k\u00e9pess\u00e9gfejleszt\u00e9s, kalandt\u00fara \u2013 t\u0171znek ki maguk el\u00e9 &#8230; <a title=\"Hegyre h\u00e1gtunk, v\u00f6lgybe sz\u00e1lltunk\u2026 &#8211; Tri dni, tri hrady &#8211; dobrodru\u017en\u00e1 exped\u00edcia v Tribe\u010di\" class=\"read-more\" href=\"http:\/\/www.oagvm.sk\/wphirfolyam\/?p=3878\">Olvass tov\u00e1bb<span class=\"screen-reader-text\">Hegyre h\u00e1gtunk, v\u00f6lgybe sz\u00e1lltunk\u2026 &#8211; Tri dni, tri hrady &#8211; dobrodru\u017en\u00e1 exped\u00edcia v Tribe\u010di<\/span><\/a><\/p>\n","protected":false},"author":1,"featured_media":0,"comment_status":"open","ping_status":"open","sticky":false,"template":"","format":"standard","meta":[],"categories":[89],"tags":[],"_links":{"self":[{"href":"http:\/\/www.oagvm.sk\/wphirfolyam\/index.php?rest_route=\/wp\/v2\/posts\/3878"}],"collection":[{"href":"http:\/\/www.oagvm.sk\/wphirfolyam\/index.php?rest_route=\/wp\/v2\/posts"}],"about":[{"href":"http:\/\/www.oagvm.sk\/wphirfolyam\/index.php?rest_route=\/wp\/v2\/types\/post"}],"author":[{"embeddable":true,"href":"http:\/\/www.oagvm.sk\/wphirfolyam\/index.php?rest_route=\/wp\/v2\/users\/1"}],"replies":[{"embeddable":true,"href":"http:\/\/www.oagvm.sk\/wphirfolyam\/index.php?rest_route=%2Fwp%2Fv2%2Fcomments&post=3878"}],"version-history":[{"count":2,"href":"http:\/\/www.oagvm.sk\/wphirfolyam\/index.php?rest_route=\/wp\/v2\/posts\/3878\/revisions"}],"predecessor-version":[{"id":3921,"href":"http:\/\/www.oagvm.sk\/wphirfolyam\/index.php?rest_route=\/wp\/v2\/posts\/3878\/revisions\/3921"}],"wp:attachment":[{"href":"http:\/\/www.oagvm.sk\/wphirfolyam\/index.php?rest_route=%2Fwp%2Fv2%2Fmedia&parent=3878"}],"wp:term":[{"taxonomy":"category","embeddable":true,"href":"http:\/\/www.oagvm.sk\/wphirfolyam\/index.php?rest_route=%2Fwp%2Fv2%2Fcategories&post=3878"},{"taxonomy":"post_tag","embeddable":true,"href":"http:\/\/www.oagvm.sk\/wphirfolyam\/index.php?rest_route=%2Fwp%2Fv2%2Ftags&post=3878"}],"curies":[{"name":"wp","href":"https:\/\/api.w.org\/{rel}","templated":true}]}}