{"id":3926,"date":"2021-06-30T08:40:47","date_gmt":"2021-06-30T06:40:47","guid":{"rendered":"http:\/\/www.oagvm.sk\/wphirfolyam\/?p=3926"},"modified":"2021-07-02T14:32:41","modified_gmt":"2021-07-02T12:32:41","slug":"siker-a-cultura-nostran-uspech-na-sutazi-cultura-nostra","status":"publish","type":"post","link":"http:\/\/www.oagvm.sk\/wphirfolyam\/?p=3926","title":{"rendered":"Siker a Cultura Nostr\u00e1n &#8211; \u00daspech na s\u00fa\u0165a\u017ei Cultura Nostra"},"content":{"rendered":"<h3 style=\"text-align: justify;\"><span style=\"font-family: tahoma, arial, helvetica, sans-serif; font-size: 18pt; color: #ff6600;\"><strong>Siker a Cultura Nostr\u00e1n<\/strong><\/span><\/h3>\n<h3 style=\"text-align: justify;\"><span style=\"font-family: tahoma, arial, helvetica, sans-serif;\">Hetekkel ezel\u0151tt \u00f6r\u00f6mmel vett\u00fck tudom\u00e1sul, hogy iskol\u00e1nk tanul\u00f3ja, T\u00f3th J\u00falia Anna (III.C) bejutott a\u00a0Cultura Nostra K\u00e1rp\u00e1t-medencei T\u00f6rt\u00e9nelmi Vet\u00e9lked\u0151 els\u0151 t\u00edz helyezettje k\u00f6z\u00e9. A\u00a0R\u00e1k\u00f3czi Sz\u00f6vets\u00e9g \u00e9gisze alatt zajl\u00f3 tanulm\u00e1nyi verseny megrendez\u00e9se az idei\u00a0tan\u00e9vben rendhagy\u00f3 volt, a\u00a0r\u00e9sztvev\u0151k ugyanis a megszokott vet\u00e9lked\u0151 helyett a\u00a0m\u00falt nagy j\u00e1rv\u00e1nyait, illetve k\u00f6rnyezeti katasztr\u00f3f\u00e1it feldolgoz\u00f3 essz\u00e9k \u00edr\u00e1s\u00e1ban m\u00e9rt\u00e9k \u00f6ssze erej\u00fcket.<\/span><\/h3>\n<h3 style=\"text-align: justify;\"><span style=\"font-family: tahoma, arial, helvetica, sans-serif;\">A\u00a0d\u00edj\u00e1tad\u00f3 \u00fcnneps\u00e9gre 2021. j\u00fanius 25-\u00e9n ker\u00fclt sor a\u00a0Pannonhalmi F\u0151ap\u00e1ts\u00e1g\u00a0 d\u00edszterm\u00e9ben, \u00a0Hardi Titusz benc\u00e9s szerzetes, az ap\u00e1ts\u00e1g oktat\u00e1si igazgat\u00f3ja nyitott meg Cs\u00e1ky Csongor, a\u00a0R\u00e1k\u00f3czi Sz\u00f6vets\u00e9g eln\u00f6ke jelenl\u00e9t\u00e9ben. Ezt k\u00f6vet\u0151en a\u00a0jelenleg zajl\u00f3 pand\u00e9mia miatt felett\u00e9bb aktu\u00e1lis \u00e9s tanuls\u00e1gos el\u0151ad\u00e1sokra ker\u00fclt sor, amelyekben G\u00e1l Eleon\u00f3ra \u00e9s F\u00f3nagy Zolt\u00e1n a\u00a0Magyarorsz\u00e1gon is puszt\u00edt\u00f3 pestis-, illetve koleraj\u00e1rv\u00e1nyokkal kapcsolatos kutat\u00e1sait tette k\u00f6zz\u00e9. Az el\u0151ad\u00e1sokat a\u00a0v\u00e1rva v\u00e1rt eredm\u00e9nyhirdet\u00e9s k\u00f6vette, amelyen kider\u00fclt, hogy T\u00f3th J\u00falia az el\u0151kel\u0151 5. helyen v\u00e9gzett. A\u00a0d\u00edj\u00e1tad\u00f3 ut\u00e1n a\u00a0r\u00e9sztvev\u0151k \u00fcnnepi eb\u00e9den vettek r\u00e9szt a\u00a0Viator \u00c9tteremben. A\u00a0program k\u00e9s\u0151 d\u00e9lut\u00e1n z\u00e1rult az ap\u00e1ts\u00e1g \u00e9s a\u00a0lev\u00e9lt\u00e1r megtekint\u00e9s\u00e9vel.<\/span><\/h3>\n<h3 style=\"text-align: justify;\"><span style=\"font-family: tahoma, arial, helvetica, sans-serif;\">Juli kiv\u00e1l\u00f3 helyez\u00e9se nem volt a\u00a0v\u00e9letlen m\u0171ve, hiszen m\u00e1r kor\u00e1bban is eredm\u00e9nyes volt az essz\u00e9\u00edr\u00e1s ter\u00e9n. Err\u0151l tan\u00faskodik a Kincskeres\u0151k essz\u00e9p\u00e1ly\u00e1zat\u00e1n elnyert aranys\u00e1vos min\u0151s\u00edt\u00e9s, amelyet Ima, ami seg\u00edt az \u00e9let adta neh\u00e9z helyzetekben c\u00edm\u0171 p\u00e1lyamunk\u00e1j\u00e1\u00e9rt kapott. A Cultura Nostr\u00e1n a Megny\u00edlt a f\u00f6ld Kom\u00e1rom alatt c\u00edm\u0171 essz\u00e9j\u00e9vel lett eredm\u00e9nyes, amelyben az 1763-as kom\u00e1romi nagy f\u00f6ldreng\u00e9st dolgozta fel. Juli lelkiismeretes kutat\u00f3 munk\u00e1j\u00e1\u00e9rt, a t\u00e9ma megk\u00f6zel\u00edt\u00e9s\u00e9rt \u00e9s \u00e9rdekes r\u00e9szletekre kiterjed\u0151 feldolgoz\u00e1s\u00e1\u00e9rt meg\u00e9rdemelte e kit\u00fcntet\u0151 helyez\u00e9st. Rem\u00e9lem, hogy ezeket az adotts\u00e1gait a j\u00f6v\u0151ben is kamatoztatni tudja majd.<\/span><\/h3>\n<h3 style=\"text-align: justify;\"><\/h3>\n<h3 style=\"text-align: right;\"><span style=\"font-family: tahoma, arial, helvetica, sans-serif;\"><em>Papp L\u00e1szl\u00f3<\/em> felk\u00e9sz\u00edt\u0151 tan\u00e1r<\/span><\/h3>\n<h3 style=\"text-align: justify;\"><span style=\"font-family: tahoma, arial, helvetica, sans-serif; font-size: 18pt; color: #ff6600;\"><strong>\u00daspech na s\u00fa\u0165a\u017ei Cultura Nostra<\/strong><\/span><\/h3>\n<h3 style=\"text-align: justify;\"><span style=\"font-family: tahoma, arial, helvetica, sans-serif;\">Pred t\u00fd\u017ed\u0148ami sme dostali radostn\u00fa spr\u00e1vu, \u017ee J\u00falia Anna T\u00f3th, \u017eia\u010dka III. C triedy sa dostala medzi desiatich najlep\u0161\u00edch s\u00fa\u0165a\u017eiacich vo fin\u00e1le medzin\u00e1rodnej dejepisnej s\u00fa\u0165a\u017ee Cultura Nostra. \u0160tudijn\u00e1\u00a0 s\u00fa\u0165a\u017e prebiehala pod z\u00e1\u0161titou Zv\u00e4zu R\u00e1k\u00f3cziho a s\u00fa\u0165a\u017eiaci mali za \u00falohu nap\u00edsa\u0165 esej o epid\u00e9mi\u00e1ch a pr\u00edrodn\u00fdch katastrof\u00e1ch, ktor\u00e9 sa udiali v minulosti.<\/span><\/h3>\n<h3 style=\"text-align: justify;\"><span style=\"font-family: tahoma, arial, helvetica, sans-serif;\">Odovzd\u00e1vanie cien sa konalo 25. j\u00fana 2021 v\u00a0aule Hlavn\u00e9ho op\u00e1tstva v\u00a0Pannonhalme v\u00a0Ma\u010farsku. J\u00falia Anna T\u00f3th sa umiestnila na 5. mieste. Na\u0161a \u017eia\u010dka u\u017e aj v\u00a0minulosti dosiahla ve\u013ek\u00e9 \u00faspechy v\u00a0p\u00edsan\u00ed esej\u00ed, lebo na s\u00fa\u0165a\u017ei \u201e Kincskeres\u00f6k\u201d z\u00edskala ocenenie zlat\u00e9ho p\u00e1sma a na s\u00fa\u0165a\u017ei Cultura Nostra \u00faspe\u0161ne reprezentovala na\u0161u \u0161kolu s esejou, v ktorej spracovala ve\u013ek\u00e9 zemetrasenie v Kom\u00e1rne z roku 1763.<\/span><\/h3>\n<h3 style=\"text-align: justify;\"><span style=\"font-family: tahoma, arial, helvetica, sans-serif;\">Juli, gratulujeme Ti a v bud\u00facnosti Ti \u017eel\u00e1me ve\u013ea \u00faspechov.<\/span><\/h3>\n<h3 style=\"text-align: center;\"><img loading=\"lazy\" class=\"alignnone size-full wp-image-3925\" src=\"http:\/\/www.oagvm.sk\/wphirfolyam\/wp-content\/uploads\/2021\/07\/cultura_nostra-03.jpg\" alt=\"\" width=\"800\" height=\"600\" srcset=\"http:\/\/www.oagvm.sk\/wphirfolyam\/wp-content\/uploads\/2021\/07\/cultura_nostra-03.jpg 800w, http:\/\/www.oagvm.sk\/wphirfolyam\/wp-content\/uploads\/2021\/07\/cultura_nostra-03-300x225.jpg 300w, http:\/\/www.oagvm.sk\/wphirfolyam\/wp-content\/uploads\/2021\/07\/cultura_nostra-03-768x576.jpg 768w\" sizes=\"(max-width: 800px) 100vw, 800px\" \/> <img loading=\"lazy\" class=\"alignnone size-full wp-image-3924\" src=\"http:\/\/www.oagvm.sk\/wphirfolyam\/wp-content\/uploads\/2021\/07\/cultura_nostra-02.jpg\" alt=\"\" width=\"800\" height=\"533\" srcset=\"http:\/\/www.oagvm.sk\/wphirfolyam\/wp-content\/uploads\/2021\/07\/cultura_nostra-02.jpg 800w, http:\/\/www.oagvm.sk\/wphirfolyam\/wp-content\/uploads\/2021\/07\/cultura_nostra-02-300x200.jpg 300w, http:\/\/www.oagvm.sk\/wphirfolyam\/wp-content\/uploads\/2021\/07\/cultura_nostra-02-768x512.jpg 768w\" sizes=\"(max-width: 800px) 100vw, 800px\" \/> <img loading=\"lazy\" class=\"alignnone size-full wp-image-3923\" src=\"http:\/\/www.oagvm.sk\/wphirfolyam\/wp-content\/uploads\/2021\/07\/cultura_nostra-01.jpg\" alt=\"\" width=\"800\" height=\"450\" srcset=\"http:\/\/www.oagvm.sk\/wphirfolyam\/wp-content\/uploads\/2021\/07\/cultura_nostra-01.jpg 800w, http:\/\/www.oagvm.sk\/wphirfolyam\/wp-content\/uploads\/2021\/07\/cultura_nostra-01-300x169.jpg 300w, http:\/\/www.oagvm.sk\/wphirfolyam\/wp-content\/uploads\/2021\/07\/cultura_nostra-01-768x432.jpg 768w\" sizes=\"(max-width: 800px) 100vw, 800px\" \/><\/h3>\n","protected":false},"excerpt":{"rendered":"<p>Siker a Cultura Nostr\u00e1n Hetekkel ezel\u0151tt \u00f6r\u00f6mmel vett\u00fck tudom\u00e1sul, hogy iskol\u00e1nk tanul\u00f3ja, T\u00f3th J\u00falia Anna (III.C) bejutott a\u00a0Cultura Nostra K\u00e1rp\u00e1t-medencei T\u00f6rt\u00e9nelmi Vet\u00e9lked\u0151 els\u0151 t\u00edz helyezettje k\u00f6z\u00e9. A\u00a0R\u00e1k\u00f3czi Sz\u00f6vets\u00e9g \u00e9gisze alatt zajl\u00f3 tanulm\u00e1nyi verseny megrendez\u00e9se az idei\u00a0tan\u00e9vben rendhagy\u00f3 volt, a\u00a0r\u00e9sztvev\u0151k ugyanis a megszokott vet\u00e9lked\u0151 helyett a\u00a0m\u00falt nagy j\u00e1rv\u00e1nyait, illetve k\u00f6rnyezeti katasztr\u00f3f\u00e1it feldolgoz\u00f3 essz\u00e9k \u00edr\u00e1s\u00e1ban m\u00e9rt\u00e9k \u00f6ssze &#8230; <a title=\"Siker a Cultura Nostr\u00e1n &#8211; \u00daspech na s\u00fa\u0165a\u017ei Cultura Nostra\" class=\"read-more\" href=\"http:\/\/www.oagvm.sk\/wphirfolyam\/?p=3926\">Olvass tov\u00e1bb<span class=\"screen-reader-text\">Siker a Cultura Nostr\u00e1n &#8211; \u00daspech na s\u00fa\u0165a\u017ei Cultura Nostra<\/span><\/a><\/p>\n","protected":false},"author":1,"featured_media":0,"comment_status":"open","ping_status":"open","sticky":false,"template":"","format":"standard","meta":[],"categories":[89],"tags":[],"_links":{"self":[{"href":"http:\/\/www.oagvm.sk\/wphirfolyam\/index.php?rest_route=\/wp\/v2\/posts\/3926"}],"collection":[{"href":"http:\/\/www.oagvm.sk\/wphirfolyam\/index.php?rest_route=\/wp\/v2\/posts"}],"about":[{"href":"http:\/\/www.oagvm.sk\/wphirfolyam\/index.php?rest_route=\/wp\/v2\/types\/post"}],"author":[{"embeddable":true,"href":"http:\/\/www.oagvm.sk\/wphirfolyam\/index.php?rest_route=\/wp\/v2\/users\/1"}],"replies":[{"embeddable":true,"href":"http:\/\/www.oagvm.sk\/wphirfolyam\/index.php?rest_route=%2Fwp%2Fv2%2Fcomments&post=3926"}],"version-history":[{"count":1,"href":"http:\/\/www.oagvm.sk\/wphirfolyam\/index.php?rest_route=\/wp\/v2\/posts\/3926\/revisions"}],"predecessor-version":[{"id":3927,"href":"http:\/\/www.oagvm.sk\/wphirfolyam\/index.php?rest_route=\/wp\/v2\/posts\/3926\/revisions\/3927"}],"wp:attachment":[{"href":"http:\/\/www.oagvm.sk\/wphirfolyam\/index.php?rest_route=%2Fwp%2Fv2%2Fmedia&parent=3926"}],"wp:term":[{"taxonomy":"category","embeddable":true,"href":"http:\/\/www.oagvm.sk\/wphirfolyam\/index.php?rest_route=%2Fwp%2Fv2%2Fcategories&post=3926"},{"taxonomy":"post_tag","embeddable":true,"href":"http:\/\/www.oagvm.sk\/wphirfolyam\/index.php?rest_route=%2Fwp%2Fv2%2Ftags&post=3926"}],"curies":[{"name":"wp","href":"https:\/\/api.w.org\/{rel}","templated":true}]}}