{"id":3946,"date":"2021-09-03T12:41:18","date_gmt":"2021-09-03T10:41:18","guid":{"rendered":"http:\/\/www.oagvm.sk\/wphirfolyam\/?p=3946"},"modified":"2021-09-07T16:40:06","modified_gmt":"2021-09-07T14:40:06","slug":"ujra-megszolalt-az-iskola-csengoje-v-nasej-skole-znovu-zazvonilo","status":"publish","type":"post","link":"http:\/\/www.oagvm.sk\/wphirfolyam\/?p=3946","title":{"rendered":"\u00dajra megsz\u00f3lalt az iskola cseng\u0151je\u2026 &#8211; V\u00a0na\u0161ej \u0161kole znovu zazvonilo"},"content":{"rendered":"<h3 style=\"text-align: justify;\"><span style=\"font-family: tahoma, arial, helvetica, sans-serif; font-size: 18pt; color: #ff6600;\"><strong>\u00dajra megsz\u00f3lalt az iskola cseng\u0151je\u2026<\/strong><\/span><\/h3>\n<h3 style=\"text-align: justify;\"><span style=\"font-family: tahoma, arial, helvetica, sans-serif;\">2021. szeptember 2-\u00e1n imm\u00e1r negyvenharmadszor nyitotta meg kapuj\u00e1t Nagymegyeren a Kereskedelmi Akad\u00e9mia. Az alapszitu\u00e1ci\u00f3 a tavalyi rendhagy\u00f3 tan\u00e9vnyit\u00f3hoz k\u00e9pest sajnos alig v\u00e1ltozott: a tan\u00e9vkezd\u00e9s felvillanyoz\u00f3 izgalma, a viszontl\u00e1t\u00e1s \u00f6r\u00f6me mellett di\u00e1kban \u00e9s tan\u00e1rban egyar\u00e1nt ott rezon\u00e1lnak a h\u00f3napokig tart\u00f3 t\u00e1voktat\u00e1s felem\u00e1s tapasztalatai \u00e9s az \u00fajrakezd\u00e9s k\u00e9rd\u0151jelei. Az iskola teh\u00e1t \u00fajra indul \u2013 tov\u00e1bbra is szigor\u00fa \u00f3vint\u00e9zked\u00e9sekkel, reggelente k\u00f6telez\u0151 l\u00e1zm\u00e9r\u00e9ssel, sz\u00e1jmaszkkal, az eg\u00e9szs\u00e9g\u00fcnket deklar\u00e1l\u00f3 becs\u00fcletbeli nyilatkozattal, iskolai szemaforral \u2013, mi pedig abban rem\u00e9nyked\u00fcnk, hogy az idei tan\u00e9vben j\u00f3val t\u00f6bb napot t\u00f6lthet\u00fcnk egy\u00fctt az iskol\u00e1ban, mint az el\u0151z\u0151ben.<\/span><\/h3>\n<h3 style=\"text-align: justify;\"><span style=\"font-family: tahoma, arial, helvetica, sans-serif;\">\u00a0\u201e\u00dcnnep van ma, mert \u00fatjaink \u00fajra tal\u00e1lkoznak, \u00e9s \u00fajra egy\u00fctt lehet iskol\u00e1nk nagy csapata\u201d \u2013 hangzott el Mgr. Horv\u00e1th Erzs\u00e9bet, az iskola igazgat\u00f3n\u0151je tan\u00e9vnyit\u00f3 besz\u00e9d\u00e9ben, utalva arra, hogy az iskolai k\u00f6z\u00f6ss\u00e9gnek meghat\u00e1roz\u00f3 szerepe van egy fiatal \u00e9let\u00e9ben, szem\u00e9lyis\u00e9g\u00e9nek kiteljesed\u00e9s\u00e9ben, k\u00f6z\u00f6ss\u00e9gi l\u00e9nny\u00e9 v\u00e1l\u00e1s\u00e1ban. \u201e\u00datk\u00f6zben \u2013 folytat\u00f3dott a\u00a0besz\u00e9d \u2013 majd rengeteg minden t\u00f6rt\u00e9nik veletek: ismeretszerz\u00e9s \u00e9s \u00e9lm\u00e9nyek, felfedez\u00e9s \u00e9s tapasztal\u00e1s, megm\u00e9rettet\u00e9s, motiv\u00e1l\u00f3 sikerek \u00e9s lehangol\u00f3 kudarcok, \u00f6nmagatok \u00e9s t\u00e1rsaitok m\u00e9ly\u00fcl\u0151 megismer\u00e9se, bar\u00e1ts\u00e1gok \u00e9s szerelmek sz\u00f6v\u0151d\u00e9se, fokozatos \u00f6n\u00e1ll\u00f3sod\u00e1s, tetteitek k\u00f6vetkezm\u00e9nyeinek felv\u00e1llal\u00e1sa, tudatos\u00edt\u00e1sa annak, hogy felel\u0151sek vagytok \u00f6nmagatok\u00e9rt \u00e9s m\u00e1sok\u00e9rt.\u201d<\/span><\/h3>\n<h3 style=\"text-align: justify;\"><span style=\"font-family: tahoma, arial, helvetica, sans-serif;\">Az eltelt 43 \u00e9v k\u00f6telez. Nagyra becs\u00fclj\u00fck \u00e9s \u00e1poljuk int\u00e9zm\u00e9ny\u00fcnk hagyom\u00e1nyait, <\/span><span style=\"font-family: tahoma, arial, helvetica, sans-serif;\">de legal\u00e1bb olyan fontosnak tartjuk az \u00e1lland\u00f3 meg\u00fajul\u00e1st is. Tudjuk, hogy az ismeretszerz\u00e9s <\/span><span style=\"font-family: tahoma, arial, helvetica, sans-serif;\">a mai online vil\u00e1gban gyorsan \u00e9s k\u00f6nnyen megy. Ennek k\u00f6vetkezt\u00e9ben az iskola k\u00fcldet\u00e9se is megv\u00e1ltozott: az ismeretek oktat\u00e1sa mellett egyre ink\u00e1bb el\u0151t\u00e9rbe ker\u00fcl a\u00a0val\u00f3di, versenyk\u00e9pes tud\u00e1s megalapoz\u00e1sa, a\u00a0boldog, tartalmas \u00e9lethez sz\u00fcks\u00e9ges kulcsfontoss\u00e1g\u00fa k\u00e9pess\u00e9gek, kompetenci\u00e1k fejleszt\u00e9se. Korunk tov\u00e1bbi k\u00f6vetelm\u00e9nye a tev\u00e9kenys\u00e9gk\u00f6zpont\u00fa, \u00e9lm\u00e9nyszer\u0171 oktat\u00e1s-nevel\u00e9s, amely a 2021\/2022-es tan\u00e9vben iskol\u00e1nk kiemelt c\u00e9lja. Egyet\u00e9rt\u00fcnk Horn Gy\u00f6rggyel, aki napjaink iskol\u00e1j\u00e1nak k\u00fcldet\u00e9s\u00e9t \u00edgy foglalta \u00f6ssze: \u201eHa rajtam m\u00falna, az\u00a0iskol\u00e1nak \u201emind\u00f6ssze\u201c h\u00e1rom feladata volna: meg\u0151rizni, vagy ha nincs, megteremteni a tanul\u00e1si motiv\u00e1ci\u00f3t, kialak\u00edtani a tanul\u00e1si k\u00e9pess\u00e9geket \u00e9s fejleszteni <\/span><span style=\"font-family: tahoma, arial, helvetica, sans-serif;\">a szoci\u00e1lis kompetenci\u00e1kat. Ez a h\u00e1rom dolog el\u00e9g az eg\u00e9sz \u00e9letre. Ha mindez megvan, akkor a v\u00e1lasztott p\u00e1ly\u00e1j\u00e1hoz sz\u00fcks\u00e9ges szaktud\u00e1st m\u00e1r b\u00e1rki k\u00f6nnyed\u00e9n megszerzi.\u201c<\/span><\/h3>\n<h3 style=\"text-align: justify;\"><span style=\"font-family: tahoma, arial, helvetica, sans-serif;\">Az igazgat\u00f3n\u0151 k\u00fcl\u00f6n k\u00f6sz\u00f6nt\u00f6tte az els\u0151s di\u00e1kokat, elismerve, hogy cseppet sem jutott nekik k\u00f6nny\u0171 szerep, hiszen az alapiskola legid\u0151sebb tanul\u00f3ib\u00f3l hirtelen a k\u00f6z\u00e9piskola legfiatalabb di\u00e1kjaiv\u00e1 v\u00e1ltak. Rem\u00e9ny\u00e9t fejezte ki tov\u00e1bb\u00e1, hogy sikeresen megk\u00fczdenek majd az \u00faj iskolai k\u00f6rnyezet kih\u00edv\u00e1saival, s\u00a0r\u00f6videsen meggy\u0151z\u0151dhetnek arr\u00f3l, hogy j\u00f3 helyen vannak, j\u00f3 iskol\u00e1t v\u00e1lasztottak. A\u00a0sz\u00fcl\u0151k ir\u00e1ny\u00e1ban is elhangzott egy fontos \u00fczenete: \u201eAkkor lesz\u00fcnk j\u00f3 iskola, ha szorosabb kapcsolatot \u00e1polunk a sz\u00fcl\u0151kkel, ny\u00edltan, \u0151szint\u00e9n besz\u00e9lhet\u00fcnk a gyermekeik sikereir\u0151l, lehet\u0151s\u00e9geir\u0151l, probl\u00e9m\u00e1ir\u00f3l, hi\u00e1nyoss\u00e1gair\u00f3l. Felk\u00e9sz\u00fclt pedag\u00f3gusok vagyunk, de biztosan nem t\u00e9vedhetetlenek! \u00c9ppen ez\u00e9rt k\u00e9rem \u00d6n\u00f6ket, b\u00e1tran ossz\u00e1k meg vel\u00fcnk v\u00e9lem\u00e9ny\u00fcket, tapasztalataikat!\u201c Besz\u00e9de v\u00e9g\u00e9n pedig sok energi\u00e1t, optimizmust, kreativit\u00e1st \u00e9s j\u00f3 eg\u00e9szs\u00e9get \u00e9s k\u00edv\u00e1nt mindenkinek az \u00faj tan\u00e9vben.<\/span><\/h3>\n<h3 style=\"text-align: right;\"><span style=\"font-family: tahoma, arial, helvetica, sans-serif;\"><em>Papp L\u00e1szl\u00f3<\/em>, az iskola tan\u00e1ra<\/span><\/h3>\n<h3 style=\"text-align: justify;\"><span style=\"font-family: tahoma, arial, helvetica, sans-serif; color: #ff6600; font-size: 18pt;\"><strong>V\u00a0na<\/strong><strong>\u0161ej \u0161kole znovu zazvonilo<\/strong><\/span><\/h3>\n<h3 style=\"text-align: justify;\"><span style=\"font-family: tahoma, arial, helvetica, sans-serif;\">2. septembra 2021 u\u017e \u0161tyridsiaty tret\u00edkr\u00e1t otv\u00e1rala svoje br\u00e1ny Obchodn\u00e1 akad\u00e9mia <\/span><span style=\"font-family: tahoma, arial, helvetica, sans-serif;\">vo Ve\u013ekom Mederi. Z\u00e1kladn\u00e1 situ\u00e1cia bola podobn\u00e1 ako na za\u010diatku minul\u00e9ho \u0161kolsk\u00e9ho roka. Ka\u017ed\u00fd mal rados\u0165 z\u00a0osobn\u00e9ho stretnutia, ale sk\u00fasenosti a\u00a0ot\u00e1zniky di\u0161tan\u010dn\u00e9ho vyu\u010dovania rezonovali v\u00a0u\u010dite\u013eoch i\u00a0\u017eiakoch. Vyu\u010dovanie sa za\u010d\u00edna, ale v\u00a0pozad\u00ed s\u00fa pr\u00edsne opatrenia, povinn\u00e9 rann\u00e9 merania teploty, nosenie r\u00fa\u0161ok, \u0161kolsk\u00fd semafor&#8230; a\u00a0my len d\u00fafame, \u017ee v\u00a0tomto \u0161kolskom roku str\u00e1vime ove\u013ea viac dn\u00ed spolu ako v\u00a0minulom \u0161kolskom roku.<\/span><\/h3>\n<h3 style=\"text-align: justify;\"><span style=\"font-family: tahoma, arial, helvetica, sans-serif;\">Pani riadite\u013eka vo svojom sl\u00e1vnostnom prejave srde\u010dne pozdravila \u017eiakov i u\u010dite\u013eov na p\u00f4de na\u0161ej \u0161koly pri pr\u00edle\u017eitosti otvorenia nov\u00e9ho \u0161kolsk\u00e9ho roku 2021\/2022. Zd\u00f4raznila, \u017ee \u0161kolsk\u00fd kolekt\u00edv m\u00e1 rozhoduj\u00facu rolu v \u017eivote mlad\u00e9ho \u010dloveka, ve\u010f \u0161kola nie je len vzdel\u00e1vanie, u\u010debn\u00e9 osnovy a pl\u00e1ny. Dobr\u00e1 \u0161kola je \u017eiv\u00fd organizmus, v ktorom funguj\u00fa dobr\u00e9 medzi\u013eudsk\u00e9 vz\u0165ahy, vz\u00e1jomn\u00fd re\u0161pekt k svojim pr\u00e1vam, ale i uvedomenie si prvorad\u00fdch povinnost\u00ed. Uplynul\u00fdch 43 rokov n\u00e1s zav\u00e4zuje. V\u00e1\u017eime si trad\u00edcie na\u0161ej in\u0161tit\u00facie, ale ve\u013emi d\u00f4le\u017eit\u00e9 je aj neust\u00e1le obnovovanie. V dne\u0161nom online svete sa \u013eahko a r\u00fdchlo daj\u00fa z\u00edska\u0165 vedomosti. V d\u00f4sledku toho sa zmenilo aj poslanie \u0161koly. \u00dastredn\u00fdm cie\u013eom nov\u00e9ho \u0161kolsk\u00e9ho roka je: \u201eAktivizuj\u00face, z\u00e1\u017eitkov\u00e9 vyu\u010dovanie a vzdel\u00e1vanie.\u201c Chceme, <\/span><span style=\"font-family: tahoma, arial, helvetica, sans-serif;\">aby \u0161tudentov motivovala pri u\u010den\u00ed vroden\u00e1 zvedavos\u0165 a\u00a0nie strach zo zlyhania, aby boli osvojen\u00e9 vedomosti dobre aplikovate\u013en\u00e9 v\u00a0praxi a\u00a0schopn\u00e9 obst\u00e1\u0165 v\u00a0konkurencii.<\/span><\/h3>\n<h3 style=\"text-align: justify;\"><span style=\"font-family: tahoma, arial, helvetica, sans-serif;\">Pani riadite\u013eka mimoriadnu pozornos\u0165 venovala priv\u00edtaniu prv\u00e1kov, ktor\u00ed dnes <\/span><span style=\"font-family: tahoma, arial, helvetica, sans-serif;\">po prv\u00fdkr\u00e1t pre\u0161li br\u00e1nou Obchodnej akad\u00e9mie vo Ve\u013ekom Mederi. V\u00a0ich \u017eivote sa za\u010d\u00edna \u010fal\u0161ia v\u00fdznamn\u00e1 etapa, v\u00a0ktorej sa bud\u00fa systematicky pripravova\u0165 na svoje bud\u00face povolanie.<\/span><\/h3>\n<h3 style=\"text-align: justify;\"><span style=\"font-family: tahoma, arial, helvetica, sans-serif;\">Rodi\u010dom za\u017eelala, aby mali dostatok s\u00edl a trpezlivosti pri v\u00fdchove svojich det\u00ed. Aby boli <\/span><span style=\"font-family: tahoma, arial, helvetica, sans-serif;\">pre nich oporou aj vtedy, ke\u010f sa nedar\u00ed a\u00a0treba pom\u00f4c\u0165. Rodi\u010dia s\u00fa nesmierne d\u00f4le\u017eit\u00fdm \u010dl\u00e1nkom v\u00a0re\u0165azci v\u00fdchovy svojich det\u00ed, a\u00a0preto je nevyhnutn\u00e9, aby sa nevyh\u00fdbali spolupr\u00e1ci so \u0161kolou a\u00a0rodi\u010dovsk\u00fdm povinnostiam.<\/span><\/h3>\n<h3 style=\"text-align: justify;\"><span style=\"font-family: tahoma, arial, helvetica, sans-serif;\">Na konci svojho prejavu pani riadite\u013eka za\u017eelala ka\u017ed\u00e9mu do \u010fal\u0161ieho \u0161kolsk\u00e9ho roku najm\u00e4 ve\u013ea pevn\u00e9ho zdravia, tvoriv\u00fdch s\u00edl a optimizmu.<\/span><\/h3>\n<h3 style=\"text-align: right;\"><em><span style=\"font-family: tahoma, arial, helvetica, sans-serif;\">Mgr. Helena M\u00e9sz\u00e1rosov\u00e1<\/span><\/em><\/h3>\n<p style=\"text-align: center;\"><div id=\"metaslider-id-3929\" style=\"width: 100%; margin: 0 auto;\" class=\"ml-slider-3-23-0 metaslider metaslider-flex metaslider-3929 ml-slider nav-hidden\">\n    <div id=\"metaslider_container_3929\">\n        <div id=\"metaslider_3929\">\n            <ul aria-live=\"polite\" class=\"slides\">\n                <li style=\"display: block; width: 100%;\" class=\"slide-3938 ms-image\"><img width=\"600\" height=\"800\" src=\"http:\/\/www.oagvm.sk\/wphirfolyam\/wp-content\/uploads\/2021\/09\/tanevnyito-01.jpg\" class=\"slider-3929 slide-3938\" alt=\"\" loading=\"lazy\" rel=\"\" title=\"tanevnyito-01\" srcset=\"http:\/\/www.oagvm.sk\/wphirfolyam\/wp-content\/uploads\/2021\/09\/tanevnyito-01.jpg 600w, http:\/\/www.oagvm.sk\/wphirfolyam\/wp-content\/uploads\/2021\/09\/tanevnyito-01-225x300.jpg 225w\" sizes=\"(max-width: 600px) 100vw, 600px\" \/><\/li>\n                <li style=\"display: none; width: 100%;\" class=\"slide-3939 ms-image\"><img width=\"800\" height=\"600\" src=\"http:\/\/www.oagvm.sk\/wphirfolyam\/wp-content\/uploads\/2021\/09\/tanevnyito-02.jpg\" class=\"slider-3929 slide-3939\" alt=\"\" loading=\"lazy\" rel=\"\" title=\"tanevnyito-02\" srcset=\"http:\/\/www.oagvm.sk\/wphirfolyam\/wp-content\/uploads\/2021\/09\/tanevnyito-02.jpg 800w, http:\/\/www.oagvm.sk\/wphirfolyam\/wp-content\/uploads\/2021\/09\/tanevnyito-02-300x225.jpg 300w, http:\/\/www.oagvm.sk\/wphirfolyam\/wp-content\/uploads\/2021\/09\/tanevnyito-02-768x576.jpg 768w\" sizes=\"(max-width: 800px) 100vw, 800px\" \/><\/li>\n                <li style=\"display: none; width: 100%;\" class=\"slide-3940 ms-image\"><img width=\"800\" height=\"600\" src=\"http:\/\/www.oagvm.sk\/wphirfolyam\/wp-content\/uploads\/2021\/09\/tanevnyito-03.jpg\" class=\"slider-3929 slide-3940\" alt=\"\" loading=\"lazy\" rel=\"\" title=\"tanevnyito-03\" srcset=\"http:\/\/www.oagvm.sk\/wphirfolyam\/wp-content\/uploads\/2021\/09\/tanevnyito-03.jpg 800w, http:\/\/www.oagvm.sk\/wphirfolyam\/wp-content\/uploads\/2021\/09\/tanevnyito-03-300x225.jpg 300w, http:\/\/www.oagvm.sk\/wphirfolyam\/wp-content\/uploads\/2021\/09\/tanevnyito-03-768x576.jpg 768w\" sizes=\"(max-width: 800px) 100vw, 800px\" \/><\/li>\n                <li style=\"display: none; width: 100%;\" class=\"slide-3941 ms-image\"><img width=\"800\" height=\"600\" src=\"http:\/\/www.oagvm.sk\/wphirfolyam\/wp-content\/uploads\/2021\/09\/tanevnyito-04.jpg\" class=\"slider-3929 slide-3941\" alt=\"\" loading=\"lazy\" rel=\"\" title=\"tanevnyito-04\" srcset=\"http:\/\/www.oagvm.sk\/wphirfolyam\/wp-content\/uploads\/2021\/09\/tanevnyito-04.jpg 800w, http:\/\/www.oagvm.sk\/wphirfolyam\/wp-content\/uploads\/2021\/09\/tanevnyito-04-300x225.jpg 300w, http:\/\/www.oagvm.sk\/wphirfolyam\/wp-content\/uploads\/2021\/09\/tanevnyito-04-768x576.jpg 768w\" sizes=\"(max-width: 800px) 100vw, 800px\" \/><\/li>\n                <li style=\"display: none; width: 100%;\" class=\"slide-3942 ms-image\"><img width=\"800\" height=\"600\" src=\"http:\/\/www.oagvm.sk\/wphirfolyam\/wp-content\/uploads\/2021\/09\/tanevnyito-05.jpg\" class=\"slider-3929 slide-3942\" alt=\"\" loading=\"lazy\" rel=\"\" title=\"tanevnyito-05\" srcset=\"http:\/\/www.oagvm.sk\/wphirfolyam\/wp-content\/uploads\/2021\/09\/tanevnyito-05.jpg 800w, http:\/\/www.oagvm.sk\/wphirfolyam\/wp-content\/uploads\/2021\/09\/tanevnyito-05-300x225.jpg 300w, http:\/\/www.oagvm.sk\/wphirfolyam\/wp-content\/uploads\/2021\/09\/tanevnyito-05-768x576.jpg 768w\" sizes=\"(max-width: 800px) 100vw, 800px\" \/><\/li>\n                <li style=\"display: none; width: 100%;\" class=\"slide-3943 ms-image\"><img width=\"800\" height=\"600\" src=\"http:\/\/www.oagvm.sk\/wphirfolyam\/wp-content\/uploads\/2021\/09\/tanevnyito-06.jpg\" class=\"slider-3929 slide-3943\" alt=\"\" loading=\"lazy\" rel=\"\" title=\"tanevnyito-06\" srcset=\"http:\/\/www.oagvm.sk\/wphirfolyam\/wp-content\/uploads\/2021\/09\/tanevnyito-06.jpg 800w, http:\/\/www.oagvm.sk\/wphirfolyam\/wp-content\/uploads\/2021\/09\/tanevnyito-06-300x225.jpg 300w, http:\/\/www.oagvm.sk\/wphirfolyam\/wp-content\/uploads\/2021\/09\/tanevnyito-06-768x576.jpg 768w\" sizes=\"(max-width: 800px) 100vw, 800px\" \/><\/li>\n                <li style=\"display: none; width: 100%;\" class=\"slide-3944 ms-image\"><img width=\"600\" height=\"800\" src=\"http:\/\/www.oagvm.sk\/wphirfolyam\/wp-content\/uploads\/2021\/09\/tanevnyito-07.jpg\" class=\"slider-3929 slide-3944\" alt=\"\" loading=\"lazy\" rel=\"\" title=\"tanevnyito-07\" srcset=\"http:\/\/www.oagvm.sk\/wphirfolyam\/wp-content\/uploads\/2021\/09\/tanevnyito-07.jpg 600w, http:\/\/www.oagvm.sk\/wphirfolyam\/wp-content\/uploads\/2021\/09\/tanevnyito-07-225x300.jpg 225w\" sizes=\"(max-width: 600px) 100vw, 600px\" \/><\/li>\n                <li style=\"display: none; width: 100%;\" class=\"slide-3945 ms-image\"><img width=\"600\" height=\"800\" src=\"http:\/\/www.oagvm.sk\/wphirfolyam\/wp-content\/uploads\/2021\/09\/tanevnyito-08.jpg\" class=\"slider-3929 slide-3945\" alt=\"\" loading=\"lazy\" rel=\"\" title=\"tanevnyito-08\" srcset=\"http:\/\/www.oagvm.sk\/wphirfolyam\/wp-content\/uploads\/2021\/09\/tanevnyito-08.jpg 600w, http:\/\/www.oagvm.sk\/wphirfolyam\/wp-content\/uploads\/2021\/09\/tanevnyito-08-225x300.jpg 225w\" sizes=\"(max-width: 600px) 100vw, 600px\" \/><\/li>\n            <\/ul>\n        <\/div>\n        \n    <\/div>\n<\/div><\/p>\n","protected":false},"excerpt":{"rendered":"<p>\u00dajra megsz\u00f3lalt az iskola cseng\u0151je\u2026 2021. szeptember 2-\u00e1n imm\u00e1r negyvenharmadszor nyitotta meg kapuj\u00e1t Nagymegyeren a Kereskedelmi Akad\u00e9mia. Az alapszitu\u00e1ci\u00f3 a tavalyi rendhagy\u00f3 tan\u00e9vnyit\u00f3hoz k\u00e9pest sajnos alig v\u00e1ltozott: a tan\u00e9vkezd\u00e9s felvillanyoz\u00f3 izgalma, a viszontl\u00e1t\u00e1s \u00f6r\u00f6me mellett di\u00e1kban \u00e9s tan\u00e1rban egyar\u00e1nt ott rezon\u00e1lnak a h\u00f3napokig tart\u00f3 t\u00e1voktat\u00e1s felem\u00e1s tapasztalatai \u00e9s az \u00fajrakezd\u00e9s k\u00e9rd\u0151jelei. Az iskola teh\u00e1t \u00fajra &#8230; <a title=\"\u00dajra megsz\u00f3lalt az iskola cseng\u0151je\u2026 &#8211; V\u00a0na\u0161ej \u0161kole znovu zazvonilo\" class=\"read-more\" href=\"http:\/\/www.oagvm.sk\/wphirfolyam\/?p=3946\">Olvass tov\u00e1bb<span class=\"screen-reader-text\">\u00dajra megsz\u00f3lalt az iskola cseng\u0151je\u2026 &#8211; V\u00a0na\u0161ej \u0161kole znovu zazvonilo<\/span><\/a><\/p>\n","protected":false},"author":1,"featured_media":0,"comment_status":"open","ping_status":"open","sticky":false,"template":"","format":"standard","meta":[],"categories":[2,3],"tags":[],"_links":{"self":[{"href":"http:\/\/www.oagvm.sk\/wphirfolyam\/index.php?rest_route=\/wp\/v2\/posts\/3946"}],"collection":[{"href":"http:\/\/www.oagvm.sk\/wphirfolyam\/index.php?rest_route=\/wp\/v2\/posts"}],"about":[{"href":"http:\/\/www.oagvm.sk\/wphirfolyam\/index.php?rest_route=\/wp\/v2\/types\/post"}],"author":[{"embeddable":true,"href":"http:\/\/www.oagvm.sk\/wphirfolyam\/index.php?rest_route=\/wp\/v2\/users\/1"}],"replies":[{"embeddable":true,"href":"http:\/\/www.oagvm.sk\/wphirfolyam\/index.php?rest_route=%2Fwp%2Fv2%2Fcomments&post=3946"}],"version-history":[{"count":3,"href":"http:\/\/www.oagvm.sk\/wphirfolyam\/index.php?rest_route=\/wp\/v2\/posts\/3946\/revisions"}],"predecessor-version":[{"id":3949,"href":"http:\/\/www.oagvm.sk\/wphirfolyam\/index.php?rest_route=\/wp\/v2\/posts\/3946\/revisions\/3949"}],"wp:attachment":[{"href":"http:\/\/www.oagvm.sk\/wphirfolyam\/index.php?rest_route=%2Fwp%2Fv2%2Fmedia&parent=3946"}],"wp:term":[{"taxonomy":"category","embeddable":true,"href":"http:\/\/www.oagvm.sk\/wphirfolyam\/index.php?rest_route=%2Fwp%2Fv2%2Fcategories&post=3946"},{"taxonomy":"post_tag","embeddable":true,"href":"http:\/\/www.oagvm.sk\/wphirfolyam\/index.php?rest_route=%2Fwp%2Fv2%2Ftags&post=3946"}],"curies":[{"name":"wp","href":"https:\/\/api.w.org\/{rel}","templated":true}]}}