{"id":7,"date":"2019-09-06T11:34:44","date_gmt":"2019-09-06T11:34:44","guid":{"rendered":"http:\/\/87.197.53.202\/wphirfolyam\/?p=7"},"modified":"2019-09-30T11:48:46","modified_gmt":"2019-09-30T11:48:46","slug":"otvorenie-skolskeho-roka-v-znameni-inovacie-tanevnyito-a-megujulas-jegyeben","status":"publish","type":"post","link":"http:\/\/www.oagvm.sk\/wphirfolyam\/?p=7","title":{"rendered":"Otvorenie \u0161kolsk\u00e9ho roka v znamen\u00ed inov\u00e1cie &#8211; Tan\u00e9vnyit\u00f3 a meg\u00fajul\u00e1s jegy\u00e9ben"},"content":{"rendered":"<div style=\"text-align: justify;\"><span style=\"font-size: large; color: #ff6600;\"><strong>Otvorenie \u0161kolsk\u00e9ho roka v znamen\u00ed inov\u00e1cie<\/strong> <\/span><\/div>\n<div style=\"text-align: justify;\"><span style=\"font-size: medium;\">\u00a0<\/span><\/div>\n<div style=\"text-align: justify;\"><span style=\"font-size: medium;\">2. septembra 2019 otvorila u\u017e po 41. raz svoje br\u00e1ny \u0161tudentom Obchodn\u00e1 akad\u00e9mia vo Ve\u013ekom Mederi. V\u00a0plyn\u00facom \u010dase sa deje \u0161pir\u00e1lovite opakuj\u00fa ale v\u017edy v\u00a0novej, inej kvalite. Od uplynul\u00fdch \u0161kolsk\u00fdch rokov sa bude l\u00ed\u0161i\u0165 aj tento, i\u00a0ke\u010f scen\u00e1r bude podobn\u00fd. Z\u00a0deviatakov sa stali stredo\u0161kol\u00e1ci, z\u00a0tretiakov bud\u00faci maturanti a\u00a0aj na\u0161a in\u0161tit\u00facia sa men\u00ed spolu so \u0161tudentmi. D\u00f4kazom toho je aj fakt, \u017ee v\u00a0\u0161kolskom roku 2019\/2020 sa na \u0161tudijnom odbore obchodn\u00e1 akad\u00e9mia za\u010dne s\u00a0du\u00e1lnym vzdel\u00e1van\u00edm, ktor\u00e9ho podstatou je popri teoretickom vyu\u010dovan\u00ed v\u00a0\u0161kole priebe\u017en\u00e9 praktick\u00e9 vzdel\u00e1vanie v\u00a0podnikoch a\u00a0firm\u00e1ch.\u00a0<\/span><\/div>\n<div style=\"text-align: justify;\"><span style=\"font-size: medium;\">Svojou pr\u00edtomnos\u0165ou n\u00e1s poctil podpredseda Trnavsk\u00e9ho samospr\u00e1vneho kraja p\u00e1n J\u00f3zsef Ber\u00e9nyi, ktor\u00fd za\u017eelal na\u0161ej \u0161kole ve\u013ea \u00faspechov. \u0160kolsk\u00fd rok otvorila sl\u00e1vnostn\u00fdm, prejavom pani riadite\u013eka \u2013 Mgr. Al\u017ebeta Horv\u00e1thov\u00e1. Vyzdvihla d\u00f4le\u017eitos\u0165 cie\u013eavedom\u00e9ho vzdel\u00e1vania, ktor\u00e9 je jedinou cestou k\u00a0n\u00e1\u0161mu pozdvihnutiu a\u00a0dosiahnutiu cie\u013eov.<br \/>\nPri vzdel\u00e1van\u00ed si mus\u00edme stanovi\u0165 dosiahnute\u013en\u00e9 ciele a\u00a0prekona\u0165 aj sami seba. Aj tento \u0161kolsk\u00fd rok sa bude nies\u0165 v\u00a0znamen\u00ed poctivej pr\u00e1ce, ale v\u010faka nej sa \u0161tudentom otvoria br\u00e1ny vysok\u00fdch \u0161k\u00f4l, univerz\u00edt, podnikov. Na z\u00e1ver prejavu popriala pani riadite\u013eka v\u0161etk\u00fdm pedag\u00f3gom i\u00a0\u0161tudentom \u00faspe\u0161n\u00fd \u0161kolsk\u00fd rok.<\/span><\/div>\n<div style=\"text-align: justify;\"><span style=\"font-size: medium;\">\u00a0<\/span><\/div>\n<div style=\"text-align: justify;\"><span style=\"font-size: medium;\"><em>Mgr. Monika Vargov\u00e1<\/em>\u00a0 \u00a0<\/span><\/div>\n<div style=\"text-align: justify;\"><span style=\"font-size: medium;\">\u00a0<\/span><\/div>\n<div style=\"text-align: justify;\"><strong><span style=\"font-size: large; color: #ff6600;\">Tan\u00e9vnyit\u00f3 a\u00a0meg\u00fajul\u00e1s jegy\u00e9ben\u00a0<\/span><\/strong><\/div>\n<div style=\"text-align: justify;\"><span style=\"font-size: medium;\"><em>\u00a0<\/em><\/span><\/div>\n<div style=\"text-align: justify;\"><span style=\"font-size: medium;\"><em>\u201eIskol\u00e1nk nemcsak versenyk\u00e9pes tud\u00e1ssal felv\u00e9rtezett, sikeres szakembereket k\u00edv\u00e1n nevelni, hanem m\u0171velt, hum\u00e1nus \u00e9rt\u00e9krendet k\u00f6vet\u0151 embereket is.\u201c<\/em>\u00a0<\/span><\/div>\n<div style=\"text-align: justify;\"><span style=\"font-size: medium;\">\u00a0<\/span><\/div>\n<div style=\"text-align: justify;\"><span style=\"font-size: medium;\">2019. szeptember 2-\u00e1n 41. alkalommal nyitotta meg kapuj\u00e1t di\u00e1kjai el\u0151tt a Nagymegyeri Kereskedelmi Akad\u00e9mia. A\u00a0spir\u00e1lszer\u0171en m\u00fal\u00f3 id\u0151ben a\u00a0dolgok vissza-visszat\u00e9rnek, ism\u00e9tl\u0151dnek, de m\u00e1r fejlettebb min\u0151s\u00e9gben. A\u00a0tegnapt\u00f3l val\u00f3 k\u00fcl\u00f6nb\u00f6z\u00e9s idei tan\u00e9vnyit\u00f3 \u00fcnneps\u00e9g\u00fcnkr\u0151l is elmondhat\u00f3, b\u00e1r hasonl\u00f3 forgat\u00f3k\u00f6nyv szerint zajlott, mint a kor\u00e1bbiak. M\u00e1s volt, mert id\u0151k\u00f6zben minden megv\u00e1ltozott: a\u00a0felv\u00e9telire k\u00e9sz\u00fcl\u0151 kilencedikes tanul\u00f3b\u00f3l els\u0151s k\u00f6z\u00e9piskol\u00e1s lett, a\u00a0harmadikosb\u00f3l \u00e9retts\u00e9gire k\u00e9sz\u00fcl\u0151 di\u00e1k, \u00e9s folyamatosan v\u00e1ltoz\u00f3, meg\u00fajul\u00f3 int\u00e9zm\u00e9ny\u00fcnk sem ugyanaz m\u00e1r, mint egy \u00e9ve volt. Ez ut\u00f3bbi k\u00e9zzel foghat\u00f3 jele, hogy a\u00a02019\/2020-as tan\u00e9vben du\u00e1lis k\u00e9pz\u00e9s indul a\u00a0kereskedelmi akad\u00e9mia szakon, amelynek l\u00e9nyege az, hogy az iskolai elm\u00e9leti oktat\u00e1s a v\u00e1llalatokn\u00e1l, c\u00e9gekn\u00e9l zajl\u00f3 gyakorlati k\u00e9pz\u00e9ssel p\u00e1rhuzamosan t\u00f6rt\u00e9nik. Tan\u00e9vnyit\u00f3nkon abban a megtiszteltet\u00e9sben r\u00e9szes\u00fclt\u00fcnk, hogy k\u00f6r\u00fcnkben \u00fcdv\u00f6z\u00f6lhett\u00fck\u00a0Ber\u00e9nyi J\u00f3zsefet, Nagyszombat Megyei \u00d6nkorm\u00e1nyzat aleln\u00f6k\u00e9t, akinek \u00fcnnepi besz\u00e9de lelkes\u00edt\u0151en hatott di\u00e1kra \u00e9s tan\u00e1rra egyar\u00e1nt.\u00a0<\/span><\/div>\n<div style=\"text-align: justify;\"><span style=\"font-size: medium;\">R\u00f6vid besz\u00e1mol\u00f3nkat Mgr. Horv\u00e1th Erzs\u00e9bet igazgat\u00f3n\u0151 tan\u00e9vnyit\u00f3 besz\u00e9d\u00e9nek egyik r\u00e9szlet\u00e9vel z\u00e1rjuk, amelyben a\u00a0c\u00e9ltudatos tanul\u00e1s fontoss\u00e1g\u00e1t hangs\u00falyozta: \u201eA tanul\u00e1s az egyetlen \u00fat felemelked\u00e9s\u00fcnkh\u00f6z, v\u00e1gyaink el\u00e9r\u00e9s\u00e9hez. \u00c1ltala nap mint nap t\u00f6bbek lesz\u00fcnk, \u00e9rt\u00e9kesebb\u00e9 v\u00e1lunk. A\u00a0tanul\u00e1shoz b\u00e1tors\u00e1g kell: meg kell fogalmaznunk az el\u00e9rend\u0151 c\u00e9lt, majd kitart\u00f3an v\u00e9gig kell vinn\u00fcnk azt, legy\u0151zve \u00f6nmagunkat \u00e9s a\u00a0k\u00eds\u00e9rt\u00e9seket. Igen, a j\u00f3 eredm\u00e9nyek\u00e9rt ebben a\u00a0tan\u00e9vben is kem\u00e9nyen meg kell dolgoznotok! Ugyanakkor biztosak lehettek abban, hogy az itt t\u00f6lt\u00f6tt szorgalmas \u00e9vek ut\u00e1n f\u0151iskol\u00e1k, egyetemek, v\u00e1llalatok kapui ny\u00edlnak meg el\u0151ttetek.\u201c Sikerekben \u00e9s felemel\u0151 \u00e9lm\u00e9nyekben gazdag tan\u00e9vet k\u00edv\u00e1nunk iskol\u00e1nk minden di\u00e1kj\u00e1nak \u00e9s tan\u00e1r\u00e1nak<\/span><span style=\"font-size: medium;\">.<\/span><\/div>\n<div style=\"text-align: justify;\"><span style=\"font-size: medium;\">\u00a0<\/span><\/div>\n<div><\/div>\n<div><span style=\"font-size: large; color: #ff6600;\"><strong><div id=\"metaslider-id-9\" style=\"max-width: 600px; margin: 0 auto;\" class=\"ml-slider-3-23-0 metaslider metaslider-flex metaslider-9 ml-slider nav-hidden\">\n    <div id=\"metaslider_container_9\">\n        <div id=\"metaslider_9\">\n            <ul aria-live=\"polite\" class=\"slides\">\n                <li style=\"display: block; width: 100%;\" class=\"slide-16 ms-image\"><img width=\"600\" height=\"600\" src=\"http:\/\/www.oagvm.sk\/wphirfolyam\/wp-content\/uploads\/2019\/09\/tanevnyito-01.jpg\" class=\"slider-9 slide-16\" alt=\"\" loading=\"lazy\" rel=\"\" title=\"tanevnyito-01\" srcset=\"http:\/\/www.oagvm.sk\/wphirfolyam\/wp-content\/uploads\/2019\/09\/tanevnyito-01.jpg 600w, http:\/\/www.oagvm.sk\/wphirfolyam\/wp-content\/uploads\/2019\/09\/tanevnyito-01-150x150.jpg 150w, http:\/\/www.oagvm.sk\/wphirfolyam\/wp-content\/uploads\/2019\/09\/tanevnyito-01-300x300.jpg 300w\" sizes=\"(max-width: 600px) 100vw, 600px\" \/><\/li>\n                <li style=\"display: none; width: 100%;\" class=\"slide-17 ms-image\"><img width=\"600\" height=\"600\" src=\"http:\/\/www.oagvm.sk\/wphirfolyam\/wp-content\/uploads\/2019\/09\/tanevnyito-02.jpg\" class=\"slider-9 slide-17\" alt=\"\" loading=\"lazy\" rel=\"\" title=\"tanevnyito-02\" srcset=\"http:\/\/www.oagvm.sk\/wphirfolyam\/wp-content\/uploads\/2019\/09\/tanevnyito-02.jpg 600w, http:\/\/www.oagvm.sk\/wphirfolyam\/wp-content\/uploads\/2019\/09\/tanevnyito-02-150x150.jpg 150w, http:\/\/www.oagvm.sk\/wphirfolyam\/wp-content\/uploads\/2019\/09\/tanevnyito-02-300x300.jpg 300w\" sizes=\"(max-width: 600px) 100vw, 600px\" \/><\/li>\n                <li style=\"display: none; width: 100%;\" class=\"slide-18 ms-image\"><img width=\"600\" height=\"600\" src=\"http:\/\/www.oagvm.sk\/wphirfolyam\/wp-content\/uploads\/2019\/09\/tanevnyito-03.jpg\" class=\"slider-9 slide-18\" alt=\"\" loading=\"lazy\" rel=\"\" title=\"tanevnyito-03\" srcset=\"http:\/\/www.oagvm.sk\/wphirfolyam\/wp-content\/uploads\/2019\/09\/tanevnyito-03.jpg 600w, http:\/\/www.oagvm.sk\/wphirfolyam\/wp-content\/uploads\/2019\/09\/tanevnyito-03-150x150.jpg 150w, http:\/\/www.oagvm.sk\/wphirfolyam\/wp-content\/uploads\/2019\/09\/tanevnyito-03-300x300.jpg 300w\" sizes=\"(max-width: 600px) 100vw, 600px\" \/><\/li>\n                <li style=\"display: none; width: 100%;\" class=\"slide-19 ms-image\"><img width=\"600\" height=\"600\" src=\"http:\/\/www.oagvm.sk\/wphirfolyam\/wp-content\/uploads\/2019\/09\/tanevnyito-04.jpg\" class=\"slider-9 slide-19\" alt=\"\" loading=\"lazy\" rel=\"\" title=\"tanevnyito-04\" srcset=\"http:\/\/www.oagvm.sk\/wphirfolyam\/wp-content\/uploads\/2019\/09\/tanevnyito-04.jpg 600w, http:\/\/www.oagvm.sk\/wphirfolyam\/wp-content\/uploads\/2019\/09\/tanevnyito-04-150x150.jpg 150w, http:\/\/www.oagvm.sk\/wphirfolyam\/wp-content\/uploads\/2019\/09\/tanevnyito-04-300x300.jpg 300w\" sizes=\"(max-width: 600px) 100vw, 600px\" \/><\/li>\n                <li style=\"display: none; width: 100%;\" class=\"slide-20 ms-image\"><img width=\"600\" height=\"600\" src=\"http:\/\/www.oagvm.sk\/wphirfolyam\/wp-content\/uploads\/2019\/09\/tanevnyito-05.jpg\" class=\"slider-9 slide-20\" alt=\"\" loading=\"lazy\" rel=\"\" title=\"tanevnyito-05\" srcset=\"http:\/\/www.oagvm.sk\/wphirfolyam\/wp-content\/uploads\/2019\/09\/tanevnyito-05.jpg 600w, http:\/\/www.oagvm.sk\/wphirfolyam\/wp-content\/uploads\/2019\/09\/tanevnyito-05-150x150.jpg 150w, http:\/\/www.oagvm.sk\/wphirfolyam\/wp-content\/uploads\/2019\/09\/tanevnyito-05-300x300.jpg 300w\" sizes=\"(max-width: 600px) 100vw, 600px\" \/><\/li>\n                <li style=\"display: none; width: 100%;\" class=\"slide-21 ms-image\"><img width=\"600\" height=\"600\" src=\"http:\/\/www.oagvm.sk\/wphirfolyam\/wp-content\/uploads\/2019\/09\/tanevnyito-06.jpg\" class=\"slider-9 slide-21\" alt=\"\" loading=\"lazy\" rel=\"\" title=\"tanevnyito-06\" srcset=\"http:\/\/www.oagvm.sk\/wphirfolyam\/wp-content\/uploads\/2019\/09\/tanevnyito-06.jpg 600w, http:\/\/www.oagvm.sk\/wphirfolyam\/wp-content\/uploads\/2019\/09\/tanevnyito-06-150x150.jpg 150w, http:\/\/www.oagvm.sk\/wphirfolyam\/wp-content\/uploads\/2019\/09\/tanevnyito-06-300x300.jpg 300w\" sizes=\"(max-width: 600px) 100vw, 600px\" \/><\/li>\n            <\/ul>\n        <\/div>\n        \n    <\/div>\n<\/div><\/strong><\/span><\/div>\n","protected":false},"excerpt":{"rendered":"<p>Otvorenie \u0161kolsk\u00e9ho roka v znamen\u00ed inov\u00e1cie \u00a0 2. septembra 2019 otvorila u\u017e po 41. raz svoje br\u00e1ny \u0161tudentom Obchodn\u00e1 akad\u00e9mia vo Ve\u013ekom Mederi. V\u00a0plyn\u00facom \u010dase sa deje \u0161pir\u00e1lovite opakuj\u00fa ale v\u017edy v\u00a0novej, inej kvalite. Od uplynul\u00fdch \u0161kolsk\u00fdch rokov sa bude l\u00ed\u0161i\u0165 aj tento, i\u00a0ke\u010f scen\u00e1r bude podobn\u00fd. Z\u00a0deviatakov sa stali stredo\u0161kol\u00e1ci, z\u00a0tretiakov bud\u00faci maturanti a\u00a0aj &#8230; <a title=\"Otvorenie \u0161kolsk\u00e9ho roka v znamen\u00ed inov\u00e1cie &#8211; Tan\u00e9vnyit\u00f3 a meg\u00fajul\u00e1s jegy\u00e9ben\" class=\"read-more\" href=\"http:\/\/www.oagvm.sk\/wphirfolyam\/?p=7\">Olvass tov\u00e1bb<span class=\"screen-reader-text\">Otvorenie \u0161kolsk\u00e9ho roka v znamen\u00ed inov\u00e1cie &#8211; Tan\u00e9vnyit\u00f3 a meg\u00fajul\u00e1s jegy\u00e9ben<\/span><\/a><\/p>\n","protected":false},"author":1,"featured_media":0,"comment_status":"open","ping_status":"open","sticky":false,"template":"","format":"standard","meta":[],"categories":[3],"tags":[],"_links":{"self":[{"href":"http:\/\/www.oagvm.sk\/wphirfolyam\/index.php?rest_route=\/wp\/v2\/posts\/7"}],"collection":[{"href":"http:\/\/www.oagvm.sk\/wphirfolyam\/index.php?rest_route=\/wp\/v2\/posts"}],"about":[{"href":"http:\/\/www.oagvm.sk\/wphirfolyam\/index.php?rest_route=\/wp\/v2\/types\/post"}],"author":[{"embeddable":true,"href":"http:\/\/www.oagvm.sk\/wphirfolyam\/index.php?rest_route=\/wp\/v2\/users\/1"}],"replies":[{"embeddable":true,"href":"http:\/\/www.oagvm.sk\/wphirfolyam\/index.php?rest_route=%2Fwp%2Fv2%2Fcomments&post=7"}],"version-history":[{"count":4,"href":"http:\/\/www.oagvm.sk\/wphirfolyam\/index.php?rest_route=\/wp\/v2\/posts\/7\/revisions"}],"predecessor-version":[{"id":24,"href":"http:\/\/www.oagvm.sk\/wphirfolyam\/index.php?rest_route=\/wp\/v2\/posts\/7\/revisions\/24"}],"wp:attachment":[{"href":"http:\/\/www.oagvm.sk\/wphirfolyam\/index.php?rest_route=%2Fwp%2Fv2%2Fmedia&parent=7"}],"wp:term":[{"taxonomy":"category","embeddable":true,"href":"http:\/\/www.oagvm.sk\/wphirfolyam\/index.php?rest_route=%2Fwp%2Fv2%2Fcategories&post=7"},{"taxonomy":"post_tag","embeddable":true,"href":"http:\/\/www.oagvm.sk\/wphirfolyam\/index.php?rest_route=%2Fwp%2Fv2%2Ftags&post=7"}],"curies":[{"name":"wp","href":"https:\/\/api.w.org\/{rel}","templated":true}]}}