{"id":7043,"date":"2022-11-18T08:32:53","date_gmt":"2022-11-18T07:32:53","guid":{"rendered":"http:\/\/www.oagvm.sk\/wphirfolyam\/?p=7043"},"modified":"2022-11-21T14:31:07","modified_gmt":"2022-11-21T13:31:07","slug":"drogellenes-eloadas-protidrogova-prednaska","status":"publish","type":"post","link":"http:\/\/www.oagvm.sk\/wphirfolyam\/?p=7043","title":{"rendered":"Drogellenes el\u0151ad\u00e1s &#8211; Protidrogov\u00e1 predn\u00e1\u0161ka"},"content":{"rendered":"<h3><span style=\"font-family: tahoma, arial, helvetica, sans-serif;\"><strong><span style=\"font-size: 18pt; color: #ff6600;\">Drogellenes el\u0151ad\u00e1s<\/span>\u00a0<\/strong><\/span><\/h3>\n<h3 style=\"text-align: justify;\"><span style=\"font-family: tahoma, arial, helvetica, sans-serif;\">2022. november 15 -\u00e9n iskol\u00e1nk di\u00e1kjai drogellenes el\u0151ad\u00e1son vettek r\u00e9szt, melyet <strong>Kurdics Mih\u00e1ly, nyugalmazott kecskem<\/strong><strong>\u00e9<\/strong><strong>ti rend<\/strong><strong>\u0151r alezredes, drogprevenci<\/strong><strong>\u00f3<\/strong><strong>s szaktan\u00e1csad<\/strong><strong>\u00f3 <\/strong>tartott. Kurdics Mih\u00e1ly 1984 \u00f3ta foglalkozik a k\u00e1b\u00edt\u00f3szer t\u00e9mak\u00f6r\u00e9vel. Nyugd\u00edjaz\u00e1s\u00e1ig k\u00e1b\u00edt\u00f3szeres \u00fcgyek felder\u00edt\u00e9se volt a munk\u00e1ja, \u00e9s m\u00e1r ekkor szervezett k\u00e1b\u00edt\u00f3szer-ellenes programokat, tartott el\u0151ad\u00e1sokat szakembereknek \u00e9s laikusoknak.\u00a0<\/span><\/h3>\n<h3 style=\"text-align: justify;\"><span style=\"font-family: tahoma, arial, helvetica, sans-serif;\">A szeml\u00e9letes el\u0151ad\u00e1st a gyakorlatb\u00f3l szerzett tapasztalataira \u00e9p\u00edtette. A di\u00e1kok nyelv\u00e9n mutatta be \u2013 adatokkal, esetekkel, rend\u0151ri munk\u00e1ja sor\u00e1n k\u00e9sz\u00fclt k\u00e9pekkel al\u00e1t\u00e1masztva \u2013 mi t\u00f6rt\u00e9nik, ha valaki drogokhoz ny\u00fal, \u00e9s arra is felk\u00e9sz\u00edtette di\u00e1kjainkat, hogyan kell nemet mondani a drogot k\u00edn\u00e1l\u00f3knak.\u00a0Ezen el\u0151ad\u00e1sok c\u00e9lja, hogy a fiatalok megtal\u00e1lj\u00e1k az \u00e9letben az \u00f6r\u00f6m\u00f6t, \u00e9s ne ny\u00faljanak a p\u00f3tszerekhez. Di\u00e1kjaink az el\u0151ad\u00e1s sor\u00e1n \u00e9s azt k\u00f6vet\u0151en b\u00e1tran k\u00e9rdeztek \u00e9s akt\u00edvan r\u00e9szt vettek a programban.\u00a0<\/span><\/h3>\n<h3 style=\"text-align: right;\"><span style=\"font-family: tahoma, arial, helvetica, sans-serif;\"><em>Mgr. Bittera Kl\u00e1ra<\/em> \u2013 u\u010dite\u013eka \u0161koly<\/span><\/h3>\n<h3 style=\"text-align: justify;\"><span style=\"font-family: tahoma, arial, helvetica, sans-serif;\"><strong><span style=\"color: #ff6600; font-size: 18pt;\">Protidrogov\u00e1 predn\u00e1\u0161ka<\/span>\u00a0<\/strong><\/span><\/h3>\n<h3 style=\"text-align: justify;\"><span style=\"font-family: tahoma, arial, helvetica, sans-serif;\">D\u0148a 15. novembra 2022 sa na na\u0161ej \u0161kole uskuto\u010dnila predn\u00e1\u0161ka s protidrogovou tematikou, na ktorej si \u017eiaci vypo\u010duli zauj\u00edmav\u00fa predn\u00e1\u0161ku o \u0161kodlivosti a p\u00f4soben\u00ed drog. Od predn\u00e1\u0161ate\u013ea\u00a0<strong>Mih\u00e1lya Kurdicsa <\/strong>sa \u017eiaci dozvedeli viac inform\u00e1ci\u00ed na r\u00f4zne t\u00e9my \u2013 napr. o \u0161kodlivosti alkoholu, ako drogy p\u00f4sobia na \u013eudsk\u00e9 telo, ako \u010dlovek upad\u00e1 pod vplyvom drog na \u013eudsk\u00fdch em\u00f3ci\u00e1ch. Predn\u00e1\u0161ky boli roben\u00e9 dynamickou, zrozumite\u013enou formou a \u017eiaci si odniesli ve\u013ea poznatkov, ktor\u00e9 im pom\u00f4\u017eu v \u017eivote sa spr\u00e1vnej\u0161ie orientova\u0165.\u00a0<\/span><\/h3>\n<h3 style=\"text-align: justify;\"><span style=\"font-family: tahoma, arial, helvetica, sans-serif;\">Cie\u013eom t\u00fdchto predn\u00e1\u0161ok bolo tie\u017e zv\u00fd\u0161i\u0165 povedomie t\u00edned\u017eerov, \u017ee ich \u017eivotn\u00e9 cesty mus\u00ed sprev\u00e1dza\u0165 l\u00e1ska a priate\u013estvo, v \u017eiadnom pr\u00edpade nie droga. V r\u00e1mci diskusie na dan\u00fa t\u00e9mu mali \u017eiaci mo\u017enos\u0165 kl\u00e1s\u0165 ot\u00e1zky, ktor\u00e9 im boli odborne vysvetlen\u00e9.<\/span><\/h3>\n<h3 style=\"text-align: justify;\"><\/h3>\n<h3 style=\"text-align: right;\"><span style=\"font-family: tahoma, arial, helvetica, sans-serif;\"><em>Mgr. Kl\u00e1ra Bittera<\/em> \u2013 u\u010dite\u013eka \u0161koly<\/span><\/h3>\n<div id=\"metaslider-id-7036\" style=\"width: 100%; margin: 0 auto;\" class=\"ml-slider-3-23-0 metaslider metaslider-flex metaslider-7036 ml-slider nav-hidden\">\n    <div id=\"metaslider_container_7036\">\n        <div id=\"metaslider_7036\">\n            <ul aria-live=\"polite\" class=\"slides\">\n                <li style=\"display: block; width: 100%;\" class=\"slide-7040 ms-image\"><img width=\"800\" height=\"600\" src=\"http:\/\/www.oagvm.sk\/wphirfolyam\/wp-content\/uploads\/2022\/11\/drog-01.jpg\" class=\"slider-7036 slide-7040\" alt=\"\" loading=\"lazy\" rel=\"\" title=\"drog-01\" srcset=\"http:\/\/www.oagvm.sk\/wphirfolyam\/wp-content\/uploads\/2022\/11\/drog-01.jpg 800w, http:\/\/www.oagvm.sk\/wphirfolyam\/wp-content\/uploads\/2022\/11\/drog-01-300x225.jpg 300w, http:\/\/www.oagvm.sk\/wphirfolyam\/wp-content\/uploads\/2022\/11\/drog-01-768x576.jpg 768w\" sizes=\"(max-width: 800px) 100vw, 800px\" \/><\/li>\n                <li style=\"display: none; width: 100%;\" class=\"slide-7041 ms-image\"><img width=\"800\" height=\"600\" src=\"http:\/\/www.oagvm.sk\/wphirfolyam\/wp-content\/uploads\/2022\/11\/drog-02.jpg\" class=\"slider-7036 slide-7041\" alt=\"\" loading=\"lazy\" rel=\"\" title=\"drog-02\" srcset=\"http:\/\/www.oagvm.sk\/wphirfolyam\/wp-content\/uploads\/2022\/11\/drog-02.jpg 800w, http:\/\/www.oagvm.sk\/wphirfolyam\/wp-content\/uploads\/2022\/11\/drog-02-300x225.jpg 300w, http:\/\/www.oagvm.sk\/wphirfolyam\/wp-content\/uploads\/2022\/11\/drog-02-768x576.jpg 768w\" sizes=\"(max-width: 800px) 100vw, 800px\" \/><\/li>\n                <li style=\"display: none; width: 100%;\" class=\"slide-7042 ms-image\"><img width=\"800\" height=\"600\" src=\"http:\/\/www.oagvm.sk\/wphirfolyam\/wp-content\/uploads\/2022\/11\/drog-03.jpg\" class=\"slider-7036 slide-7042\" alt=\"\" loading=\"lazy\" rel=\"\" title=\"drog-03\" srcset=\"http:\/\/www.oagvm.sk\/wphirfolyam\/wp-content\/uploads\/2022\/11\/drog-03.jpg 800w, http:\/\/www.oagvm.sk\/wphirfolyam\/wp-content\/uploads\/2022\/11\/drog-03-300x225.jpg 300w, http:\/\/www.oagvm.sk\/wphirfolyam\/wp-content\/uploads\/2022\/11\/drog-03-768x576.jpg 768w\" sizes=\"(max-width: 800px) 100vw, 800px\" \/><\/li>\n            <\/ul>\n        <\/div>\n        \n    <\/div>\n<\/div>\n","protected":false},"excerpt":{"rendered":"<p>Drogellenes el\u0151ad\u00e1s\u00a0 2022. november 15 -\u00e9n iskol\u00e1nk di\u00e1kjai drogellenes el\u0151ad\u00e1son vettek r\u00e9szt, melyet Kurdics Mih\u00e1ly, nyugalmazott kecskem\u00e9ti rend\u0151r alezredes, drogprevenci\u00f3s szaktan\u00e1csad\u00f3 tartott. Kurdics Mih\u00e1ly 1984 \u00f3ta foglalkozik a k\u00e1b\u00edt\u00f3szer t\u00e9mak\u00f6r\u00e9vel. Nyugd\u00edjaz\u00e1s\u00e1ig k\u00e1b\u00edt\u00f3szeres \u00fcgyek felder\u00edt\u00e9se volt a munk\u00e1ja, \u00e9s m\u00e1r ekkor szervezett k\u00e1b\u00edt\u00f3szer-ellenes programokat, tartott el\u0151ad\u00e1sokat szakembereknek \u00e9s laikusoknak.\u00a0 A szeml\u00e9letes el\u0151ad\u00e1st a gyakorlatb\u00f3l szerzett tapasztalataira &#8230; <a title=\"Drogellenes el\u0151ad\u00e1s &#8211; Protidrogov\u00e1 predn\u00e1\u0161ka\" class=\"read-more\" href=\"http:\/\/www.oagvm.sk\/wphirfolyam\/?p=7043\">Olvass tov\u00e1bb<span class=\"screen-reader-text\">Drogellenes el\u0151ad\u00e1s &#8211; Protidrogov\u00e1 predn\u00e1\u0161ka<\/span><\/a><\/p>\n","protected":false},"author":1,"featured_media":0,"comment_status":"open","ping_status":"open","sticky":false,"template":"","format":"standard","meta":[],"categories":[26],"tags":[],"_links":{"self":[{"href":"http:\/\/www.oagvm.sk\/wphirfolyam\/index.php?rest_route=\/wp\/v2\/posts\/7043"}],"collection":[{"href":"http:\/\/www.oagvm.sk\/wphirfolyam\/index.php?rest_route=\/wp\/v2\/posts"}],"about":[{"href":"http:\/\/www.oagvm.sk\/wphirfolyam\/index.php?rest_route=\/wp\/v2\/types\/post"}],"author":[{"embeddable":true,"href":"http:\/\/www.oagvm.sk\/wphirfolyam\/index.php?rest_route=\/wp\/v2\/users\/1"}],"replies":[{"embeddable":true,"href":"http:\/\/www.oagvm.sk\/wphirfolyam\/index.php?rest_route=%2Fwp%2Fv2%2Fcomments&post=7043"}],"version-history":[{"count":2,"href":"http:\/\/www.oagvm.sk\/wphirfolyam\/index.php?rest_route=\/wp\/v2\/posts\/7043\/revisions"}],"predecessor-version":[{"id":7178,"href":"http:\/\/www.oagvm.sk\/wphirfolyam\/index.php?rest_route=\/wp\/v2\/posts\/7043\/revisions\/7178"}],"wp:attachment":[{"href":"http:\/\/www.oagvm.sk\/wphirfolyam\/index.php?rest_route=%2Fwp%2Fv2%2Fmedia&parent=7043"}],"wp:term":[{"taxonomy":"category","embeddable":true,"href":"http:\/\/www.oagvm.sk\/wphirfolyam\/index.php?rest_route=%2Fwp%2Fv2%2Fcategories&post=7043"},{"taxonomy":"post_tag","embeddable":true,"href":"http:\/\/www.oagvm.sk\/wphirfolyam\/index.php?rest_route=%2Fwp%2Fv2%2Ftags&post=7043"}],"curies":[{"name":"wp","href":"https:\/\/api.w.org\/{rel}","templated":true}]}}