{"id":7056,"date":"2022-11-17T09:47:05","date_gmt":"2022-11-17T08:47:05","guid":{"rendered":"http:\/\/www.oagvm.sk\/wphirfolyam\/?p=7056"},"modified":"2022-11-18T09:51:05","modified_gmt":"2022-11-18T08:51:05","slug":"dofe-dijatado-a-kereskedelmi-akademian-ocenovanie-ucastnikov-programu-medzinarodna-cena-vojvodu-z-edinburghu","status":"publish","type":"post","link":"http:\/\/www.oagvm.sk\/wphirfolyam\/?p=7056","title":{"rendered":"DofE-d\u00edj\u00e1tad\u00f3 a Kereskedelmi Akad\u00e9mi\u00e1n &#8211; Oce\u0148ovanie \u00fa\u010dastn\u00edkov programu Medzin\u00e1rodn\u00e1 cena vojvodu z\u00a0Edinburghu"},"content":{"rendered":"<h3><span style=\"font-family: tahoma, arial, helvetica, sans-serif; font-size: 18pt; color: #ff6600;\"><strong>DofE-d\u00edj\u00e1tad\u00f3 a Kereskedelmi Akad\u00e9mi\u00e1n<\/strong><\/span><\/h3>\n<h3 style=\"text-align: justify;\"><span style=\"font-family: tahoma, arial, helvetica, sans-serif;\">A 2021\/2022-es tan\u00e9vben a Nagymegyeri Kereskedelmi Akad\u00e9mia k\u00e9t di\u00e1kj\u00e1nak, So\u00f3ky Bogl\u00e1rk\u00e1nak (III.C) \u00e9s Csiba R\u00e9k\u00e1nak (II.B) siker\u00fclt teljes\u00edtenie a vil\u00e1gszerte elismert Edinburgh Hercege Nemzetk\u00f6zi D\u00edj (DofE) ez\u00fcst, illetve bronz fokozat\u00e1t. A d\u00edj\u00e1tad\u00f3 \u00fcnneps\u00e9g\u00e9re november 14-\u00e9n, az Akad\u00e9miai h\u00e9t els\u0151 napj\u00e1n ker\u00fclt sor a Corvin M\u00e1ty\u00e1s M\u0171vel\u0151d\u00e9si K\u00f6zpontban.\u00a0 Az \u00e9rmeket \u00e9s a tan\u00fas\u00edtv\u00e1nyt iskol\u00e1nk igazgat\u00f3n\u0151je szem\u00e9lyesen adta \u00e1t a d\u00edjazottaknak.<\/span><\/h3>\n<h3 style=\"text-align: justify;\"><span style=\"font-family: tahoma, arial, helvetica, sans-serif;\">So\u00f3ky Bogl\u00e1rka az el\u0151z\u0151 tan\u00e9vben a DofE ez\u00fcst szintj\u00e9t teljes\u00edtette. F\u0151 tev\u00e9kenys\u00e9gi ter\u00fclete az \u00e9kszerk\u00e9sz\u00edt\u00e9s volt. Mentora, Horv\u00e1th Erzs\u00e9bet \u00e9rt\u00e9kel\u00e9s\u00e9ben kiemelte Bogl\u00e1rka krist\u00e1lyokb\u00f3l \u00e9s finom gyurm\u00e1b\u00f3l k\u00e9sz\u00fclt \u00e9kszereinek kidolgozotts\u00e1g\u00e1t, valamint a sz\u00ednek, form\u00e1k \u00e9s a v\u00e1lasztott alapanyagok \u00f6sszhangj\u00e1t. \u00a0Bogl\u00e1rka a sport ter\u00e9n a kitart\u00f3 fut\u00e1st v\u00e1lasztotta, mentora \u00e9s \u00e9rt\u00e9kel\u0151je Papp L\u00e1szl\u00f3 tan\u00e1r \u00far volt. Ezen k\u00edv\u00fcl \u00f6nk\u00e9ntes munk\u00e1t is v\u00e9gzett (k\u00f6rnyezettiszt\u00e1s, k\u00f6rnyezetv\u00e9delmi t\u00e9m\u00e1k propag\u00e1l\u00e1sa), m\u00e9gpedig a Z\u00f6ld iskola program keret\u00e9ben Kiss Klaudia tan\u00e1rn\u0151 vezet\u00e9s\u00e9vel.<\/span><\/h3>\n<h3 style=\"text-align: justify;\"><span style=\"font-family: tahoma, arial, helvetica, sans-serif;\">Csiba R\u00e9ka a 2021\/2022-es tan\u00e9vben a DofE bronz szintj\u00e9nek kih\u00edv\u00e1sait teljes\u00edtette. F\u0151 aktivit\u00e1sa a sport volt, m\u00e9gpedig a rendszeres edz\u0151termi torna, amelyben mentork\u00e9nt Hossz\u00fa B\u00e9la tan\u00e1r \u00far seg\u00edtette. R\u00e9ka a tehets\u00e9gfejleszt\u00e9s ter\u00e9n Bittera Kl\u00e1ra tan\u00e1rn\u0151 fel\u00fcgyelete mellett angol nyelv\u0171 k\u00f6nyveket olvasott, hogy fejlessze nyelvi tud\u00e1s\u00e1t, \u00f6nk\u00e9ntes munk\u00e1t pedig \u0151 is a Z\u00f6ld iskola programban v\u00e1llalt.<\/span><\/h3>\n<h3 style=\"text-align: justify;\"><span style=\"font-family: tahoma, arial, helvetica, sans-serif;\">A fentebb le\u00edrt egy\u00e9ni c\u00e9lok teljes\u00edt\u00e9s\u00e9t k\u00e9t csoportos kalandt\u00fara k\u00f6vette. A felk\u00e9sz\u00edt\u0151 t\u00fara (2 nap, 1 \u00e9jszaka) a Bakonyban, a min\u0151s\u00edt\u0151 t\u00fara (3 nap, 2 \u00e9jszaka) pedig a Pilisben zajlott. A t\u00far\u00e1k sor\u00e1n a r\u00e9sztvev\u0151k napi 8 \u00f3r\u00e1t t\u00f6lt\u00f6ttek a terepen, mik\u00f6zben term\u00e9szeti \u00e9s \u00e9p\u00edt\u00e9szeti \u00e9rdekess\u00e9geket figyeltek meg, ezen fel\u00fcl pedig elsaj\u00e1t\u00edtott\u00e1k a t\u00e1j\u00e9koz\u00f3d\u00e1s, t\u00e1boroz\u00e1s, \u00e9telk\u00e9sz\u00edt\u00e9s fort\u00e9lyait.<\/span><\/h3>\n<h3><span style=\"font-family: tahoma, arial, helvetica, sans-serif;\">A d\u00edjazottaknak gratul\u00e1lunk, \u00e9s tov\u00e1bbi sikereket k\u00edv\u00e1nunk!<\/span><\/h3>\n<h3 style=\"text-align: right;\"><span style=\"font-family: tahoma, arial, helvetica, sans-serif;\"><em>K\u00f3sa Katalin<\/em>, az Edinburgh Hercege Nemzetk\u00f6zi D\u00edj koordin\u00e1tora<\/span><\/h3>\n<h3><span style=\"font-family: tahoma, arial, helvetica, sans-serif; color: #ff6600; font-size: 18pt;\"><strong>Oce\u0148ovanie \u00fa\u010dastn\u00edkov programu Medzin\u00e1rodn\u00e1 cena vojvodu z\u00a0Edinburghu<\/strong><\/span><\/h3>\n<h3 style=\"text-align: justify;\"><span style=\"font-family: tahoma, arial, helvetica, sans-serif;\">14. novembra 2022 sa za\u010dal na Obchodnej akad\u00e9mii vo Ve\u013ekom Mederi Akademick\u00fd t\u00fd\u017ede\u0148, ktor\u00e9ho cie\u013eom je pripomen\u00fa\u0165 si a netradi\u010dn\u00fdm vyu\u010dovan\u00edm osl\u00e1vi\u0165 De\u0148 boja za slobodu a demokraciu, ktor\u00fd si pripom\u00edname 17. novembra. Prv\u00fd de\u0148 tohto t\u00fd\u017ed\u0148a sa niesol v znamen\u00ed imatrikul\u00e1cie v pr\u00edtomnosti takmer celej \u0161koly, a preto bol tento de\u0148 v\u00fdbornou pr\u00edle\u017eitos\u0165ou na odovzdanie cien dvom \u00fa\u010dastn\u00ed\u010dkam programu Medzin\u00e1rodn\u00e1 cena vojvodu z Edinburghu. V\u0161etci pr\u00edtomn\u00ed \u017eiaci mohli by\u0165 svedkami oce\u0148ovacej cerem\u00f3nie a te\u0161i\u0165 sa so spolu\u017eia\u010dkami, ktor\u00e9 si mohli prevzia\u0165 t\u00fato uzn\u00e1van\u00fa medzin\u00e1rodn\u00fa cenu za svoju usilovnos\u0165 a vytrvalos\u0165.<\/span><\/h3>\n<h3 style=\"text-align: justify;\"><span style=\"font-family: tahoma, arial, helvetica, sans-serif;\">Bogl\u00e1rka So\u00f3ky, \u017eia\u010dka III.C triedy, dosiahla strieborn\u00fa \u00farove\u0148 v\u00a0predch\u00e1dzaj\u00facom \u0161kolskom roku a\u00a0jej hlavnou oblas\u0165ou bol rozvoj talentu, v\u00a0r\u00e1mci ktor\u00e9ho vytvorila dve kolekcie \u0161perkov z\u00a0kry\u0161t\u00e1lov a\u00a0fimo plastel\u00edny. Pod\u013ea slov pani riadite\u013eky, ktor\u00e1 bola \u017eia\u010dkinou mentorkou, \u201e\u0161perky, ktor\u00e9 vytvorila, nosia v\u00a0sebe harm\u00f3niu materi\u00e1lu a\u00a0dizajnu. Jej k\u00fasky s\u00fa v\u00fdsostne nosite\u013en\u00e9, farebne a\u00a0tvarovo jemne zladen\u00e9. Jej \u0161perky prin\u00e1\u0161aj\u00fa rados\u0165, kr\u00e1su a pote\u0161enie pre nosite\u013eov.\u201c<\/span><\/h3>\n<h3 style=\"text-align: justify;\"><span style=\"font-family: tahoma, arial, helvetica, sans-serif;\">V\u00a0oblasti \u0161portu sa Bogl\u00e1rka venovala behu, aby si posilnila kond\u00edciu, jej mentorom a\u00a0poradcom bol p\u00e1n u\u010dite\u013e L\u00e1szl\u00f3 Papp a\u00a0v\u00a0oblasti dobrovo\u013en\u00edctva pracovala v\u00a0\u0161kolskom programe Zelen\u00e1 \u0161kola, kde sa pod veden\u00edm pani u\u010dite\u013eky Klaudie Kiss z\u00fa\u010dastnila na\u00a0aktivit\u00e1ch o\u00a0environment\u00e1lnej ochrane a\u00a0zv\u00fd\u0161en\u00ed povedomia o\u00a0probl\u00e9moch.<\/span><\/h3>\n<h3 style=\"text-align: justify;\"><span style=\"font-family: tahoma, arial, helvetica, sans-serif;\">\u010eal\u0161ou ocenenou \u017eia\u010dkou bola R\u00e9ka Csiba, \u017eia\u010dka II.B triedy, ktor\u00e1 dosiahla bronzov\u00fa \u00farove\u0148. Jej hlavnou aktivitou bol \u0161port \u2013 cvi\u010denie v\u00a0posil\u0148ovni s\u00a0cie\u013eom posilni\u0165 svaly a\u00a0formova\u0165 postavu. Mentorom a\u00a0hodnotite\u013eom tejto oblasti bol p\u00e1n u\u010dite\u013e Vojtech Hossz\u00fa. V rozvoji talentu R\u00e9ka \u010d\u00edtala knihy v\u00a0anglickom jazyku pre lep\u0161iu slovn\u00fa z\u00e1sobu, jej aktivitu hodnotila pani u\u010dite\u013eka Kl\u00e1ra Bittera. V\u00a0dobrovo\u013en\u00edctve sa tie\u017e venovala aktivit\u00e1m v\u00a0Zelenej \u0161kole, a\u00a0to eduk\u00e1cii a\u00a0\u010disteniu okolia.<\/span><\/h3>\n<h3 style=\"text-align: justify;\"><span style=\"font-family: tahoma, arial, helvetica, sans-serif;\">Dobrodru\u017en\u00e1 exped\u00edcia sa uskuto\u010dnila v\u00a0j\u00fani, najprv cvi\u010dn\u00e1 v\u00a0pohor\u00ed Bakony, kde \u0161tvor\u010dlenn\u00fd t\u00edm str\u00e1vil dva dni a\u00a0jednu noc v\u00a0pr\u00edrode a\u00a0kvalifika\u010dn\u00e1 exped\u00edcia bola v\u00a0pohor\u00ed Pili\u0161, kde u\u017e \u00fa\u010dastn\u00edci str\u00e1vili tri dni a\u00a0dve noci. Cie\u013eom exped\u00edci\u00ed bola turistika s\u00a0obhliadkou historick\u00fdch stavieb a\u00a0orient\u00e1cia v\u00a0pr\u00edrode. \u0160kolite\u013eom exped\u00edci\u00ed je p\u00e1n u\u010dite\u013e L\u00e1szl\u00f3 Papp.<\/span><\/h3>\n<h3 style=\"text-align: justify;\"><span style=\"font-family: tahoma, arial, helvetica, sans-serif;\">Gratulujeme \u017eia\u010dk\u00e1m k\u00a0t\u00fdmto v\u00fdznemn\u00fdm cen\u00e1m a\u00a0\u017eel\u00e1me im \u010fal\u0161ie \u00faspechy.<\/span><\/h3>\n<h3 style=\"text-align: right;\"><span style=\"font-family: tahoma, arial, helvetica, sans-serif;\"><em>Katar\u00edna K\u00f3sov<\/em>\u00e1, koordin\u00e1torka programu<\/span><\/h3>\n<h3><div id=\"metaslider-id-7045\" style=\"width: 100%; margin: 0 auto;\" class=\"ml-slider-3-23-0 metaslider metaslider-flex metaslider-7045 ml-slider nav-hidden\">\n    <div id=\"metaslider_container_7045\">\n        <div id=\"metaslider_7045\">\n            <ul aria-live=\"polite\" class=\"slides\">\n                <li style=\"display: block; width: 100%;\" class=\"slide-7051 ms-image\"><img width=\"800\" height=\"600\" src=\"http:\/\/www.oagvm.sk\/wphirfolyam\/wp-content\/uploads\/2022\/11\/edinburgh-01.jpg\" class=\"slider-7045 slide-7051\" alt=\"\" loading=\"lazy\" rel=\"\" title=\"edinburgh-01\" srcset=\"http:\/\/www.oagvm.sk\/wphirfolyam\/wp-content\/uploads\/2022\/11\/edinburgh-01.jpg 800w, http:\/\/www.oagvm.sk\/wphirfolyam\/wp-content\/uploads\/2022\/11\/edinburgh-01-300x225.jpg 300w, http:\/\/www.oagvm.sk\/wphirfolyam\/wp-content\/uploads\/2022\/11\/edinburgh-01-768x576.jpg 768w\" sizes=\"(max-width: 800px) 100vw, 800px\" \/><\/li>\n                <li style=\"display: none; width: 100%;\" class=\"slide-7052 ms-image\"><img width=\"800\" height=\"600\" src=\"http:\/\/www.oagvm.sk\/wphirfolyam\/wp-content\/uploads\/2022\/11\/edinburgh-02.jpg\" class=\"slider-7045 slide-7052\" alt=\"\" loading=\"lazy\" rel=\"\" title=\"edinburgh-02\" srcset=\"http:\/\/www.oagvm.sk\/wphirfolyam\/wp-content\/uploads\/2022\/11\/edinburgh-02.jpg 800w, http:\/\/www.oagvm.sk\/wphirfolyam\/wp-content\/uploads\/2022\/11\/edinburgh-02-300x225.jpg 300w, http:\/\/www.oagvm.sk\/wphirfolyam\/wp-content\/uploads\/2022\/11\/edinburgh-02-768x576.jpg 768w\" sizes=\"(max-width: 800px) 100vw, 800px\" \/><\/li>\n                <li style=\"display: none; width: 100%;\" class=\"slide-7053 ms-image\"><img width=\"800\" height=\"600\" src=\"http:\/\/www.oagvm.sk\/wphirfolyam\/wp-content\/uploads\/2022\/11\/edinburgh-03.jpg\" class=\"slider-7045 slide-7053\" alt=\"\" loading=\"lazy\" rel=\"\" title=\"edinburgh-03\" srcset=\"http:\/\/www.oagvm.sk\/wphirfolyam\/wp-content\/uploads\/2022\/11\/edinburgh-03.jpg 800w, http:\/\/www.oagvm.sk\/wphirfolyam\/wp-content\/uploads\/2022\/11\/edinburgh-03-300x225.jpg 300w, http:\/\/www.oagvm.sk\/wphirfolyam\/wp-content\/uploads\/2022\/11\/edinburgh-03-768x576.jpg 768w\" sizes=\"(max-width: 800px) 100vw, 800px\" \/><\/li>\n                <li style=\"display: none; width: 100%;\" class=\"slide-7054 ms-image\"><img width=\"800\" height=\"600\" src=\"http:\/\/www.oagvm.sk\/wphirfolyam\/wp-content\/uploads\/2022\/11\/edinburgh-04.jpg\" class=\"slider-7045 slide-7054\" alt=\"\" loading=\"lazy\" rel=\"\" title=\"edinburgh-04\" srcset=\"http:\/\/www.oagvm.sk\/wphirfolyam\/wp-content\/uploads\/2022\/11\/edinburgh-04.jpg 800w, http:\/\/www.oagvm.sk\/wphirfolyam\/wp-content\/uploads\/2022\/11\/edinburgh-04-300x225.jpg 300w, http:\/\/www.oagvm.sk\/wphirfolyam\/wp-content\/uploads\/2022\/11\/edinburgh-04-768x576.jpg 768w\" sizes=\"(max-width: 800px) 100vw, 800px\" \/><\/li>\n                <li style=\"display: none; width: 100%;\" class=\"slide-7055 ms-image\"><img width=\"800\" height=\"600\" src=\"http:\/\/www.oagvm.sk\/wphirfolyam\/wp-content\/uploads\/2022\/11\/edinburgh-05.jpg\" class=\"slider-7045 slide-7055\" alt=\"\" loading=\"lazy\" rel=\"\" title=\"edinburgh-05\" srcset=\"http:\/\/www.oagvm.sk\/wphirfolyam\/wp-content\/uploads\/2022\/11\/edinburgh-05.jpg 800w, http:\/\/www.oagvm.sk\/wphirfolyam\/wp-content\/uploads\/2022\/11\/edinburgh-05-300x225.jpg 300w, http:\/\/www.oagvm.sk\/wphirfolyam\/wp-content\/uploads\/2022\/11\/edinburgh-05-768x576.jpg 768w\" sizes=\"(max-width: 800px) 100vw, 800px\" \/><\/li>\n            <\/ul>\n        <\/div>\n        \n    <\/div>\n<\/div><\/h3>\n","protected":false},"excerpt":{"rendered":"<p>DofE-d\u00edj\u00e1tad\u00f3 a Kereskedelmi Akad\u00e9mi\u00e1n A 2021\/2022-es tan\u00e9vben a Nagymegyeri Kereskedelmi Akad\u00e9mia k\u00e9t di\u00e1kj\u00e1nak, So\u00f3ky Bogl\u00e1rk\u00e1nak (III.C) \u00e9s Csiba R\u00e9k\u00e1nak (II.B) siker\u00fclt teljes\u00edtenie a vil\u00e1gszerte elismert Edinburgh Hercege Nemzetk\u00f6zi D\u00edj (DofE) ez\u00fcst, illetve bronz fokozat\u00e1t. A d\u00edj\u00e1tad\u00f3 \u00fcnneps\u00e9g\u00e9re november 14-\u00e9n, az Akad\u00e9miai h\u00e9t els\u0151 napj\u00e1n ker\u00fclt sor a Corvin M\u00e1ty\u00e1s M\u0171vel\u0151d\u00e9si K\u00f6zpontban.\u00a0 Az \u00e9rmeket \u00e9s a &#8230; <a title=\"DofE-d\u00edj\u00e1tad\u00f3 a Kereskedelmi Akad\u00e9mi\u00e1n &#8211; Oce\u0148ovanie \u00fa\u010dastn\u00edkov programu Medzin\u00e1rodn\u00e1 cena vojvodu z\u00a0Edinburghu\" class=\"read-more\" href=\"http:\/\/www.oagvm.sk\/wphirfolyam\/?p=7056\">Olvass tov\u00e1bb<span class=\"screen-reader-text\">DofE-d\u00edj\u00e1tad\u00f3 a Kereskedelmi Akad\u00e9mi\u00e1n &#8211; Oce\u0148ovanie \u00fa\u010dastn\u00edkov programu Medzin\u00e1rodn\u00e1 cena vojvodu z\u00a0Edinburghu<\/span><\/a><\/p>\n","protected":false},"author":1,"featured_media":0,"comment_status":"open","ping_status":"open","sticky":false,"template":"","format":"standard","meta":[],"categories":[26],"tags":[],"_links":{"self":[{"href":"http:\/\/www.oagvm.sk\/wphirfolyam\/index.php?rest_route=\/wp\/v2\/posts\/7056"}],"collection":[{"href":"http:\/\/www.oagvm.sk\/wphirfolyam\/index.php?rest_route=\/wp\/v2\/posts"}],"about":[{"href":"http:\/\/www.oagvm.sk\/wphirfolyam\/index.php?rest_route=\/wp\/v2\/types\/post"}],"author":[{"embeddable":true,"href":"http:\/\/www.oagvm.sk\/wphirfolyam\/index.php?rest_route=\/wp\/v2\/users\/1"}],"replies":[{"embeddable":true,"href":"http:\/\/www.oagvm.sk\/wphirfolyam\/index.php?rest_route=%2Fwp%2Fv2%2Fcomments&post=7056"}],"version-history":[{"count":2,"href":"http:\/\/www.oagvm.sk\/wphirfolyam\/index.php?rest_route=\/wp\/v2\/posts\/7056\/revisions"}],"predecessor-version":[{"id":7058,"href":"http:\/\/www.oagvm.sk\/wphirfolyam\/index.php?rest_route=\/wp\/v2\/posts\/7056\/revisions\/7058"}],"wp:attachment":[{"href":"http:\/\/www.oagvm.sk\/wphirfolyam\/index.php?rest_route=%2Fwp%2Fv2%2Fmedia&parent=7056"}],"wp:term":[{"taxonomy":"category","embeddable":true,"href":"http:\/\/www.oagvm.sk\/wphirfolyam\/index.php?rest_route=%2Fwp%2Fv2%2Fcategories&post=7056"},{"taxonomy":"post_tag","embeddable":true,"href":"http:\/\/www.oagvm.sk\/wphirfolyam\/index.php?rest_route=%2Fwp%2Fv2%2Ftags&post=7056"}],"curies":[{"name":"wp","href":"https:\/\/api.w.org\/{rel}","templated":true}]}}