{"id":71,"date":"2019-09-11T12:24:26","date_gmt":"2019-09-11T12:24:26","guid":{"rendered":"http:\/\/87.197.53.202\/wphirfolyam\/?p=71"},"modified":"2022-10-07T09:03:40","modified_gmt":"2022-10-07T07:03:40","slug":"akademistaink-uttorokent-a-dualis-kepzesben-%ef%bb%bfkonkurencieschopnejsi-absolventi-dualneho-vzdelavania","status":"publish","type":"post","link":"http:\/\/www.oagvm.sk\/wphirfolyam\/?p=71","title":{"rendered":"Akad\u00e9mist\u00e1ink \u00fatt\u00f6r\u0151k\u00e9nt a du\u00e1lis k\u00e9pz\u00e9sben &#8211; \ufeffKonkurencieschopnej\u0161\u00ed absolventi du\u00e1lneho vzdel\u00e1vania"},"content":{"rendered":"<div style=\"text-align: justify;\"><span style=\"font-size: large; color: #ff6600;\"><strong style=\"font-size: medium;\">Akad\u00e9mist\u00e1ink \u00fatt\u00f6r\u0151k\u00e9nt a du\u00e1lis k\u00e9pz\u00e9sben\u00a0<\/strong><\/span><\/div>\n<div style=\"text-align: justify;\"><span style=\"font-size: medium;\">\u00a0<\/span><\/div>\n<div style=\"text-align: justify;\"><span style=\"font-size: medium;\"> A 2019\/2020-as tan\u00e9vben m\u00e1r a kereskedelmi akad\u00e9mi\u00e1k is bekapcsol\u00f3dhatnak a du\u00e1lis k\u00e9pz\u00e9sbe. Iskol\u00e1nk, a Nagymegyeri Kereskedelmi Akad\u00e9mia \u00fatt\u00f6r\u0151nek sz\u00e1m\u00edt ezen a t\u00e9ren a hasonl\u00f3 k\u00e9pzetts\u00e9get ny\u00fajt\u00f3 szakk\u00f6z\u00e9piskol\u00e1k k\u00f6r\u00e9ben. D\u00f6nt\u00e9s\u00fcnket els\u0151sorban a tanul\u00f3k \u00e9rdekeit szem el\u0151tt tartva hoztuk meg, a du\u00e1lis k\u00e9pz\u00e9s ugyanis lehet\u0151v\u00e9 teszi, hogy a di\u00e1kok val\u00f3s munkak\u00f6r\u00fclm\u00e9nyek k\u00f6z\u00f6tt k\u00e9sz\u00fclhessenek fel j\u00f6v\u0151beli szakm\u00e1juk munkatev\u00e9kenys\u00e9geire. R\u00e1ad\u00e1sul a tanul\u00f3k a gyakorlati k\u00e9pz\u00e9s mellett tapasztalatot szerezhetnek a csapatmunka ter\u00e9n is. Nem elhanyagolhat\u00f3 az sem, hogy a programba bekapcsol\u00f3d\u00f3 di\u00e1kok \u00e1llami \u00f6szt\u00f6nd\u00edjat is kapnak, valamint ingyenes lesz sz\u00e1mukra az aut\u00f3busszal t\u00f6rt\u00e9n\u0151 k\u00f6zleked\u00e9s a munkahelyre \u00e9s az iskol\u00e1ba is.\u00a0<\/span><\/div>\n<div style=\"text-align: justify;\"><span style=\"font-size: medium;\">Az idei tan\u00e9vben indul\u00f3 du\u00e1lis k\u00e9pz\u00e9sbe egyel\u0151re \u00f6t tanul\u00f3nkat tudtuk bevonni az els\u0151 \u00e9vfolyam szlov\u00e1k tannyelv\u0171 kereskedelmi akad\u00e9miai oszt\u00e1lyb\u00f3l, akik h\u00e1rom v\u00e1llalatban r\u00e9szes\u00fclnek majd gyakorlati k\u00e9pz\u00e9sben, az oszt\u00e1ly t\u00f6bbi di\u00e1kja pedig vel\u00fck p\u00e1rhuzamosan az iskola gyakorlati oktat\u00f3term\u00e9ben saj\u00e1t\u00edthatja el a szakma gyakorlati fort\u00e9lyait. Megtiszteltet\u00e9s sz\u00e1munkra, hogy az idei \u00e9vt\u0151l kezdve olyan v\u00e1llalati partnerekkel m\u0171k\u00f6dhet\u00fcnk egy\u00fctt, mint a Reylon, a K&amp;K Benefit \u00e9s az Inter Harmony Kft.\u00a0<\/span><\/div>\n<div style=\"text-align: justify;\"><span style=\"font-size: medium;\">A du\u00e1lis k\u00e9pz\u00e9sbe bekapcsol\u00f3d\u00f3 di\u00e1kokat a v\u00e1llalatok k\u00e9pvisel\u0151i v\u00e1lasztott\u00e1k ki a jelentkez\u0151k k\u00f6z\u00fcl egy meghallgat\u00e1st k\u00f6vet\u0151en. \u00d6t tanul\u00f3nk teh\u00e1t n\u00e9gy \u00e9ven kereszt\u00fcl a fent eml\u00edtett v\u00e1llatokn\u00e1l v\u00e9gez majd szakmai gyakorlatot, amelynek sor\u00e1n a leg\u00fajabb szakmai ismeretekkel eg\u00e9sz\u00edthetik ki az iskol\u00e1ban szerzett elm\u00e9leti tud\u00e1sukat. \u0150k azok a szerencs\u00e9sek, akik majd n\u00e9gy \u00e9v m\u00falva minden bizonnyal nagy el\u0151nnyel fognak rendelkezni a p\u00e1lyakezd\u00e9skor, mivel a du\u00e1lis k\u00e9pz\u00e9snek k\u00f6sz\u00f6nhet\u0151en szakmai gyakorlattal ker\u00fclnek a munkaer\u0151piacra.\u00a0<\/span><\/div>\n<div style=\"text-align: justify;\"><span style=\"font-size: medium;\">\u00a0<\/span><\/div>\n<div style=\"text-align: right;\"><span style=\"font-size: medium;\"><em>Ing. Nagy Roz\u00e1lia<\/em>, a du\u00e1lis k\u00e9pz\u00e9s koordin\u00e1tora<\/span><\/div>\n<div style=\"text-align: justify;\"><span style=\"font-size: medium;\">\u00a0<\/span><\/div>\n<div style=\"text-align: justify;\"><span style=\"font-size: medium;\"><span style=\"font-size: large; color: #ff6600;\"><strong>Konkurencieschopnej\u0161\u00ed absolventi du\u00e1lneho vzdel\u00e1vania<\/strong><\/span> \u00a0\u00a0<\/span><\/div>\n<div style=\"text-align: justify;\"><span style=\"font-size: medium;\">\u00a0<\/span><\/div>\n<div style=\"text-align: justify;\"><span style=\"font-size: medium;\">Tento rok sa do du\u00e1lneho vzdel\u00e1vania mohli zapoji\u0165 aj obchodn\u00e9 akad\u00e9mie. Aj na\u0161a \u0161kola \u2013 Obchodn\u00e1 akad\u00e9mia vo Ve\u013ekom Mederi &#8211; maj\u00fac na zreteli z\u00e1ujmy \u0161tudentov, sa ako priekopn\u00edk zapojila do du\u00e1lneho vzdel\u00e1vania. Tento typ vzdel\u00e1vania umo\u017e\u0148uje, aby sa \u0161tudenti pripravovali na svoju bud\u00facu profesiu v\u00a0re\u00e1lnych podmienkach. Nezanedbate\u013en\u00fdm je aj fakt, \u017ee \u0161tudenti dostan\u00fa aj \u0161t\u00e1tny pr\u00edspevok, bezplatn\u00e1 bude pre nich autobusov\u00e1 doprava na pracovisko aj do \u0161koly. Okrem praktick\u00e9ho vzdel\u00e1vania z\u00edskaj\u00fa sk\u00fasenosti aj s\u00a0t\u00edmovou pr\u00e1cou.\u00a0<\/span><\/div>\n<div style=\"text-align: justify;\"><span style=\"font-size: medium;\">S\u00a0du\u00e1lnym vzdel\u00e1van\u00edm sa za\u010dne na na\u0161ej \u0161kole tento rok v\u00a0septembri. Zapoji\u0165 sa do\u0148 m\u00f4\u017eu \u0161tudenti prv\u00e9ho ro\u010dn\u00edka s\u00a0vyu\u010dovac\u00edm jazykom slovensk\u00fdm. Praktick\u00e9ho vyu\u010dovania sa m\u00f4\u017ee z\u00fa\u010dastni\u0165 5 \u0161tudentov, ostatn\u00ed si tieto poznatky m\u00f4\u017eu osvoji\u0165 v\u00a0odborn\u00fdch u\u010debniach \u0161koly. Je pre n\u00e1s c\u0165ou, \u017ee od tohto roku sa na\u0161imi partnermi stali: Reylon, K &amp; K\u00a0Benefit a\u00a0Inter Harmony spol. s.r.o. \u0160tudenti spom\u00ednanej triedy si podali prihl\u00e1\u0161ky do uveden\u00fdch podnikov. N\u00e1sledne sa z\u00fa\u010dastnili pohovorov so z\u00e1stupcami uveden\u00fdch podnikov. Napokon vybrali t\u00fdch \u0161tudentov, ktor\u00ed sa 4 roky bud\u00fa z\u00fa\u010dast\u0148ova\u0165 v\u00a0danom podniku praktick\u00e9ho vzdel\u00e1vania. Pevne ver\u00edme v\u00a0to, \u017ee sme sa rozhodli spr\u00e1vne, ke\u010f\u017ee sa do vzdel\u00e1vania \u0161tudentov akt\u00edvne zapoja podniky, v\u00a0ktor\u00fdch si v\u00a0\u0161kole z\u00edskan\u00e9 teoretick\u00e9 vedomosti m\u00f4\u017eu overi\u0165 v\u00a0praxi.\u00a0<\/span><\/div>\n<div style=\"text-align: justify;\"><span style=\"font-size: medium;\">Ve\u013ekou v\u00fdhodou t\u00fdchto \u0161tudentov bude, to, \u017ee na trh pr\u00e1ce vst\u00fapia u\u017e s\u00a0odbornou praxou. \u00a0\u00a0<\/span><\/div>\n<div style=\"text-align: justify;\"><span style=\"font-size: medium;\">\u00a0<\/span><\/div>\n<div style=\"text-align: right;\"><span style=\"font-size: medium;\"><em>Ing. Roz\u00e1lia Nagy<\/em> \u2013 koordin\u00e1torka du\u00e1lneho vzdel\u00e1vania<\/span><\/div>\n<div style=\"text-align: justify;\"><span style=\"font-size: medium;\">\u00a0<\/span><\/div>\n<div><\/div>\n<div><div id=\"metaslider-id-57\" style=\"max-width: 600px; margin: 0 auto;\" class=\"ml-slider-3-23-0 metaslider metaslider-flex metaslider-57 ml-slider nav-hidden\">\n    <div id=\"metaslider_container_57\">\n        <div id=\"metaslider_57\">\n            <ul aria-live=\"polite\" class=\"slides\">\n                <li style=\"display: block; width: 100%;\" class=\"slide-58 ms-image\"><img width=\"600\" height=\"600\" src=\"http:\/\/www.oagvm.sk\/wphirfolyam\/wp-content\/uploads\/2019\/09\/dualne-13.jpg\" class=\"slider-57 slide-58\" alt=\"\" loading=\"lazy\" rel=\"\" title=\"Du\u00e1lis k\u00e9pz\u00e9s\" srcset=\"http:\/\/www.oagvm.sk\/wphirfolyam\/wp-content\/uploads\/2019\/09\/dualne-13.jpg 600w, http:\/\/www.oagvm.sk\/wphirfolyam\/wp-content\/uploads\/2019\/09\/dualne-13-150x150.jpg 150w, http:\/\/www.oagvm.sk\/wphirfolyam\/wp-content\/uploads\/2019\/09\/dualne-13-300x300.jpg 300w\" sizes=\"(max-width: 600px) 100vw, 600px\" \/><\/li>\n                <li style=\"display: none; width: 100%;\" class=\"slide-59 ms-image\"><img width=\"600\" height=\"600\" src=\"http:\/\/www.oagvm.sk\/wphirfolyam\/wp-content\/uploads\/2019\/09\/dualne-12.jpg\" class=\"slider-57 slide-59\" alt=\"\" loading=\"lazy\" rel=\"\" title=\"dualne-12\" srcset=\"http:\/\/www.oagvm.sk\/wphirfolyam\/wp-content\/uploads\/2019\/09\/dualne-12.jpg 600w, http:\/\/www.oagvm.sk\/wphirfolyam\/wp-content\/uploads\/2019\/09\/dualne-12-150x150.jpg 150w, http:\/\/www.oagvm.sk\/wphirfolyam\/wp-content\/uploads\/2019\/09\/dualne-12-300x300.jpg 300w\" sizes=\"(max-width: 600px) 100vw, 600px\" \/><\/li>\n                <li style=\"display: none; width: 100%;\" class=\"slide-60 ms-image\"><img width=\"600\" height=\"600\" src=\"http:\/\/www.oagvm.sk\/wphirfolyam\/wp-content\/uploads\/2019\/09\/dualne-11.jpg\" class=\"slider-57 slide-60\" alt=\"\" loading=\"lazy\" rel=\"\" title=\"dualne-11\" srcset=\"http:\/\/www.oagvm.sk\/wphirfolyam\/wp-content\/uploads\/2019\/09\/dualne-11.jpg 600w, http:\/\/www.oagvm.sk\/wphirfolyam\/wp-content\/uploads\/2019\/09\/dualne-11-150x150.jpg 150w, http:\/\/www.oagvm.sk\/wphirfolyam\/wp-content\/uploads\/2019\/09\/dualne-11-300x300.jpg 300w\" sizes=\"(max-width: 600px) 100vw, 600px\" \/><\/li>\n                <li style=\"display: none; width: 100%;\" class=\"slide-61 ms-image\"><img width=\"600\" height=\"600\" src=\"http:\/\/www.oagvm.sk\/wphirfolyam\/wp-content\/uploads\/2019\/09\/dualne-10.jpg\" class=\"slider-57 slide-61\" alt=\"\" loading=\"lazy\" rel=\"\" title=\"dualne-10\" srcset=\"http:\/\/www.oagvm.sk\/wphirfolyam\/wp-content\/uploads\/2019\/09\/dualne-10.jpg 600w, http:\/\/www.oagvm.sk\/wphirfolyam\/wp-content\/uploads\/2019\/09\/dualne-10-150x150.jpg 150w, http:\/\/www.oagvm.sk\/wphirfolyam\/wp-content\/uploads\/2019\/09\/dualne-10-300x300.jpg 300w\" sizes=\"(max-width: 600px) 100vw, 600px\" \/><\/li>\n                <li style=\"display: none; width: 100%;\" class=\"slide-62 ms-image\"><img width=\"600\" height=\"600\" src=\"http:\/\/www.oagvm.sk\/wphirfolyam\/wp-content\/uploads\/2019\/09\/dualne-09.jpg\" class=\"slider-57 slide-62\" alt=\"\" loading=\"lazy\" rel=\"\" title=\"dualne-09\" srcset=\"http:\/\/www.oagvm.sk\/wphirfolyam\/wp-content\/uploads\/2019\/09\/dualne-09.jpg 600w, http:\/\/www.oagvm.sk\/wphirfolyam\/wp-content\/uploads\/2019\/09\/dualne-09-150x150.jpg 150w, http:\/\/www.oagvm.sk\/wphirfolyam\/wp-content\/uploads\/2019\/09\/dualne-09-300x300.jpg 300w\" sizes=\"(max-width: 600px) 100vw, 600px\" \/><\/li>\n                <li style=\"display: none; width: 100%;\" class=\"slide-63 ms-image\"><img width=\"600\" height=\"600\" src=\"http:\/\/www.oagvm.sk\/wphirfolyam\/wp-content\/uploads\/2019\/09\/dualne-08.jpg\" class=\"slider-57 slide-63\" alt=\"\" loading=\"lazy\" rel=\"\" title=\"dualne-08\" srcset=\"http:\/\/www.oagvm.sk\/wphirfolyam\/wp-content\/uploads\/2019\/09\/dualne-08.jpg 600w, http:\/\/www.oagvm.sk\/wphirfolyam\/wp-content\/uploads\/2019\/09\/dualne-08-150x150.jpg 150w, http:\/\/www.oagvm.sk\/wphirfolyam\/wp-content\/uploads\/2019\/09\/dualne-08-300x300.jpg 300w\" sizes=\"(max-width: 600px) 100vw, 600px\" \/><\/li>\n                <li style=\"display: none; width: 100%;\" class=\"slide-64 ms-image\"><img width=\"600\" height=\"600\" src=\"http:\/\/www.oagvm.sk\/wphirfolyam\/wp-content\/uploads\/2019\/09\/dualne-07.jpg\" class=\"slider-57 slide-64\" alt=\"\" loading=\"lazy\" rel=\"\" title=\"dualne-07\" srcset=\"http:\/\/www.oagvm.sk\/wphirfolyam\/wp-content\/uploads\/2019\/09\/dualne-07.jpg 600w, http:\/\/www.oagvm.sk\/wphirfolyam\/wp-content\/uploads\/2019\/09\/dualne-07-150x150.jpg 150w, http:\/\/www.oagvm.sk\/wphirfolyam\/wp-content\/uploads\/2019\/09\/dualne-07-300x300.jpg 300w\" sizes=\"(max-width: 600px) 100vw, 600px\" \/><\/li>\n                <li style=\"display: none; width: 100%;\" class=\"slide-65 ms-image\"><img width=\"600\" height=\"600\" src=\"http:\/\/www.oagvm.sk\/wphirfolyam\/wp-content\/uploads\/2019\/09\/dualne-06.jpg\" class=\"slider-57 slide-65\" alt=\"\" loading=\"lazy\" rel=\"\" title=\"dualne-06\" srcset=\"http:\/\/www.oagvm.sk\/wphirfolyam\/wp-content\/uploads\/2019\/09\/dualne-06.jpg 600w, http:\/\/www.oagvm.sk\/wphirfolyam\/wp-content\/uploads\/2019\/09\/dualne-06-150x150.jpg 150w, http:\/\/www.oagvm.sk\/wphirfolyam\/wp-content\/uploads\/2019\/09\/dualne-06-300x300.jpg 300w\" sizes=\"(max-width: 600px) 100vw, 600px\" \/><\/li>\n                <li style=\"display: none; width: 100%;\" class=\"slide-66 ms-image\"><img width=\"600\" height=\"600\" src=\"http:\/\/www.oagvm.sk\/wphirfolyam\/wp-content\/uploads\/2019\/09\/dualne-05.jpg\" class=\"slider-57 slide-66\" alt=\"\" loading=\"lazy\" rel=\"\" title=\"dualne-05\" srcset=\"http:\/\/www.oagvm.sk\/wphirfolyam\/wp-content\/uploads\/2019\/09\/dualne-05.jpg 600w, http:\/\/www.oagvm.sk\/wphirfolyam\/wp-content\/uploads\/2019\/09\/dualne-05-150x150.jpg 150w, http:\/\/www.oagvm.sk\/wphirfolyam\/wp-content\/uploads\/2019\/09\/dualne-05-300x300.jpg 300w\" sizes=\"(max-width: 600px) 100vw, 600px\" \/><\/li>\n                <li style=\"display: none; width: 100%;\" class=\"slide-67 ms-image\"><img width=\"600\" height=\"600\" src=\"http:\/\/www.oagvm.sk\/wphirfolyam\/wp-content\/uploads\/2019\/09\/dualne-04.jpg\" class=\"slider-57 slide-67\" alt=\"\" loading=\"lazy\" rel=\"\" title=\"dualne-04\" srcset=\"http:\/\/www.oagvm.sk\/wphirfolyam\/wp-content\/uploads\/2019\/09\/dualne-04.jpg 600w, http:\/\/www.oagvm.sk\/wphirfolyam\/wp-content\/uploads\/2019\/09\/dualne-04-150x150.jpg 150w, http:\/\/www.oagvm.sk\/wphirfolyam\/wp-content\/uploads\/2019\/09\/dualne-04-300x300.jpg 300w\" sizes=\"(max-width: 600px) 100vw, 600px\" \/><\/li>\n                <li style=\"display: none; width: 100%;\" class=\"slide-68 ms-image\"><img width=\"600\" height=\"600\" src=\"http:\/\/www.oagvm.sk\/wphirfolyam\/wp-content\/uploads\/2019\/09\/dualne-03.jpg\" class=\"slider-57 slide-68\" alt=\"\" loading=\"lazy\" rel=\"\" title=\"dualne-03\" srcset=\"http:\/\/www.oagvm.sk\/wphirfolyam\/wp-content\/uploads\/2019\/09\/dualne-03.jpg 600w, http:\/\/www.oagvm.sk\/wphirfolyam\/wp-content\/uploads\/2019\/09\/dualne-03-150x150.jpg 150w, http:\/\/www.oagvm.sk\/wphirfolyam\/wp-content\/uploads\/2019\/09\/dualne-03-300x300.jpg 300w\" sizes=\"(max-width: 600px) 100vw, 600px\" \/><\/li>\n                <li style=\"display: none; width: 100%;\" class=\"slide-69 ms-image\"><img width=\"600\" height=\"600\" src=\"http:\/\/www.oagvm.sk\/wphirfolyam\/wp-content\/uploads\/2019\/09\/dualne-02.jpg\" class=\"slider-57 slide-69\" alt=\"\" loading=\"lazy\" rel=\"\" title=\"dualne-02\" srcset=\"http:\/\/www.oagvm.sk\/wphirfolyam\/wp-content\/uploads\/2019\/09\/dualne-02.jpg 600w, http:\/\/www.oagvm.sk\/wphirfolyam\/wp-content\/uploads\/2019\/09\/dualne-02-150x150.jpg 150w, http:\/\/www.oagvm.sk\/wphirfolyam\/wp-content\/uploads\/2019\/09\/dualne-02-300x300.jpg 300w\" sizes=\"(max-width: 600px) 100vw, 600px\" \/><\/li>\n                <li style=\"display: none; width: 100%;\" class=\"slide-70 ms-image\"><img width=\"600\" height=\"600\" src=\"http:\/\/www.oagvm.sk\/wphirfolyam\/wp-content\/uploads\/2019\/09\/dualne-01.jpg\" class=\"slider-57 slide-70\" alt=\"\" loading=\"lazy\" rel=\"\" title=\"Du\u00e1lis k\u00e9pz\u00e9s\" srcset=\"http:\/\/www.oagvm.sk\/wphirfolyam\/wp-content\/uploads\/2019\/09\/dualne-01.jpg 600w, http:\/\/www.oagvm.sk\/wphirfolyam\/wp-content\/uploads\/2019\/09\/dualne-01-150x150.jpg 150w, http:\/\/www.oagvm.sk\/wphirfolyam\/wp-content\/uploads\/2019\/09\/dualne-01-300x300.jpg 300w\" sizes=\"(max-width: 600px) 100vw, 600px\" \/><\/li>\n            <\/ul>\n        <\/div>\n        \n    <\/div>\n<\/div><\/div>\n","protected":false},"excerpt":{"rendered":"<p>Akad\u00e9mist\u00e1ink \u00fatt\u00f6r\u0151k\u00e9nt a du\u00e1lis k\u00e9pz\u00e9sben\u00a0 \u00a0 A 2019\/2020-as tan\u00e9vben m\u00e1r a kereskedelmi akad\u00e9mi\u00e1k is bekapcsol\u00f3dhatnak a du\u00e1lis k\u00e9pz\u00e9sbe. Iskol\u00e1nk, a Nagymegyeri Kereskedelmi Akad\u00e9mia \u00fatt\u00f6r\u0151nek sz\u00e1m\u00edt ezen a t\u00e9ren a hasonl\u00f3 k\u00e9pzetts\u00e9get ny\u00fajt\u00f3 szakk\u00f6z\u00e9piskol\u00e1k k\u00f6r\u00e9ben. D\u00f6nt\u00e9s\u00fcnket els\u0151sorban a tanul\u00f3k \u00e9rdekeit szem el\u0151tt tartva hoztuk meg, a du\u00e1lis k\u00e9pz\u00e9s ugyanis lehet\u0151v\u00e9 teszi, hogy a di\u00e1kok val\u00f3s munkak\u00f6r\u00fclm\u00e9nyek &#8230; <a title=\"Akad\u00e9mist\u00e1ink \u00fatt\u00f6r\u0151k\u00e9nt a du\u00e1lis k\u00e9pz\u00e9sben &#8211; \ufeffKonkurencieschopnej\u0161\u00ed absolventi du\u00e1lneho vzdel\u00e1vania\" class=\"read-more\" href=\"http:\/\/www.oagvm.sk\/wphirfolyam\/?p=71\">Olvass tov\u00e1bb<span class=\"screen-reader-text\">Akad\u00e9mist\u00e1ink \u00fatt\u00f6r\u0151k\u00e9nt a du\u00e1lis k\u00e9pz\u00e9sben &#8211; \ufeffKonkurencieschopnej\u0161\u00ed absolventi du\u00e1lneho vzdel\u00e1vania<\/span><\/a><\/p>\n","protected":false},"author":1,"featured_media":0,"comment_status":"open","ping_status":"open","sticky":false,"template":"","format":"standard","meta":[],"categories":[3],"tags":[],"_links":{"self":[{"href":"http:\/\/www.oagvm.sk\/wphirfolyam\/index.php?rest_route=\/wp\/v2\/posts\/71"}],"collection":[{"href":"http:\/\/www.oagvm.sk\/wphirfolyam\/index.php?rest_route=\/wp\/v2\/posts"}],"about":[{"href":"http:\/\/www.oagvm.sk\/wphirfolyam\/index.php?rest_route=\/wp\/v2\/types\/post"}],"author":[{"embeddable":true,"href":"http:\/\/www.oagvm.sk\/wphirfolyam\/index.php?rest_route=\/wp\/v2\/users\/1"}],"replies":[{"embeddable":true,"href":"http:\/\/www.oagvm.sk\/wphirfolyam\/index.php?rest_route=%2Fwp%2Fv2%2Fcomments&post=71"}],"version-history":[{"count":2,"href":"http:\/\/www.oagvm.sk\/wphirfolyam\/index.php?rest_route=\/wp\/v2\/posts\/71\/revisions"}],"predecessor-version":[{"id":6480,"href":"http:\/\/www.oagvm.sk\/wphirfolyam\/index.php?rest_route=\/wp\/v2\/posts\/71\/revisions\/6480"}],"wp:attachment":[{"href":"http:\/\/www.oagvm.sk\/wphirfolyam\/index.php?rest_route=%2Fwp%2Fv2%2Fmedia&parent=71"}],"wp:term":[{"taxonomy":"category","embeddable":true,"href":"http:\/\/www.oagvm.sk\/wphirfolyam\/index.php?rest_route=%2Fwp%2Fv2%2Fcategories&post=71"},{"taxonomy":"post_tag","embeddable":true,"href":"http:\/\/www.oagvm.sk\/wphirfolyam\/index.php?rest_route=%2Fwp%2Fv2%2Ftags&post=71"}],"curies":[{"name":"wp","href":"https:\/\/api.w.org\/{rel}","templated":true}]}}