{"id":7173,"date":"2022-11-21T10:54:14","date_gmt":"2022-11-21T09:54:14","guid":{"rendered":"http:\/\/www.oagvm.sk\/wphirfolyam\/?p=7173"},"modified":"2022-11-21T10:54:56","modified_gmt":"2022-11-21T09:54:56","slug":"lennek-valakie-netradicna-literarna-hodina","status":"publish","type":"post","link":"http:\/\/www.oagvm.sk\/wphirfolyam\/?p=7173","title":{"rendered":"Lenn\u00e9k valaki\u00e9&#8230; &#8211; Netradi\u010dn\u00e1 liter\u00e1rna hodina"},"content":{"rendered":"<h3 style=\"text-align: justify;\"><span style=\"font-family: tahoma, arial, helvetica, sans-serif; font-size: 18pt; color: #ff6600;\"><strong>Lenn\u00e9k valaki\u00e9&#8230; <\/strong><\/span><\/h3>\n<h3 style=\"text-align: justify;\"><span style=\"font-family: tahoma, arial, helvetica, sans-serif;\">\u201eA fuvola a l\u00e9lek fuvallata, a zongora a sz\u00edv ritmusa, \u00e9s a heged\u0171 dallama csiklandozza Isten talp\u00e1t\u201c\u2013 hangzott el a kom\u00e1romi Egressy B\u00e9ni V\u00e1rosi M\u0171vel\u0151d\u00e9si K\u00f6zpontban 2022. november 15-\u00e9n a Lenn\u00e9k valaki\u00e9 c\u00edm\u0171 szimfonikus el\u0151ad\u00e1s bevezet\u0151j\u00e9ben. Ady Endre v\u00e1logatott verseinek szimfonikus zenekarra k\u00e9sz\u00fclt \u00e1tirata leny\u0171g\u00f6zte a k\u00f6z\u00f6ns\u00e9get. A darab zenei anyaga Pet\u0151 Zolt\u00e1n zeneszerz\u0151 zsenialit\u00e1s\u00e1nak k\u00f6sz\u00f6nhet\u0151, dr. Cseh Tam\u00e1s, iskol\u00e1nk volt di\u00e1kja pedig karmesteri adotts\u00e1gaival b\u0171v\u00f6lte el a\u00a0k\u00f6z\u00f6ns\u00e9get.<\/span><\/h3>\n<h3 style=\"text-align: justify;\"><span style=\"font-family: tahoma, arial, helvetica, sans-serif;\">\u00d6r\u00f6mmel t\u00f6lt el, hogy iskol\u00e1nk, a Kereskedelmi Akad\u00e9mia hathat\u00f3s t\u00e1mogat\u00e1s\u00e1nak k\u00f6sz\u00f6nhet\u0151en a\u00a0di\u00e1kotthon lak\u00f3i \u00e9s a 4.C oszt\u00e1ly n\u00e9h\u00e1ny tanul\u00f3ja egy ilyen sz\u00ednvonalas m\u0171soron vehetett r\u00e9szt. Az el\u0151ad\u00e1s k\u00fcl\u00f6nlegess\u00e9ge abban rejlett, hogy a Szebellai D\u00e1niel sz\u00f3beli tolm\u00e1csol\u00e1s\u00e1ban elhangz\u00f3 Ady-k\u00f6ltem\u00e9nyekre felcsend\u00fcl\u0151 zene kiv\u00e1l\u00f3an \u00e9rz\u00e9keltette a\u00a0versekben rejl\u0151 \u00e9rzelmeket. A produkci\u00f3 sz\u00e9les k\u00f6rben mutatta be Ady Endre munk\u00e1ss\u00e1g\u00e1t. Szerelmes versei k\u00f6z\u00fcl p\u00e9ld\u00e1ul elhangzott a H\u00e9jan\u00e1sz az avaron, az \u0150rizem a szemed \u00e9s a F\u00e9lig cs\u00f3kolt cs\u00f3k, de sorra ker\u00fcltek m\u00e1s szerzem\u00e9nyek is, mint a Mi k\u00f6t ide? a V\u00e9r \u00e9s arany, a L\u00e1ttalak a m\u00faltkor \u00e9s a Szeretn\u00e9m, ha szeretn\u00e9nek. Nagy h\u00e1l\u00e1val tartozunk az iskol\u00e1nk igazgat\u00f3n\u0151j\u00e9nek, aki ezt a sz\u00e9p est\u00e9t t\u00e1mogatta, \u00e9s k\u00f6sz\u00f6nj\u00fck az oszt\u00e1lyf\u0151n\u00f6k\u00fcnknek \u00e9s a\u00a0koll\u00e9gium nevel\u0151n\u0151inek, hogy elk\u00eds\u00e9rtek minket Kom\u00e1romba. Elmondhatjuk, hogy e\u00a0l\u00e9lekemel\u0151 el\u0151ad\u00e1snak k\u00f6sz\u00f6nhet\u0151en m\u00e9g k\u00f6zelebb ker\u00fclt\u00fcnk Ady Endre k\u00f6lt\u00e9szet\u00e9hez \u00e9s kor\u00e1hoz. \u00a0<\/span><\/h3>\n<h3 style=\"text-align: right;\"><span style=\"font-family: tahoma, arial, helvetica, sans-serif;\"><em>Anda Vikt\u00f3ria, Dobosi D\u00f3ra<\/em> (IV.C)<\/span><\/h3>\n<h3 style=\"text-align: justify;\"><span style=\"font-family: tahoma, arial, helvetica, sans-serif; color: #ff6600; font-size: 18pt;\"><strong>Netradi\u010dn\u00e1 liter\u00e1rna hodina<\/strong><\/span><\/h3>\n<h3 style=\"text-align: justify;\"><span style=\"font-family: tahoma, arial, helvetica, sans-serif;\">15. novembra 2022 niektor\u00ed \u017eiaci na\u0161ej \u0161koly mali mo\u017enos\u0165 zav\u00edta\u0165 do Kom\u00e1rna a str\u00e1vili nezabudnute\u013en\u00fd ve\u010der v Mestskom kult\u00farnom stredisku B\u00e9ni Egressyho, kde sa uskuto\u010dnilo liter\u00e1rne p\u00e1smo, v ktorom spom\u00ednali na velik\u00e1na ma\u010farskej po\u00e9zie Endre Adyho. Medzi \u00fa\u010dinkuj\u00facimi bol aj Dr. Tam\u00e1s Cseh, b\u00fdval\u00fd \u017eiak na\u0161ej \u0161koly.<\/span><\/h3>\n<h3 style=\"text-align: justify;\"><span style=\"font-family: tahoma, arial, helvetica, sans-serif;\">Srde\u010dn\u00e1 v\u010faka patr\u00ed riadite\u013eke na\u0161ej \u0161koly, triednej u\u010dite\u013eke IV. C triedy a na\u0161im vychov\u00e1vate\u013ek\u00e1m.<\/span><\/h3>\n<h3 style=\"text-align: right;\"><span style=\"font-family: tahoma, arial, helvetica, sans-serif;\"><em>Vikt\u00f3ria Anda, D\u00f3ra Dobosi<\/em> (IV. C)<\/span><\/h3>\n<h3 style=\"text-align: left;\">\n<span style=\"font-family: tahoma, arial, helvetica, sans-serif;\"><div id=\"metaslider-id-7152\" style=\"width: 100%; margin: 0 auto;\" class=\"ml-slider-3-23-0 metaslider metaslider-flex metaslider-7152 ml-slider nav-hidden\">\n    <div id=\"metaslider_container_7152\">\n        <div id=\"metaslider_7152\">\n            <ul aria-live=\"polite\" class=\"slides\">\n                <li style=\"display: block; width: 100%;\" class=\"slide-7171 ms-image\"><img width=\"600\" height=\"800\" src=\"http:\/\/www.oagvm.sk\/wphirfolyam\/wp-content\/uploads\/2022\/11\/ady-01.jpg\" class=\"slider-7152 slide-7171\" alt=\"\" loading=\"lazy\" rel=\"\" title=\"ady-01\" srcset=\"http:\/\/www.oagvm.sk\/wphirfolyam\/wp-content\/uploads\/2022\/11\/ady-01.jpg 600w, http:\/\/www.oagvm.sk\/wphirfolyam\/wp-content\/uploads\/2022\/11\/ady-01-225x300.jpg 225w\" sizes=\"(max-width: 600px) 100vw, 600px\" \/><\/li>\n                <li style=\"display: none; width: 100%;\" class=\"slide-7172 ms-image\"><img width=\"600\" height=\"800\" src=\"http:\/\/www.oagvm.sk\/wphirfolyam\/wp-content\/uploads\/2022\/11\/ady-02.jpg\" class=\"slider-7152 slide-7172\" alt=\"\" loading=\"lazy\" rel=\"\" title=\"ady-02\" srcset=\"http:\/\/www.oagvm.sk\/wphirfolyam\/wp-content\/uploads\/2022\/11\/ady-02.jpg 600w, http:\/\/www.oagvm.sk\/wphirfolyam\/wp-content\/uploads\/2022\/11\/ady-02-225x300.jpg 225w\" sizes=\"(max-width: 600px) 100vw, 600px\" \/><\/li>\n                <li style=\"display: none; width: 100%;\" class=\"slide-7163 ms-image\"><img width=\"600\" height=\"800\" src=\"http:\/\/www.oagvm.sk\/wphirfolyam\/wp-content\/uploads\/2022\/11\/ady-03.jpg\" class=\"slider-7152 slide-7163\" alt=\"\" loading=\"lazy\" rel=\"\" title=\"ady-03\" srcset=\"http:\/\/www.oagvm.sk\/wphirfolyam\/wp-content\/uploads\/2022\/11\/ady-03.jpg 600w, http:\/\/www.oagvm.sk\/wphirfolyam\/wp-content\/uploads\/2022\/11\/ady-03-225x300.jpg 225w\" sizes=\"(max-width: 600px) 100vw, 600px\" \/><\/li>\n                <li style=\"display: none; width: 100%;\" class=\"slide-7164 ms-image\"><img width=\"600\" height=\"800\" src=\"http:\/\/www.oagvm.sk\/wphirfolyam\/wp-content\/uploads\/2022\/11\/ady-04.jpg\" class=\"slider-7152 slide-7164\" alt=\"\" loading=\"lazy\" rel=\"\" title=\"ady-04\" srcset=\"http:\/\/www.oagvm.sk\/wphirfolyam\/wp-content\/uploads\/2022\/11\/ady-04.jpg 600w, http:\/\/www.oagvm.sk\/wphirfolyam\/wp-content\/uploads\/2022\/11\/ady-04-225x300.jpg 225w\" sizes=\"(max-width: 600px) 100vw, 600px\" \/><\/li>\n                <li style=\"display: none; width: 100%;\" class=\"slide-7165 ms-image\"><img width=\"600\" height=\"800\" src=\"http:\/\/www.oagvm.sk\/wphirfolyam\/wp-content\/uploads\/2022\/11\/ady-05.jpg\" class=\"slider-7152 slide-7165\" alt=\"\" loading=\"lazy\" rel=\"\" title=\"ady-05\" srcset=\"http:\/\/www.oagvm.sk\/wphirfolyam\/wp-content\/uploads\/2022\/11\/ady-05.jpg 600w, http:\/\/www.oagvm.sk\/wphirfolyam\/wp-content\/uploads\/2022\/11\/ady-05-225x300.jpg 225w\" sizes=\"(max-width: 600px) 100vw, 600px\" \/><\/li>\n                <li style=\"display: none; width: 100%;\" class=\"slide-7166 ms-image\"><img width=\"600\" height=\"800\" src=\"http:\/\/www.oagvm.sk\/wphirfolyam\/wp-content\/uploads\/2022\/11\/ady-06.jpg\" class=\"slider-7152 slide-7166\" alt=\"\" loading=\"lazy\" rel=\"\" title=\"ady-06\" srcset=\"http:\/\/www.oagvm.sk\/wphirfolyam\/wp-content\/uploads\/2022\/11\/ady-06.jpg 600w, http:\/\/www.oagvm.sk\/wphirfolyam\/wp-content\/uploads\/2022\/11\/ady-06-225x300.jpg 225w\" sizes=\"(max-width: 600px) 100vw, 600px\" \/><\/li>\n                <li style=\"display: none; width: 100%;\" class=\"slide-7167 ms-image\"><img width=\"600\" height=\"800\" src=\"http:\/\/www.oagvm.sk\/wphirfolyam\/wp-content\/uploads\/2022\/11\/ady-07.jpg\" class=\"slider-7152 slide-7167\" alt=\"\" loading=\"lazy\" rel=\"\" title=\"ady-07\" srcset=\"http:\/\/www.oagvm.sk\/wphirfolyam\/wp-content\/uploads\/2022\/11\/ady-07.jpg 600w, http:\/\/www.oagvm.sk\/wphirfolyam\/wp-content\/uploads\/2022\/11\/ady-07-225x300.jpg 225w\" sizes=\"(max-width: 600px) 100vw, 600px\" \/><\/li>\n                <li style=\"display: none; width: 100%;\" class=\"slide-7168 ms-image\"><img width=\"600\" height=\"800\" src=\"http:\/\/www.oagvm.sk\/wphirfolyam\/wp-content\/uploads\/2022\/11\/ady-08.jpg\" class=\"slider-7152 slide-7168\" alt=\"\" loading=\"lazy\" rel=\"\" title=\"ady-08\" srcset=\"http:\/\/www.oagvm.sk\/wphirfolyam\/wp-content\/uploads\/2022\/11\/ady-08.jpg 600w, http:\/\/www.oagvm.sk\/wphirfolyam\/wp-content\/uploads\/2022\/11\/ady-08-225x300.jpg 225w\" sizes=\"(max-width: 600px) 100vw, 600px\" \/><\/li>\n                <li style=\"display: none; width: 100%;\" class=\"slide-7169 ms-image\"><img width=\"599\" height=\"800\" src=\"http:\/\/www.oagvm.sk\/wphirfolyam\/wp-content\/uploads\/2022\/11\/ady-09.jpg\" class=\"slider-7152 slide-7169\" alt=\"\" loading=\"lazy\" rel=\"\" title=\"ady-09\" srcset=\"http:\/\/www.oagvm.sk\/wphirfolyam\/wp-content\/uploads\/2022\/11\/ady-09.jpg 599w, http:\/\/www.oagvm.sk\/wphirfolyam\/wp-content\/uploads\/2022\/11\/ady-09-225x300.jpg 225w\" sizes=\"(max-width: 599px) 100vw, 599px\" \/><\/li>\n                <li style=\"display: none; width: 100%;\" class=\"slide-7170 ms-image\"><img width=\"568\" height=\"800\" src=\"http:\/\/www.oagvm.sk\/wphirfolyam\/wp-content\/uploads\/2022\/11\/ady-10.jpg\" class=\"slider-7152 slide-7170\" alt=\"\" loading=\"lazy\" rel=\"\" title=\"ady-10\" srcset=\"http:\/\/www.oagvm.sk\/wphirfolyam\/wp-content\/uploads\/2022\/11\/ady-10.jpg 568w, http:\/\/www.oagvm.sk\/wphirfolyam\/wp-content\/uploads\/2022\/11\/ady-10-213x300.jpg 213w\" sizes=\"(max-width: 568px) 100vw, 568px\" \/><\/li>\n            <\/ul>\n        <\/div>\n        \n    <\/div>\n<\/div>\u00a0\u00a0\u00a0\u00a0\u00a0\u00a0\u00a0\u00a0\u00a0\u00a0\u00a0\u00a0\u00a0\u00a0\u00a0\u00a0\u00a0\u00a0\u00a0\u00a0\u00a0\u00a0\u00a0\u00a0\u00a0\u00a0\u00a0\u00a0\u00a0\u00a0\u00a0\u00a0\u00a0\u00a0\u00a0\u00a0\u00a0\u00a0\u00a0\u00a0\u00a0\u00a0\u00a0\u00a0\u00a0\u00a0\u00a0\u00a0\u00a0\u00a0\u00a0\u00a0\u00a0\u00a0\u00a0\u00a0\u00a0\u00a0\u00a0\u00a0\u00a0\u00a0\u00a0\u00a0\u00a0\u00a0\u00a0\u00a0\u00a0\u00a0\u00a0\u00a0\u00a0\u00a0\u00a0\u00a0\u00a0\u00a0\u00a0\u00a0\u00a0<\/span><\/h3>\n","protected":false},"excerpt":{"rendered":"<p>Lenn\u00e9k valaki\u00e9&#8230; \u201eA fuvola a l\u00e9lek fuvallata, a zongora a sz\u00edv ritmusa, \u00e9s a heged\u0171 dallama csiklandozza Isten talp\u00e1t\u201c\u2013 hangzott el a kom\u00e1romi Egressy B\u00e9ni V\u00e1rosi M\u0171vel\u0151d\u00e9si K\u00f6zpontban 2022. november 15-\u00e9n a Lenn\u00e9k valaki\u00e9 c\u00edm\u0171 szimfonikus el\u0151ad\u00e1s bevezet\u0151j\u00e9ben. Ady Endre v\u00e1logatott verseinek szimfonikus zenekarra k\u00e9sz\u00fclt \u00e1tirata leny\u0171g\u00f6zte a k\u00f6z\u00f6ns\u00e9get. A darab zenei anyaga Pet\u0151 Zolt\u00e1n &#8230; <a title=\"Lenn\u00e9k valaki\u00e9&#8230; &#8211; Netradi\u010dn\u00e1 liter\u00e1rna hodina\" class=\"read-more\" href=\"http:\/\/www.oagvm.sk\/wphirfolyam\/?p=7173\">Olvass tov\u00e1bb<span class=\"screen-reader-text\">Lenn\u00e9k valaki\u00e9&#8230; &#8211; Netradi\u010dn\u00e1 liter\u00e1rna hodina<\/span><\/a><\/p>\n","protected":false},"author":1,"featured_media":0,"comment_status":"open","ping_status":"open","sticky":false,"template":"","format":"standard","meta":[],"categories":[26],"tags":[],"_links":{"self":[{"href":"http:\/\/www.oagvm.sk\/wphirfolyam\/index.php?rest_route=\/wp\/v2\/posts\/7173"}],"collection":[{"href":"http:\/\/www.oagvm.sk\/wphirfolyam\/index.php?rest_route=\/wp\/v2\/posts"}],"about":[{"href":"http:\/\/www.oagvm.sk\/wphirfolyam\/index.php?rest_route=\/wp\/v2\/types\/post"}],"author":[{"embeddable":true,"href":"http:\/\/www.oagvm.sk\/wphirfolyam\/index.php?rest_route=\/wp\/v2\/users\/1"}],"replies":[{"embeddable":true,"href":"http:\/\/www.oagvm.sk\/wphirfolyam\/index.php?rest_route=%2Fwp%2Fv2%2Fcomments&post=7173"}],"version-history":[{"count":3,"href":"http:\/\/www.oagvm.sk\/wphirfolyam\/index.php?rest_route=\/wp\/v2\/posts\/7173\/revisions"}],"predecessor-version":[{"id":7176,"href":"http:\/\/www.oagvm.sk\/wphirfolyam\/index.php?rest_route=\/wp\/v2\/posts\/7173\/revisions\/7176"}],"wp:attachment":[{"href":"http:\/\/www.oagvm.sk\/wphirfolyam\/index.php?rest_route=%2Fwp%2Fv2%2Fmedia&parent=7173"}],"wp:term":[{"taxonomy":"category","embeddable":true,"href":"http:\/\/www.oagvm.sk\/wphirfolyam\/index.php?rest_route=%2Fwp%2Fv2%2Fcategories&post=7173"},{"taxonomy":"post_tag","embeddable":true,"href":"http:\/\/www.oagvm.sk\/wphirfolyam\/index.php?rest_route=%2Fwp%2Fv2%2Ftags&post=7173"}],"curies":[{"name":"wp","href":"https:\/\/api.w.org\/{rel}","templated":true}]}}