{"id":7228,"date":"2022-11-21T14:54:33","date_gmt":"2022-11-21T13:54:33","guid":{"rendered":"http:\/\/www.oagvm.sk\/wphirfolyam\/?p=7228"},"modified":"2022-11-21T14:55:18","modified_gmt":"2022-11-21T13:55:18","slug":"akademiai-het-ujra-toltve-tradicny-akademicky-tyzden-a-pocetne-mnozstvo-programov","status":"publish","type":"post","link":"http:\/\/www.oagvm.sk\/wphirfolyam\/?p=7228","title":{"rendered":"Akad\u00e9miai h\u00e9t \u00fajra t\u00f6ltve &#8211; Tradi\u010dn\u00fd Akademick\u00fd t\u00fd\u017ede\u0148 a\u00a0po\u010detn\u00e9 mno\u017estvo programov"},"content":{"rendered":"<h3 style=\"text-align: justify;\"><span style=\"font-family: tahoma, arial, helvetica, sans-serif; color: #ff6600; font-size: 18pt;\"><strong>Akad\u00e9miai h\u00e9t \u00fajra t\u00f6ltve<\/strong><\/span><\/h3>\n<h3 style=\"text-align: justify;\"><span style=\"font-family: tahoma, arial, helvetica, sans-serif;\">A Nagymegyeri Kereskedelmi Akad\u00e9mi\u00e1n \u2013 imm\u00e1r sokadik alkalommal \u2013 2022. november 14. \u00e9s 18. k\u00f6z\u00f6tt zajlottak az Akad\u00e9miai h\u00e9t esem\u00e9nyei. A vil\u00e1gj\u00e1rv\u00e1ny miatt az ut\u00f3bbi k\u00e9t esztend\u0151ben a di\u00e1ks\u00e1g k\u00f6r\u00e9ben oly n\u00e9pszer\u0171 rendezv\u00e9nysorozat sajnos elmaradt, de nagy \u00f6r\u00f6m\u00fcnkre ebben a tan\u00e9vben minden akad\u00e1ly elh\u00e1rult, \u00edgy \u00fajra megrendezhett\u00fck. Az Akad\u00e9miai h\u00e9t idei programk\u00edn\u00e1lata rendk\u00edv\u00fcl gazdag volt. A k\u00f6zkedvelt di\u00e1krendezv\u00e9nyek mellett k\u00e9t alkalommal tartottunk Nyitott szakmai napot, ezen a h\u00e9ten ker\u00fclt sor a Tanirod\u00e1k h\u00e1ziverseny\u00e9re \u00e9s ki\u00e1ll\u00edt\u00e1s\u00e1ra, tov\u00e1bb\u00e1 sz\u00e1mos, a hagyom\u00e1nyos tan\u00f3r\u00e1k tartalmi kereteit t\u00fall\u00e9p\u0151 el\u0151ad\u00e1son, foglakoz\u00e1son is r\u00e9szt vehettek tanul\u00f3ink.<\/span><\/h3>\n<h3 style=\"text-align: justify;\"><span style=\"font-family: tahoma, arial, helvetica, sans-serif;\">\u00a0A h\u00e9t els\u0151 napj\u00e1n zajl\u00f3 di\u00e1krendezv\u00e9nyeknek a Corvin M\u00e1ty\u00e1s M\u0171vel\u0151d\u00e9si K\u00f6zpont adott otthont. A d\u00e9lel\u0151tti program az \u00fajdons\u00fclt di\u00e1kdiri, Feh\u00e9r M\u00e1t\u00e9 (III.C) bemutatkoz\u00e1s\u00e1val \u00e9s programj\u00e1nak ismertet\u00e9s\u00e9vel indult, amit egy r\u00f6vid d\u00edj\u00e1tad\u00f3 \u00fcnneps\u00e9g k\u00f6vetett. Iskol\u00e1nk igazgat\u00f3n\u0151je, Mgr. Horv\u00e1th Erzs\u00e9bet szem\u00e9lyesen adta \u00e1t So\u00f3ky Bogl\u00e1rk\u00e1nak (III.C) \u00e9s Csiba R\u00e9k\u00e1nak (II.B) a vil\u00e1gszerte elismert Edinburgh Hercege Nemzetk\u00f6zi D\u00edj ez\u00fcst, illetve bronz fokozat\u00e1t. D\u00e9lel\u0151tti rendezv\u00e9ny\u00fcnket az els\u0151s\u00f6k vid\u00e1m hangulat\u00fa avat\u00e1si m\u0171sora \u00e9s esk\u00fct\u00e9tele z\u00e1rta. Este ugyanitt zajlott a\u00a0nagy siker\u0171 g\u00f3lyab\u00e1l, amely a\u00a0kultur\u00e1lt sz\u00f3rakoz\u00e1son k\u00edv\u00fcl remek alkalmat teremtett\u00a0az els\u0151s\u00f6k sz\u00e1m\u00e1ra a\u00a0beilleszked\u00e9sre, a\u00a0fels\u0151bb \u00e9vfolyamok tanul\u00f3ival val\u00f3 ismerked\u00e9sre.<\/span><\/h3>\n<h3 style=\"text-align: justify;\"><span style=\"font-family: tahoma, arial, helvetica, sans-serif;\">A v\u00e9gz\u0151s di\u00e1kjaink \u00e1ltal alap\u00edtott tanirod\u00e1k, azaz di\u00e1kc\u00e9gek ki\u00e1ll\u00edt\u00e1s\u00e1nak \u00e9s h\u00e1ziverseny\u00e9nek iskol\u00e1nk tornaterme adott otthont.\u00a0 A kedden \u00e9s szerd\u00e1n zajl\u00f3 rendezv\u00e9nyre ell\u00e1togat\u00f3k megtekinthett\u00e9k az egyes c\u00e9gek ig\u00e9nyesen kialak\u00edtott standjait, sz\u00e1m\u00edt\u00f3g\u00e9pes bemutatkoz\u00f3 anyagait, apr\u00f3l\u00e9kosan kidolgozott \u00e1rukatal\u00f3gusait, \u00f6tletes rekl\u00e1mt\u00e1rgyait. Emellett \u201ev\u00e1s\u00e1rolhattak\u201d is a c\u00e9gek \u00e1ltal forgalmazott term\u00e9kekb\u0151l, mik\u00f6zben a vev\u0151k pr\u00f3b\u00e1ra tehett\u00e9k a forgalmaz\u00f3k kommunik\u00e1ci\u00f3s k\u00e9pess\u00e9geit is. \u00a0A\u00a0szakmai zs\u0171ri \u00e1ltal oda\u00edt\u00e9lt f\u0151d\u00edjat\u00a0(The Best Practice Firm)\u00a0a Rebrand, s. r. o. elnevez\u00e9s\u0171 di\u00e1kc\u00e9g nyerte, \u00edgy iskol\u00e1nkat ez a csapat k\u00e9pviselheti majd a Gy\u0151rben sorra ker\u00fcl\u0151 \u00a0Tanirod\u00e1k Nemzetk\u00f6zi Ki\u00e1ll\u00edt\u00e1s\u00e1n. A szlov\u00e1k nyelven legjobban \u00e9rt\u00e9kes\u00edt\u0151 di\u00e1k (The Best Representative in Slovak) P\u00e1paiov\u00e1 Stella (Sweet Dream, s.r.o.) lett. A magyar nyelven legjobban \u00e9rt\u00e9kes\u00edt\u0151 tanul\u00f3 (The Best Representative in Hungarian)\u00a0c\u00edmet Lelkes M\u00e1t\u00e9 (Rebrand) nyerte el, az angol nyelven legjobban \u00e9rt\u00e9kes\u00edt\u0151 di\u00e1k (The Best Representative in English)\u00a0pedig Rozs\u00e1r R\u00e9ka (Rebrand) volt. A legjobb \u00f6tletgazda (The most creative firm) d\u00edjat szint\u00e9n a Rebrand csapata kapta, a legjobb stand (The Best Stand) d\u00edjnak az Ole de Mare, s.r.o. \u00f6r\u00fclhetett, a k\u00f6z\u00f6ns\u00e9gd\u00edjat (The Award of the Public) pedig megint csak a Rebrand nyerte.\u00a0<\/span><\/h3>\n<h3 style=\"text-align: justify;\"><span style=\"font-family: tahoma, arial, helvetica, sans-serif;\">Kedden \u00e9s szerd\u00e1n, a di\u00e1kc\u00e9gek verseny\u00e9vel p\u00e1rhuzamosan Nyitott szakmai napot tartottunk, amelyen az iskol\u00e1nk ir\u00e1nt \u00e9rdekl\u0151d\u0151 alapiskol\u00e1s tanul\u00f3k \u00e9s sz\u00fcleik is r\u00e9szt vehettek. Vend\u00e9geink r\u00e9szletes t\u00e1j\u00e9kozat\u00f3t kaptak a n\u00e1lunk oktatott tanulm\u00e1nyi szakokr\u00f3l, majd bekapcsol\u00f3dhattak a szakmai nap k\u00fcl\u00f6nf\u00e9le foglalkoz\u00e1saiba. Betekinthettek p\u00e9ld\u00e1ul a di\u00e1kc\u00e9gek \u00e9let\u00e9be, \u00edzel\u00edt\u0151t kaptak szakszer\u0171 10 ujjas g\u00e9pel\u00e9sb\u0151l, amit j\u00e1t\u00e9kos programoz\u00e1s \u00e9s logikai j\u00e1t\u00e9kok k\u00f6vettek, emellett megtekintett\u00e9k a di\u00e1kc\u00e9gek verseny\u00e9t is. Rem\u00e9lj\u00fck, hogy az \u00e9rdekl\u0151d\u0151k megbizonyosodtak arr\u00f3l, hogy \u00e9rdemes int\u00e9zm\u00e9ny\u00fcnk di\u00e1kj\u00e1nak lenni.<\/span><\/h3>\n<h3 style=\"text-align: justify;\"><span style=\"font-family: tahoma, arial, helvetica, sans-serif;\">Rendhagy\u00f3 het\u00fcnket a f\u0151 rendezv\u00e9nyeken k\u00edv\u00fcl sz\u00e1mos k\u00eds\u00e9r\u0151 program gazdag\u00edtotta. Tanul\u00f3ink k\u00fcl\u00f6nf\u00e9le t\u00e9m\u00e1j\u00fa el\u0151ad\u00e1sokon, foglakoz\u00e1sokon, besz\u00e9lget\u00e9seken vettek r\u00e9szt, amelyek megh\u00edvott vend\u00e9geink k\u00f6zrem\u0171k\u00f6d\u00e9s\u00e9vel val\u00f3sultak meg. \u201eFelel\u0151sek vagyunk saj\u00e1t sorsunk\u00e9rt\u201d \u2013 hangzott a mott\u00f3ja annak a t\u00f6bb csoportban zajl\u00f3 h\u00e9tf\u0151i foglalkoz\u00e1snak, amelyen pszichol\u00f3gusok tal\u00e1lkoztak, besz\u00e9lgettek di\u00e1kjainkkal. Kedden k\u00e9t alkalommal is elhangzott\u00a0 Kurdics Mih\u00e1ly nyugalmazott rend\u0151r alezredes Drogmegel\u0151z\u00e9s, azaz hogyan mondj nemet c\u00edm\u0171 lebilincsel\u0151 el\u0151ad\u00e1sa, p\u00e9nteken pedig egy p\u00e9nz\u00fcgyi tudatoss\u00e1got fejleszt\u0151 workshopra ker\u00fclt sor. Nagy sikere volt a Lenn\u00e9k valaki\u00e9 (Ady Endre v\u00e1logatott verseinek szimfonikus zenekarra \u00edrt \u00e1tirata) c\u00edm\u0171 keddi el\u0151ad\u00e1snak is, amelyre iskol\u00e1nk t\u00e1mogat\u00e1s\u00e1nak k\u00f6sz\u00f6nhet\u0151en egy busznyi di\u00e1kunk l\u00e1togathatott el Kom\u00e1romba. Rendezv\u00e9nyeink sor\u00e1t p\u00e9nteken az Angol nyelvi olimpia iskolai fordul\u00f3j\u00e1ra z\u00e1rta.<\/span><\/h3>\n<h3 style=\"text-align: justify;\"><span style=\"font-family: tahoma, arial, helvetica, sans-serif;\">Az Akad\u00e9miai h\u00e9ten mindenki tal\u00e1lhatott \u00e9rdekl\u0151d\u00e9si k\u00f6r\u00e9nek megfelel\u0151 programot, nem hi\u00e1nyzott a sz\u00f3rakoz\u00e1s, de fontos szerepet j\u00e1tszott a szakmais\u00e1g, az idegennyelv-ismeret, a kult\u00fara, a l\u00e9lektan \u00e9s a drogmegel\u0151z\u00e9s is. Terveink szerint j\u00f6v\u0151re ism\u00e9t megrendezz\u00fck az Akad\u00e9miai hetet a mostanihoz hasonl\u00f3 gazdag programk\u00edn\u00e1lattal.<\/span><\/h3>\n<h3 style=\"text-align: right;\"><span style=\"font-family: tahoma, arial, helvetica, sans-serif;\"><em>Papp L\u00e1szl\u00f3<\/em>, az iskola tan\u00e1ra<\/span><\/h3>\n<h3 style=\"text-align: justify;\"><span style=\"font-family: tahoma, arial, helvetica, sans-serif; font-size: 18pt; color: #ff6600;\"><strong>Tradi\u010dn\u00fd Akademick\u00fd t\u00fd\u017ede\u0148 a\u00a0po\u010detn\u00e9 mno\u017estvo programov<\/strong><\/span><\/h3>\n<h3 style=\"text-align: justify;\"><span style=\"font-family: tahoma, arial, helvetica, sans-serif;\">Na ve\u013ekomederskej Obchodnej akad\u00e9mii sa po mnoh\u00fdkr\u00e1t uskuto\u010dnila v d\u0148och 14. \u2013 18. novembra 2022 udalos\u0165 naz\u00fdvan\u00e1 Akademick\u00fdm t\u00fd\u017ed\u0148om, ktor\u00e1 mala bohat\u00fd program. V d\u00f4sledku pand\u00e9mie dva roky sme nemali mo\u017enos\u0165 organizova\u0165 toto podujatie. Na na\u0161u ve\u013ek\u00fa rados\u0165 tento rok v\u0161ednos\u0165 jesenn\u00fdch dn\u00ed spestrila bohat\u00e1 n\u00e1dielka programov. Tento t\u00fd\u017ede\u0148 sa konali ob\u013e\u00faben\u00e9 \u0161tudentsk\u00e9 programy, predn\u00e1\u0161ky, dom\u00e1ce s\u00fa\u0165a\u017ee cvi\u010dn\u00fdch firiem.<\/span><\/h3>\n<h3 style=\"text-align: justify;\"><span style=\"font-family: tahoma, arial, helvetica, sans-serif;\">V pondelok sa uskuto\u010dnilo v Mestskom kult\u00farnom stredisku Mateja Korv\u00edna vo Ve\u013ekom Mederi predstavenie nov\u00e9ho \u0161tudentsk\u00e9ho riadite\u013ea, ktor\u00fdm sa stal M\u00e1t\u00e9 Feh\u00e9r (III.C). Potom sa konalo odovzdanie cien dvom \u00fa\u010dastn\u00ed\u010dkam programu Medzin\u00e1rodn\u00e1 cena vojvodu z Edinburghu. Bogl\u00e1rka So\u00f3ky (III.C) dosiahla strieborn\u00fa \u00farove\u0148 a R\u00e9ka Csiba (II.B) z\u00edskala bronzov\u00fa \u00farove\u0148. Po ocenen\u00ed \u017eia\u010dok nasledoval z\u00e1bavn\u00fd imatrikula\u010dn\u00fd program prv\u00e1kov. Vo ve\u010dern\u00fdch hodin\u00e1ch sa \u017eiaci zab\u00e1vali na Plese bocianov. Pre prv\u00e1kov to bola vhodn\u00e1 pr\u00edle\u017eitos\u0165 skamar\u00e1ti\u0165\u00a0 sa so \u0161tudentmi z vy\u0161\u0161\u00edch ro\u010dn\u00edkov.<\/span><\/h3>\n<h3 style=\"text-align: justify;\"><span style=\"font-family: tahoma, arial, helvetica, sans-serif;\">Dom\u00e1ca s\u00fa\u0165a\u017e cvi\u010dn\u00fdch firiem prebehla v telocvi\u010dni na\u0161ej \u0161koly v d\u0148och 15. \u2013 16. novembra 2022, kde \u0161tvrt\u00e1ci predstavili svoje firmy, ktor\u00e9 si vytvorili sami a mali si mo\u017enos\u0165 vysk\u00fa\u0161a\u0165 svoje odborn\u00e9 schopnosti, jazykov\u00e9 znalosti, uk\u00e1za\u0165 dopodrobna vypracovan\u00e9 katal\u00f3gy, marketingov\u00e9 materi\u00e1ly a v\u00fdzdobu v\u00fdstavn\u00fdch st\u00e1nkov. Hlavn\u00fa cenu (The Best Practice Firm) vyhrala firma Rebrand, s. r. o., ktorej \u010dlenovia bud\u00fa reprezentova\u0165 na\u0161u \u0161kolu na Medzin\u00e1rodnej s\u00fa\u0165a\u017ei cvi\u010dn\u00fdch firiem v Gy\u0151ri. P\u00e1paiov\u00e1 Stella (Sweet Dream, s. r. o.) komunikovala najlep\u0161ie v slovenskom jazyku. Lelkes M\u00e1t\u00e9 (Rebrand, s.r. o.) komunikoval najlep\u0161ie v ma\u010farskom jazyku. R\u00f3zs\u00e1r R\u00e9ka (Rebrand, s. r. o.)komunikovala najlep\u0161ie v anglickom jazyku. Za najlep\u0161\u00ed n\u00e1pad tie\u017e bola ocenen\u00e1 firma Rebrand, s. r. o. Ocenenie za najlep\u0161\u00ed st\u00e1nok z\u00edskala firma Ole de Mare, s. r. o. Cenu obecenstva z\u00edskala firma Rebrand, s. r. o.<\/span><\/h3>\n<h3 style=\"text-align: justify;\"><span style=\"font-family: tahoma, arial, helvetica, sans-serif;\">Paralelne so s\u00fa\u0165a\u017eou cvi\u010dn\u00fdch firiem sa taktie\u017e po\u010das dvoch dn\u00ed uskuto\u010dnilo podujatie pod n\u00e1zvom Odborn\u00e9 predmety dokor\u00e1n. Rodi\u010dia a deviataci mali mo\u017enos\u0165 nazrie\u0165 do odbornej str\u00e1nky na\u0161ej \u0161koly. D\u00fafame, \u017ee z\u00e1ujemcov sme zaujali a presved\u010dili ich o v\u00fdbere \u010fal\u0161ieho \u0161t\u00fadia na na\u0161ej \u0161kole.<\/span><\/h3>\n<h3 style=\"text-align: justify;\"><span style=\"font-family: tahoma, arial, helvetica, sans-serif;\">Po\u010das Akademick\u00e9ho t\u00fd\u017ed\u0148a sa \u0161tudenti z\u00fa\u010dastnili na r\u00f4znych predn\u00e1\u0161kach, cvi\u010deniach a diskusi\u00e1ch, ktor\u00e9 sa uskuto\u010dnili pomocou pozvan\u00fdch host\u00ed. V pondelok sa stretli \u017eiaci\u00a0 so psychol\u00f3gmi. Motto d\u0148a bolo: \u201eKa\u017ed\u00fd je zodpovedn\u00fd za svoj osud.\u201c V utorok zav\u00edtal k n\u00e1m Mih\u00e1ly Kurdics z Ma\u010farska, ktor\u00fd mal zauj\u00edmav\u00fa predn\u00e1\u0161ku na protidrogov\u00fa t\u00e9mu. V piatok \u00a0\u00a0\u00a0\u00a0\u00a0\u00a0sa na\u0161i \u0161tvrt\u00e1ci z\u00fa\u010dastnili na workshope o finan\u010dnej gramotnosti. Nezabudnute\u013en\u00fd z\u00e1\u017eitok mali t\u00ed \u017eiaci, ktor\u00ed v utorok ve\u010der zav\u00edtali do Kom\u00e1rna a v Mestskom kult\u00farnom stredisku B\u00e9ni Egressyho videli liter\u00e1rne p\u00e1smo spojen\u00e9 s hudbou z po\u00e9zie Endre Adyho. Program t\u00fd\u017ed\u0148a uzavrela Olympi\u00e1da v anglickom jazyku.<\/span><\/h3>\n<h3 style=\"text-align: justify;\"><span style=\"font-family: tahoma, arial, helvetica, sans-serif;\">V\u00a0priebehu Akademick\u00e9ho t\u00fd\u017ed\u0148a si ka\u017ed\u00fd mohol vybra\u0165 tak\u00fd program, ktor\u00fd najviac zodpoved\u00e1 jeho naturelu. Pl\u00e1nujeme podobn\u00fd program organizova\u0165 aj v\u00a0bud\u00facom \u0161kolskom roku.<\/span><\/h3>\n<h3 style=\"text-align: right;\"><span style=\"font-family: tahoma, arial, helvetica, sans-serif;\"><em>Mgr. Helena M\u00e9sz\u00e1rosov\u00e1<\/em>, u\u010dite\u013eka \u0161koly<\/span><\/h3>\n<h3 style=\"text-align: left;\"><span style=\"font-family: tahoma, arial, helvetica, sans-serif;\"><div id=\"metaslider-id-7179\" style=\"width: 100%; margin: 0 auto;\" class=\"ml-slider-3-23-0 metaslider metaslider-flex metaslider-7179 ml-slider nav-hidden\">\n    <div id=\"metaslider_container_7179\">\n        <div id=\"metaslider_7179\">\n            <ul aria-live=\"polite\" class=\"slides\">\n                <li style=\"display: block; width: 100%;\" class=\"slide-7204 ms-image\"><img width=\"800\" height=\"600\" src=\"http:\/\/www.oagvm.sk\/wphirfolyam\/wp-content\/uploads\/2022\/11\/akad_het-01.jpg\" class=\"slider-7179 slide-7204\" alt=\"\" loading=\"lazy\" rel=\"\" title=\"akad_het-01\" srcset=\"http:\/\/www.oagvm.sk\/wphirfolyam\/wp-content\/uploads\/2022\/11\/akad_het-01.jpg 800w, http:\/\/www.oagvm.sk\/wphirfolyam\/wp-content\/uploads\/2022\/11\/akad_het-01-300x225.jpg 300w, http:\/\/www.oagvm.sk\/wphirfolyam\/wp-content\/uploads\/2022\/11\/akad_het-01-768x576.jpg 768w\" sizes=\"(max-width: 800px) 100vw, 800px\" \/><\/li>\n                <li style=\"display: none; width: 100%;\" class=\"slide-7205 ms-image\"><img width=\"800\" height=\"600\" src=\"http:\/\/www.oagvm.sk\/wphirfolyam\/wp-content\/uploads\/2022\/11\/akad_het-02.jpg\" class=\"slider-7179 slide-7205\" alt=\"\" loading=\"lazy\" rel=\"\" title=\"akad_het-02\" srcset=\"http:\/\/www.oagvm.sk\/wphirfolyam\/wp-content\/uploads\/2022\/11\/akad_het-02.jpg 800w, http:\/\/www.oagvm.sk\/wphirfolyam\/wp-content\/uploads\/2022\/11\/akad_het-02-300x225.jpg 300w, http:\/\/www.oagvm.sk\/wphirfolyam\/wp-content\/uploads\/2022\/11\/akad_het-02-768x576.jpg 768w\" sizes=\"(max-width: 800px) 100vw, 800px\" \/><\/li>\n                <li style=\"display: none; width: 100%;\" class=\"slide-7206 ms-image\"><img width=\"800\" height=\"533\" src=\"http:\/\/www.oagvm.sk\/wphirfolyam\/wp-content\/uploads\/2022\/11\/akad_het-03.jpg\" class=\"slider-7179 slide-7206\" alt=\"\" loading=\"lazy\" rel=\"\" title=\"akad_het-03\" srcset=\"http:\/\/www.oagvm.sk\/wphirfolyam\/wp-content\/uploads\/2022\/11\/akad_het-03.jpg 800w, http:\/\/www.oagvm.sk\/wphirfolyam\/wp-content\/uploads\/2022\/11\/akad_het-03-300x200.jpg 300w, http:\/\/www.oagvm.sk\/wphirfolyam\/wp-content\/uploads\/2022\/11\/akad_het-03-768x512.jpg 768w\" sizes=\"(max-width: 800px) 100vw, 800px\" \/><\/li>\n                <li style=\"display: none; width: 100%;\" class=\"slide-7207 ms-image\"><img width=\"800\" height=\"450\" src=\"http:\/\/www.oagvm.sk\/wphirfolyam\/wp-content\/uploads\/2022\/11\/akad_het-04.jpg\" class=\"slider-7179 slide-7207\" alt=\"\" loading=\"lazy\" rel=\"\" title=\"akad_het-04\" srcset=\"http:\/\/www.oagvm.sk\/wphirfolyam\/wp-content\/uploads\/2022\/11\/akad_het-04.jpg 800w, http:\/\/www.oagvm.sk\/wphirfolyam\/wp-content\/uploads\/2022\/11\/akad_het-04-300x169.jpg 300w, http:\/\/www.oagvm.sk\/wphirfolyam\/wp-content\/uploads\/2022\/11\/akad_het-04-768x432.jpg 768w\" sizes=\"(max-width: 800px) 100vw, 800px\" \/><\/li>\n                <li style=\"display: none; width: 100%;\" class=\"slide-7208 ms-image\"><img width=\"800\" height=\"533\" src=\"http:\/\/www.oagvm.sk\/wphirfolyam\/wp-content\/uploads\/2022\/11\/akad_het-05.jpg\" class=\"slider-7179 slide-7208\" alt=\"\" loading=\"lazy\" rel=\"\" title=\"akad_het-05\" srcset=\"http:\/\/www.oagvm.sk\/wphirfolyam\/wp-content\/uploads\/2022\/11\/akad_het-05.jpg 800w, http:\/\/www.oagvm.sk\/wphirfolyam\/wp-content\/uploads\/2022\/11\/akad_het-05-300x200.jpg 300w, http:\/\/www.oagvm.sk\/wphirfolyam\/wp-content\/uploads\/2022\/11\/akad_het-05-768x512.jpg 768w\" sizes=\"(max-width: 800px) 100vw, 800px\" \/><\/li>\n                <li style=\"display: none; width: 100%;\" class=\"slide-7209 ms-image\"><img width=\"800\" height=\"636\" src=\"http:\/\/www.oagvm.sk\/wphirfolyam\/wp-content\/uploads\/2022\/11\/akad_het-06.jpg\" class=\"slider-7179 slide-7209\" alt=\"\" loading=\"lazy\" rel=\"\" title=\"akad_het-06\" srcset=\"http:\/\/www.oagvm.sk\/wphirfolyam\/wp-content\/uploads\/2022\/11\/akad_het-06.jpg 800w, http:\/\/www.oagvm.sk\/wphirfolyam\/wp-content\/uploads\/2022\/11\/akad_het-06-300x239.jpg 300w, http:\/\/www.oagvm.sk\/wphirfolyam\/wp-content\/uploads\/2022\/11\/akad_het-06-768x611.jpg 768w\" sizes=\"(max-width: 800px) 100vw, 800px\" \/><\/li>\n                <li style=\"display: none; width: 100%;\" class=\"slide-7210 ms-image\"><img width=\"800\" height=\"533\" src=\"http:\/\/www.oagvm.sk\/wphirfolyam\/wp-content\/uploads\/2022\/11\/akad_het-07.jpg\" class=\"slider-7179 slide-7210\" alt=\"\" loading=\"lazy\" rel=\"\" title=\"akad_het-07\" srcset=\"http:\/\/www.oagvm.sk\/wphirfolyam\/wp-content\/uploads\/2022\/11\/akad_het-07.jpg 800w, http:\/\/www.oagvm.sk\/wphirfolyam\/wp-content\/uploads\/2022\/11\/akad_het-07-300x200.jpg 300w, http:\/\/www.oagvm.sk\/wphirfolyam\/wp-content\/uploads\/2022\/11\/akad_het-07-768x512.jpg 768w\" sizes=\"(max-width: 800px) 100vw, 800px\" \/><\/li>\n                <li style=\"display: none; width: 100%;\" class=\"slide-7211 ms-image\"><img width=\"800\" height=\"533\" src=\"http:\/\/www.oagvm.sk\/wphirfolyam\/wp-content\/uploads\/2022\/11\/akad_het-08.jpg\" class=\"slider-7179 slide-7211\" alt=\"\" loading=\"lazy\" rel=\"\" title=\"akad_het-08\" srcset=\"http:\/\/www.oagvm.sk\/wphirfolyam\/wp-content\/uploads\/2022\/11\/akad_het-08.jpg 800w, http:\/\/www.oagvm.sk\/wphirfolyam\/wp-content\/uploads\/2022\/11\/akad_het-08-300x200.jpg 300w, http:\/\/www.oagvm.sk\/wphirfolyam\/wp-content\/uploads\/2022\/11\/akad_het-08-768x512.jpg 768w\" sizes=\"(max-width: 800px) 100vw, 800px\" \/><\/li>\n                <li style=\"display: none; width: 100%;\" class=\"slide-7212 ms-image\"><img width=\"800\" height=\"522\" src=\"http:\/\/www.oagvm.sk\/wphirfolyam\/wp-content\/uploads\/2022\/11\/akad_het-09.jpg\" class=\"slider-7179 slide-7212\" alt=\"\" loading=\"lazy\" rel=\"\" title=\"akad_het-09\" srcset=\"http:\/\/www.oagvm.sk\/wphirfolyam\/wp-content\/uploads\/2022\/11\/akad_het-09.jpg 800w, http:\/\/www.oagvm.sk\/wphirfolyam\/wp-content\/uploads\/2022\/11\/akad_het-09-300x196.jpg 300w, http:\/\/www.oagvm.sk\/wphirfolyam\/wp-content\/uploads\/2022\/11\/akad_het-09-768x501.jpg 768w\" sizes=\"(max-width: 800px) 100vw, 800px\" \/><\/li>\n                <li style=\"display: none; width: 100%;\" class=\"slide-7213 ms-image\"><img width=\"800\" height=\"600\" src=\"http:\/\/www.oagvm.sk\/wphirfolyam\/wp-content\/uploads\/2022\/11\/akad_het-10.jpg\" class=\"slider-7179 slide-7213\" alt=\"\" loading=\"lazy\" rel=\"\" title=\"akad_het-10\" srcset=\"http:\/\/www.oagvm.sk\/wphirfolyam\/wp-content\/uploads\/2022\/11\/akad_het-10.jpg 800w, http:\/\/www.oagvm.sk\/wphirfolyam\/wp-content\/uploads\/2022\/11\/akad_het-10-300x225.jpg 300w, http:\/\/www.oagvm.sk\/wphirfolyam\/wp-content\/uploads\/2022\/11\/akad_het-10-768x576.jpg 768w\" sizes=\"(max-width: 800px) 100vw, 800px\" \/><\/li>\n                <li style=\"display: none; width: 100%;\" class=\"slide-7214 ms-image\"><img width=\"800\" height=\"600\" src=\"http:\/\/www.oagvm.sk\/wphirfolyam\/wp-content\/uploads\/2022\/11\/akad_het-11.jpg\" class=\"slider-7179 slide-7214\" alt=\"\" loading=\"lazy\" rel=\"\" title=\"akad_het-11\" srcset=\"http:\/\/www.oagvm.sk\/wphirfolyam\/wp-content\/uploads\/2022\/11\/akad_het-11.jpg 800w, http:\/\/www.oagvm.sk\/wphirfolyam\/wp-content\/uploads\/2022\/11\/akad_het-11-300x225.jpg 300w, http:\/\/www.oagvm.sk\/wphirfolyam\/wp-content\/uploads\/2022\/11\/akad_het-11-768x576.jpg 768w\" sizes=\"(max-width: 800px) 100vw, 800px\" \/><\/li>\n                <li style=\"display: none; width: 100%;\" class=\"slide-7215 ms-image\"><img width=\"800\" height=\"600\" src=\"http:\/\/www.oagvm.sk\/wphirfolyam\/wp-content\/uploads\/2022\/11\/akad_het-12.jpg\" class=\"slider-7179 slide-7215\" alt=\"\" loading=\"lazy\" rel=\"\" title=\"akad_het-12\" srcset=\"http:\/\/www.oagvm.sk\/wphirfolyam\/wp-content\/uploads\/2022\/11\/akad_het-12.jpg 800w, http:\/\/www.oagvm.sk\/wphirfolyam\/wp-content\/uploads\/2022\/11\/akad_het-12-300x225.jpg 300w, http:\/\/www.oagvm.sk\/wphirfolyam\/wp-content\/uploads\/2022\/11\/akad_het-12-768x576.jpg 768w\" sizes=\"(max-width: 800px) 100vw, 800px\" \/><\/li>\n                <li style=\"display: none; width: 100%;\" class=\"slide-7216 ms-image\"><img width=\"800\" height=\"600\" src=\"http:\/\/www.oagvm.sk\/wphirfolyam\/wp-content\/uploads\/2022\/11\/akad_het-13.jpg\" class=\"slider-7179 slide-7216\" alt=\"\" loading=\"lazy\" rel=\"\" title=\"akad_het-13\" srcset=\"http:\/\/www.oagvm.sk\/wphirfolyam\/wp-content\/uploads\/2022\/11\/akad_het-13.jpg 800w, http:\/\/www.oagvm.sk\/wphirfolyam\/wp-content\/uploads\/2022\/11\/akad_het-13-300x225.jpg 300w, http:\/\/www.oagvm.sk\/wphirfolyam\/wp-content\/uploads\/2022\/11\/akad_het-13-768x576.jpg 768w\" sizes=\"(max-width: 800px) 100vw, 800px\" \/><\/li>\n                <li style=\"display: none; width: 100%;\" class=\"slide-7217 ms-image\"><img width=\"641\" height=\"800\" src=\"http:\/\/www.oagvm.sk\/wphirfolyam\/wp-content\/uploads\/2022\/11\/akad_het-14.jpg\" class=\"slider-7179 slide-7217\" alt=\"\" loading=\"lazy\" rel=\"\" title=\"akad_het-14\" srcset=\"http:\/\/www.oagvm.sk\/wphirfolyam\/wp-content\/uploads\/2022\/11\/akad_het-14.jpg 641w, http:\/\/www.oagvm.sk\/wphirfolyam\/wp-content\/uploads\/2022\/11\/akad_het-14-240x300.jpg 240w\" sizes=\"(max-width: 641px) 100vw, 641px\" \/><\/li>\n                <li style=\"display: none; width: 100%;\" class=\"slide-7218 ms-image\"><img width=\"792\" height=\"800\" src=\"http:\/\/www.oagvm.sk\/wphirfolyam\/wp-content\/uploads\/2022\/11\/akad_het-15.jpg\" class=\"slider-7179 slide-7218\" alt=\"\" loading=\"lazy\" rel=\"\" title=\"akad_het-15\" srcset=\"http:\/\/www.oagvm.sk\/wphirfolyam\/wp-content\/uploads\/2022\/11\/akad_het-15.jpg 792w, http:\/\/www.oagvm.sk\/wphirfolyam\/wp-content\/uploads\/2022\/11\/akad_het-15-297x300.jpg 297w, http:\/\/www.oagvm.sk\/wphirfolyam\/wp-content\/uploads\/2022\/11\/akad_het-15-768x776.jpg 768w\" sizes=\"(max-width: 792px) 100vw, 792px\" \/><\/li>\n                <li style=\"display: none; width: 100%;\" class=\"slide-7219 ms-image\"><img width=\"600\" height=\"800\" src=\"http:\/\/www.oagvm.sk\/wphirfolyam\/wp-content\/uploads\/2022\/11\/akad_het-16.jpg\" class=\"slider-7179 slide-7219\" alt=\"\" loading=\"lazy\" rel=\"\" title=\"akad_het-16\" srcset=\"http:\/\/www.oagvm.sk\/wphirfolyam\/wp-content\/uploads\/2022\/11\/akad_het-16.jpg 600w, http:\/\/www.oagvm.sk\/wphirfolyam\/wp-content\/uploads\/2022\/11\/akad_het-16-225x300.jpg 225w\" sizes=\"(max-width: 600px) 100vw, 600px\" \/><\/li>\n                <li style=\"display: none; width: 100%;\" class=\"slide-7220 ms-image\"><img width=\"800\" height=\"600\" src=\"http:\/\/www.oagvm.sk\/wphirfolyam\/wp-content\/uploads\/2022\/11\/akad_het-17.jpg\" class=\"slider-7179 slide-7220\" alt=\"\" loading=\"lazy\" rel=\"\" title=\"akad_het-17\" srcset=\"http:\/\/www.oagvm.sk\/wphirfolyam\/wp-content\/uploads\/2022\/11\/akad_het-17.jpg 800w, http:\/\/www.oagvm.sk\/wphirfolyam\/wp-content\/uploads\/2022\/11\/akad_het-17-300x225.jpg 300w, http:\/\/www.oagvm.sk\/wphirfolyam\/wp-content\/uploads\/2022\/11\/akad_het-17-768x576.jpg 768w\" sizes=\"(max-width: 800px) 100vw, 800px\" \/><\/li>\n                <li style=\"display: none; width: 100%;\" class=\"slide-7221 ms-image\"><img width=\"800\" height=\"489\" src=\"http:\/\/www.oagvm.sk\/wphirfolyam\/wp-content\/uploads\/2022\/11\/akad_het-18.jpg\" class=\"slider-7179 slide-7221\" alt=\"\" loading=\"lazy\" rel=\"\" title=\"akad_het-18\" srcset=\"http:\/\/www.oagvm.sk\/wphirfolyam\/wp-content\/uploads\/2022\/11\/akad_het-18.jpg 800w, http:\/\/www.oagvm.sk\/wphirfolyam\/wp-content\/uploads\/2022\/11\/akad_het-18-300x183.jpg 300w, http:\/\/www.oagvm.sk\/wphirfolyam\/wp-content\/uploads\/2022\/11\/akad_het-18-768x469.jpg 768w\" sizes=\"(max-width: 800px) 100vw, 800px\" \/><\/li>\n                <li style=\"display: none; width: 100%;\" class=\"slide-7222 ms-image\"><img width=\"800\" height=\"450\" src=\"http:\/\/www.oagvm.sk\/wphirfolyam\/wp-content\/uploads\/2022\/11\/akad_het-19.jpg\" class=\"slider-7179 slide-7222\" alt=\"\" loading=\"lazy\" rel=\"\" title=\"akad_het-19\" srcset=\"http:\/\/www.oagvm.sk\/wphirfolyam\/wp-content\/uploads\/2022\/11\/akad_het-19.jpg 800w, http:\/\/www.oagvm.sk\/wphirfolyam\/wp-content\/uploads\/2022\/11\/akad_het-19-300x169.jpg 300w, http:\/\/www.oagvm.sk\/wphirfolyam\/wp-content\/uploads\/2022\/11\/akad_het-19-768x432.jpg 768w\" sizes=\"(max-width: 800px) 100vw, 800px\" \/><\/li>\n                <li style=\"display: none; width: 100%;\" class=\"slide-7223 ms-image\"><img width=\"800\" height=\"600\" src=\"http:\/\/www.oagvm.sk\/wphirfolyam\/wp-content\/uploads\/2022\/11\/akad_het-20.jpg\" class=\"slider-7179 slide-7223\" alt=\"\" loading=\"lazy\" rel=\"\" title=\"akad_het-20\" srcset=\"http:\/\/www.oagvm.sk\/wphirfolyam\/wp-content\/uploads\/2022\/11\/akad_het-20.jpg 800w, http:\/\/www.oagvm.sk\/wphirfolyam\/wp-content\/uploads\/2022\/11\/akad_het-20-300x225.jpg 300w, http:\/\/www.oagvm.sk\/wphirfolyam\/wp-content\/uploads\/2022\/11\/akad_het-20-768x576.jpg 768w\" sizes=\"(max-width: 800px) 100vw, 800px\" \/><\/li>\n                <li style=\"display: none; width: 100%;\" class=\"slide-7224 ms-image\"><img width=\"800\" height=\"600\" src=\"http:\/\/www.oagvm.sk\/wphirfolyam\/wp-content\/uploads\/2022\/11\/akad_het-21.jpg\" class=\"slider-7179 slide-7224\" alt=\"\" loading=\"lazy\" rel=\"\" title=\"akad_het-21\" srcset=\"http:\/\/www.oagvm.sk\/wphirfolyam\/wp-content\/uploads\/2022\/11\/akad_het-21.jpg 800w, http:\/\/www.oagvm.sk\/wphirfolyam\/wp-content\/uploads\/2022\/11\/akad_het-21-300x225.jpg 300w, http:\/\/www.oagvm.sk\/wphirfolyam\/wp-content\/uploads\/2022\/11\/akad_het-21-768x576.jpg 768w\" sizes=\"(max-width: 800px) 100vw, 800px\" \/><\/li>\n                <li style=\"display: none; width: 100%;\" class=\"slide-7225 ms-image\"><img width=\"568\" height=\"800\" src=\"http:\/\/www.oagvm.sk\/wphirfolyam\/wp-content\/uploads\/2022\/11\/akad_het-22.jpg\" class=\"slider-7179 slide-7225\" alt=\"\" loading=\"lazy\" rel=\"\" title=\"akad_het-22\" srcset=\"http:\/\/www.oagvm.sk\/wphirfolyam\/wp-content\/uploads\/2022\/11\/akad_het-22.jpg 568w, http:\/\/www.oagvm.sk\/wphirfolyam\/wp-content\/uploads\/2022\/11\/akad_het-22-213x300.jpg 213w\" sizes=\"(max-width: 568px) 100vw, 568px\" \/><\/li>\n                <li style=\"display: none; width: 100%;\" class=\"slide-7226 ms-image\"><img width=\"800\" height=\"533\" src=\"http:\/\/www.oagvm.sk\/wphirfolyam\/wp-content\/uploads\/2022\/11\/akad_het-23.jpg\" class=\"slider-7179 slide-7226\" alt=\"\" loading=\"lazy\" rel=\"\" title=\"akad_het-23\" srcset=\"http:\/\/www.oagvm.sk\/wphirfolyam\/wp-content\/uploads\/2022\/11\/akad_het-23.jpg 800w, http:\/\/www.oagvm.sk\/wphirfolyam\/wp-content\/uploads\/2022\/11\/akad_het-23-300x200.jpg 300w, http:\/\/www.oagvm.sk\/wphirfolyam\/wp-content\/uploads\/2022\/11\/akad_het-23-768x512.jpg 768w\" sizes=\"(max-width: 800px) 100vw, 800px\" \/><\/li>\n                <li style=\"display: none; width: 100%;\" class=\"slide-7227 ms-image\"><img width=\"800\" height=\"481\" src=\"http:\/\/www.oagvm.sk\/wphirfolyam\/wp-content\/uploads\/2022\/11\/akad_het-24.jpg\" class=\"slider-7179 slide-7227\" alt=\"\" loading=\"lazy\" rel=\"\" title=\"akad_het-24\" srcset=\"http:\/\/www.oagvm.sk\/wphirfolyam\/wp-content\/uploads\/2022\/11\/akad_het-24.jpg 800w, http:\/\/www.oagvm.sk\/wphirfolyam\/wp-content\/uploads\/2022\/11\/akad_het-24-300x180.jpg 300w, http:\/\/www.oagvm.sk\/wphirfolyam\/wp-content\/uploads\/2022\/11\/akad_het-24-768x462.jpg 768w\" sizes=\"(max-width: 800px) 100vw, 800px\" \/><\/li>\n            <\/ul>\n        <\/div>\n        \n    <\/div>\n<\/div>\u00a0 \u00a0 \u00a0 \u00a0 \u00a0 \u00a0<\/span><\/h3>\n","protected":false},"excerpt":{"rendered":"<p>Akad\u00e9miai h\u00e9t \u00fajra t\u00f6ltve A Nagymegyeri Kereskedelmi Akad\u00e9mi\u00e1n \u2013 imm\u00e1r sokadik alkalommal \u2013 2022. november 14. \u00e9s 18. k\u00f6z\u00f6tt zajlottak az Akad\u00e9miai h\u00e9t esem\u00e9nyei. A vil\u00e1gj\u00e1rv\u00e1ny miatt az ut\u00f3bbi k\u00e9t esztend\u0151ben a di\u00e1ks\u00e1g k\u00f6r\u00e9ben oly n\u00e9pszer\u0171 rendezv\u00e9nysorozat sajnos elmaradt, de nagy \u00f6r\u00f6m\u00fcnkre ebben a tan\u00e9vben minden akad\u00e1ly elh\u00e1rult, \u00edgy \u00fajra megrendezhett\u00fck. Az Akad\u00e9miai h\u00e9t idei &#8230; <a title=\"Akad\u00e9miai h\u00e9t \u00fajra t\u00f6ltve &#8211; Tradi\u010dn\u00fd Akademick\u00fd t\u00fd\u017ede\u0148 a\u00a0po\u010detn\u00e9 mno\u017estvo programov\" class=\"read-more\" href=\"http:\/\/www.oagvm.sk\/wphirfolyam\/?p=7228\">Olvass tov\u00e1bb<span class=\"screen-reader-text\">Akad\u00e9miai h\u00e9t \u00fajra t\u00f6ltve &#8211; Tradi\u010dn\u00fd Akademick\u00fd t\u00fd\u017ede\u0148 a\u00a0po\u010detn\u00e9 mno\u017estvo programov<\/span><\/a><\/p>\n","protected":false},"author":1,"featured_media":0,"comment_status":"open","ping_status":"open","sticky":false,"template":"","format":"standard","meta":[],"categories":[26],"tags":[],"_links":{"self":[{"href":"http:\/\/www.oagvm.sk\/wphirfolyam\/index.php?rest_route=\/wp\/v2\/posts\/7228"}],"collection":[{"href":"http:\/\/www.oagvm.sk\/wphirfolyam\/index.php?rest_route=\/wp\/v2\/posts"}],"about":[{"href":"http:\/\/www.oagvm.sk\/wphirfolyam\/index.php?rest_route=\/wp\/v2\/types\/post"}],"author":[{"embeddable":true,"href":"http:\/\/www.oagvm.sk\/wphirfolyam\/index.php?rest_route=\/wp\/v2\/users\/1"}],"replies":[{"embeddable":true,"href":"http:\/\/www.oagvm.sk\/wphirfolyam\/index.php?rest_route=%2Fwp%2Fv2%2Fcomments&post=7228"}],"version-history":[{"count":2,"href":"http:\/\/www.oagvm.sk\/wphirfolyam\/index.php?rest_route=\/wp\/v2\/posts\/7228\/revisions"}],"predecessor-version":[{"id":7230,"href":"http:\/\/www.oagvm.sk\/wphirfolyam\/index.php?rest_route=\/wp\/v2\/posts\/7228\/revisions\/7230"}],"wp:attachment":[{"href":"http:\/\/www.oagvm.sk\/wphirfolyam\/index.php?rest_route=%2Fwp%2Fv2%2Fmedia&parent=7228"}],"wp:term":[{"taxonomy":"category","embeddable":true,"href":"http:\/\/www.oagvm.sk\/wphirfolyam\/index.php?rest_route=%2Fwp%2Fv2%2Fcategories&post=7228"},{"taxonomy":"post_tag","embeddable":true,"href":"http:\/\/www.oagvm.sk\/wphirfolyam\/index.php?rest_route=%2Fwp%2Fv2%2Ftags&post=7228"}],"curies":[{"name":"wp","href":"https:\/\/api.w.org\/{rel}","templated":true}]}}