{"id":98,"date":"2019-09-13T08:10:24","date_gmt":"2019-09-13T08:10:24","guid":{"rendered":"http:\/\/87.197.53.202\/wphirfolyam\/?p=98"},"modified":"2019-10-03T13:29:56","modified_gmt":"2019-10-03T11:29:56","slug":"%ef%bb%bfedinburgh-dijas-tanulo-nagymegyeren-uspech-v-programe-medzinarodna-cena-vojvodu-z-edinburghu","status":"publish","type":"post","link":"http:\/\/www.oagvm.sk\/wphirfolyam\/?p=98","title":{"rendered":"\ufeffEdinburgh-d\u00edjas tanul\u00f3 Nagymegyeren &#8211; \u00daspech v programe Medzin\u00e1rodn\u00e1 cena vojvodu z Edinburghu"},"content":{"rendered":"<div style=\"text-align: justify;\"><span style=\"font-size: large; color: #ff6600;\"><strong>Edinburgh-d\u00edjas tanul\u00f3 Nagymegyeren<\/strong>\u00a0<\/span><\/div>\n<div style=\"text-align: justify;\"><span style=\"font-size: medium;\">\u00a0<\/span><\/div>\n<div style=\"text-align: justify;\"><span style=\"font-size: medium;\">A Nagymegyeri Kereskedelmi Akad\u00e9mia \u2013 r\u00e9gi\u00f3nk els\u0151 k\u00f6z\u00e9piskol\u00e1jak\u00e9nt \u2013 a 2017\/2018-as tan\u00e9vben el\u0151sz\u00f6r kapcsol\u00f3dott be a fiatalok k\u00f6r\u00e9ben nagy n\u00e9pszer\u0171s\u00e9gnek \u00f6rvend\u0151, vil\u00e1gszerte elismert Edinburgh Hercege Nemzetk\u00f6zi D\u00edj (DofE) programba. A 14 \u00e9s 24 \u00e9v k\u00f6z\u00f6tti fiataloknak sz\u00f3l\u00f3 \u00f6nk\u00e9ntes program c\u00e9lja az \u00f6nfejleszt\u00e9sre, \u00f6n\u00e1ll\u00f3s\u00e1gra, gyakorlatiass\u00e1gra, kreativit\u00e1sra, v\u00e9gs\u0151 soron pedig a tartalmasabb \u00e9letre val\u00f3 t\u00f6rekv\u00e9s. A k\u00e9pz\u00e9snek h\u00e1rom egym\u00e1sra \u00e9p\u00fcl\u0151 \u00e9s egyre ig\u00e9nyesebb szintje van: a bronz, az ez\u00fcst \u00e9s v\u00e9g\u00fcl az arany fokozat. A programba bekapcsol\u00f3d\u00f3 fiatalok h\u00e1rom ter\u00fcleten \u2013 tehets\u00e9gfejleszt\u00e9s, sport, \u00f6nk\u00e9ntes t\u00e1rsadalmi munka \u2013 t\u0171znek ki maguk el\u00e9 egy\u00e9nileg el\u00e9rend\u0151 c\u00e9lokat, emellett k\u00e9t csoportos kalandt\u00far\u00e1t is teljes\u00edteni\u00fck kell. A felk\u00e9sz\u00fcl\u00e9sben, a c\u00e9lok megval\u00f3s\u00edt\u00e1s\u00e1ban feln\u0151ttek, szakavatott tan\u00e1rok \u00e9s mentorok seg\u00edtik a tanul\u00f3kat. Nem titok, hogy a h\u00f3napokig tart\u00f3 folyamat term\u00e9szetes velej\u00e1r\u00f3ja a lemorzsol\u00f3d\u00e1s is, mert c\u00e9lba csak a legelsz\u00e1ntabbak \u00e9rnek.\u00a0<\/span><\/div>\n<div style=\"text-align: justify;\"><span style=\"font-size: medium;\">Iskol\u00e1nk di\u00e1kjai k\u00f6z\u00fcl els\u0151k\u00e9nt Hegyi Dominiknak siker\u00fclt teljes\u00edtenie a bronz fokozat k\u00f6vetelm\u00e9nyeit. Elmond\u00e1sa szerint kulcsfontoss\u00e1g\u00fa, hogy a programban r\u00e9sztvev\u0151k j\u00f3l v\u00e9giggondolt, t\u00f6bb h\u00f3napos er\u0151fesz\u00edt\u00e9st ig\u00e9nyl\u0151, de teljes\u00edthet\u0151 egy\u00e9ni c\u00e9lokat t\u0171zzenek maguk el\u00e9. A t\u00fals\u00e1gosan k\u00f6nnyen teljes\u00edthet\u0151 c\u00e9lok ugyanis nem motiv\u00e1lnak, nincs fejleszt\u0151 hat\u00e1suk, a t\u00faldimenzion\u00e1lt c\u00e9lok teljes\u00edt\u00e9se pedig gyakran fiask\u00f3val v\u00e9gz\u0151dik. Dominik a tehets\u00e9gfejleszt\u00e9s ter\u00e9n azt t\u0171zte ki c\u00e9lul, hogy harmadikos tanul\u00f3k\u00e9nt \u2013 egy kisteheraut\u00f3val indulva \u2013 fuvaroz\u00e1ssal foglalkoz\u00f3 kisv\u00e1llalatot alap\u00edt, amit siker\u00fclt is teljes\u00edtenie, a c\u00e9g ma is m\u0171k\u00f6dik. A sport ter\u00e9n is teljes\u00edtette v\u00e1llal\u00e1s\u00e1t, lefutotta az \u00e1ltala kit\u0171z\u00f6tt 15 kilom\u00e9teres t\u00e1vot, \u00f6nk\u00e9ntesk\u00e9nt pedig k\u00f6rnyezetv\u00e9delmi programok el\u0151k\u00e9sz\u00edt\u00e9s\u00e9be \u00e9s megval\u00f3s\u00edt\u00e1s\u00e1ba is bekapcsol\u00f3dott. Mindemellett komoly testi-lelki pr\u00f3b\u00e1t \u00e9s felemel\u0151 \u00e9lm\u00e9nyt jelentettek sz\u00e1m\u00e1ra a program keret\u00e9ben teljes\u00edtett csoportos kalandt\u00far\u00e1k a Tribe\u010d \u00e9s Pilis hegys\u00e9gekben. Meg kell eml\u00edten\u00fcnk, hogy Dominikot iskol\u00e1nk t\u00f6bb tan\u00e1ra mentork\u00e9nt seg\u00edtette c\u00e9ljai el\u00e9r\u00e9s\u00e9ben. K\u00f6z\u00e9j\u00fck tartozott K\u00f3sa Katalin (a Nagymegyeri Kereskedelmi Akad\u00e9mi\u00e1n m\u0171k\u00f6d\u0151 DofE centrum koordin\u00e1tora), Jank\u00f3 Anik\u00f3 (a v\u00e1llalatalap\u00edt\u00e1s mentora), Kiss Klaudia (k\u00f6rnyezetv\u00e9delemi koordin\u00e1tor), Hossz\u00fa B\u00e9la (a kitart\u00f3 fut\u00e1s mentora), valamint Papp L\u00e1szl\u00f3 (a kalandt\u00far\u00e1k el\u0151k\u00e9sz\u00edt\u0151je).\u00a0<\/span><\/div>\n<div style=\"text-align: justify;\"><span style=\"font-size: medium;\">Hegyi Dominik teh\u00e1t c\u00e9lba \u00e9rt, teljes\u00edtm\u00e9ny\u00e9vel pedig ki\u00e9rdemelte a Edinburgh Hercege Nemzetk\u00f6zi D\u00edj bronz fokozat\u00e1t. A komoly preszt\u00edzs\u0171 d\u00edj \u00e1tad\u00e1s\u00e1ra egy nagyszab\u00e1s\u00fa cerem\u00f3nia kert\u00e9ben ker\u00fclt sor, amelyet 2019. szeptember 10-\u00e9n rendeztek a pozsonyi r\u00e9gi v\u00e1s\u00e1rcsarnokban. A d\u00edj\u00e1tad\u00f3t Zuzana \u010caputov\u00e1 k\u00f6zt\u00e1rsas\u00e1gi eln\u00f6k nyitotta meg, de besz\u00e9det mondott Nagy- Britannia szlov\u00e1kiai nagyk\u00f6vete, Andrew Garth is. A cerem\u00f3nia cs\u00facspontja a d\u00edj\u00e1tad\u00e1s volt,\u00a0 amelynek keret\u00e9ben t\u00f6bb mint 700 di\u00e1k vette \u00e1t\u00a0 jeles szem\u00e9lyis\u00e9gekt\u0151l a d\u00edj ez\u00fcst vagy bronz fokozat\u00e1t. \u00c9rdekess\u00e9gk\u00e9nt megeml\u00edtj\u00fck, hogy Dominiknak Richard Pavlikovsk\u00fd, olimpi\u00e1t \u00e9s vil\u00e1gbajnoks\u00e1got is megj\u00e1rt v\u00e1logatott j\u00e9gkorongoz\u00f3 adta \u00e1t a d\u00edjat. A cerem\u00f3ni\u00e1n iskol\u00e1nkat Horv\u00e1th Erzs\u00e9bet igazgat\u00f3n\u0151, valamint K\u00f3sa Katalin \u00e9s Papp L\u00e1szl\u00f3 k\u00e9pviselte. A megtisztel\u0151 d\u00edjhoz sz\u00edvb\u0151l gratul\u00e1lunk, \u00e9s rem\u00e9lj\u00fck, hogy Dominik az \u00e9letben is kamatoztatni tudja majd edinburgh-os tapasztalatait. \u00a0\u00a0<\/span><\/div>\n<div style=\"text-align: justify;\"><span style=\"font-size: medium;\">\u00a0<\/span><\/div>\n<div style=\"text-align: justify;\"><span style=\"font-size: medium;\"><em>Papp L\u00e1szl\u00f3<\/em>, felk\u00e9sz\u00edt\u0151 tan\u00e1r<\/span><\/div>\n<div style=\"text-align: justify;\"><span style=\"font-size: medium;\">\u00a0<\/span><\/div>\n<div style=\"text-align: justify;\"><span style=\"font-size: large; color: #ff6600;\"><strong>\u00daspech v\u00a0programe Medzin\u00e1rodn\u00e1 cena vojvodu z\u00a0Edinburghu<\/strong>\u00a0<\/span><\/div>\n<div style=\"text-align: justify;\"><span style=\"font-size: medium;\">\u00a0<\/span><\/div>\n<div style=\"text-align: justify;\"><span style=\"font-size: medium;\">Obchodn\u00e1 akad\u00e9mia vo Ve\u013ekom Mederi sa te\u0161\u00ed z\u00a0\u010fal\u0161ieho \u0161tudentsk\u00e9ho \u00faspechu. \u010cerstvo zmaturovan\u00fd \u0161tudent, Dominik Hegyi, \u00faspe\u0161ne dokon\u010dil program Medzin\u00e1rodn\u00e1 cena vojvodu z\u00a0Edinburghu, ktor\u00fd poskytuje aj na\u0161a \u0161kola ako miestne centrum.\u00a0 10. septembra sa uskuto\u010dnila sl\u00e1vnostn\u00e1 cerem\u00f3nia odovzd\u00e1vania cien v\u00a0Bratislave v\u00a0Starej tr\u017enici. Bolo ocenen\u00fdch viac ako 600 \u0161tudentov z\u00a0r\u00f4znych krajov Slovenska a\u00a0medzi ocenen\u00fdmi \u0161tudentmi bol aj Dominik Hegyi, ktor\u00fd obdr\u017eal svoju bronzov\u00fa cenu za svoju usilovnos\u0165 a\u00a0vytrvalos\u0165.\u00a0<\/span><\/div>\n<div style=\"text-align: justify;\"><span style=\"font-size: medium;\">Sl\u00e1vnostn\u00fa cerem\u00f3niu otvorila prezidentka Slovenskej republiky, Zuzana \u010caputov\u00e1, svoj\u00edm uznanliv\u00fdm a\u00a0povzbudzuj\u00facim pr\u00edhovorom. Ve\u013evyslanec Spojen\u00e9ho kr\u00e1\u013eovstva na Slovensku, Andrew Garth, sa tie\u017e v\u00a0angli\u010dtine prihovoril v\u0161etk\u00fdm pr\u00edtomn\u00fdm, chv\u00e1lil \u0161tudentov za ich snahu pracova\u0165 na sebe a\u00a0z\u00edskava\u0165 nov\u00e9 vedomosti a\u00a0sk\u00fasenosti a\u00a0tie\u017e sa po\u010fakoval miestnym centr\u00e1m za podporovanie programu. Po spolo\u010dn\u00fdch pr\u00edhovoroch sa za\u010dalo odovzd\u00e1vanie cien v\u00a0men\u0161\u00edch skupink\u00e1ch a\u00a0do\u00a0ka\u017edej skupinky bola pozvan\u00e1 zn\u00e1ma osobnos\u0165. Skupina v\u00a0ktorej bol n\u00e1\u0161 \u0161tudent ocenen\u00fd mala za hos\u0165a zn\u00e1meho hokejistu, Richarda Pavlikovsk\u00e9ho.\u00a0<\/span><\/div>\n<div style=\"text-align: justify;\"><span style=\"font-size: medium;\">Dominik Hegyi sa o\u00a0bronzov\u00fa medailu pri\u010dinil sebarozvojom v\u00a0\u0161tyroch oblastiach. V\u00a0\u0161portovej oblasti zabehol 15 km naraz.\u00a0 V\u00a0oblasti zru\u010dnosti zalo\u017eil s.r.o. a v\u00a0dobrovo\u013en\u00edctve sa podie\u013eal na \u010distej\u0161om \u017eivotnom prostred\u00ed. Dobrodru\u017en\u00fa exped\u00edciu absolvoval s\u00a0\u010fal\u0161\u00edmi dof\u00e1kmi v\u00a0okol\u00ed obc\u00ed Jelenec a\u00a0Kosto\u013eany pod Tribe\u010dom, kde si pozreli kult\u00farno-historick\u00e9 pamiatky a\u00a0jednu noc str\u00e1vili v\u00a0pr\u00edrode v\u00a0stanoch.\u00a0<\/span><\/div>\n<div style=\"text-align: justify;\"><span style=\"font-size: medium;\">Sl\u00e1vnostn\u00e9 pr\u00edhovory a\u00a0form\u00e1lne oble\u010denie dod\u00e1vaj\u00fa sl\u00e1vnostn\u00fa atmosf\u00e9ru v\u0161etk\u00fdm udalostiam a\u00a0cerem\u00f3ni\u00e1m, ale jedine\u010dn\u00fa atmosf\u00e9ru odovzd\u00e1vania cien vojvodu z\u00a0Edinburghu vytvorilo \u0161\u0165astn\u00e9 vy\u017earovanie zo \u017eiakov pln\u00e9 sebare\u0161pektu, vyrovnanosti a\u00a0spokojnosti. Gratulujeme v\u0161etk\u00fdm absolventom.\u00a0<\/span><\/div>\n<div style=\"text-align: justify;\"><span style=\"font-size: medium;\">\u00a0<\/span><\/div>\n<div><div id=\"metaslider-id-73\" style=\"max-width: 600px; margin: 0 auto;\" class=\"ml-slider-3-23-0 metaslider metaslider-flex metaslider-73 ml-slider nav-hidden\">\n    <div id=\"metaslider_container_73\">\n        <div id=\"metaslider_73\">\n            <ul aria-live=\"polite\" class=\"slides\">\n                <li style=\"display: block; width: 100%;\" class=\"slide-86 ms-image\"><img width=\"600\" height=\"600\" src=\"http:\/\/www.oagvm.sk\/wphirfolyam\/wp-content\/uploads\/2019\/10\/edinburgh-01.jpg\" class=\"slider-73 slide-86\" alt=\"\" loading=\"lazy\" rel=\"\" title=\"edinburgh-01\" srcset=\"http:\/\/www.oagvm.sk\/wphirfolyam\/wp-content\/uploads\/2019\/10\/edinburgh-01.jpg 600w, http:\/\/www.oagvm.sk\/wphirfolyam\/wp-content\/uploads\/2019\/10\/edinburgh-01-150x150.jpg 150w, http:\/\/www.oagvm.sk\/wphirfolyam\/wp-content\/uploads\/2019\/10\/edinburgh-01-300x300.jpg 300w\" sizes=\"(max-width: 600px) 100vw, 600px\" \/><\/li>\n                <li style=\"display: none; width: 100%;\" class=\"slide-87 ms-image\"><img width=\"600\" height=\"600\" src=\"http:\/\/www.oagvm.sk\/wphirfolyam\/wp-content\/uploads\/2019\/10\/edinburgh-02.jpg\" class=\"slider-73 slide-87\" alt=\"\" loading=\"lazy\" rel=\"\" title=\"edinburgh-02\" srcset=\"http:\/\/www.oagvm.sk\/wphirfolyam\/wp-content\/uploads\/2019\/10\/edinburgh-02.jpg 600w, http:\/\/www.oagvm.sk\/wphirfolyam\/wp-content\/uploads\/2019\/10\/edinburgh-02-150x150.jpg 150w, http:\/\/www.oagvm.sk\/wphirfolyam\/wp-content\/uploads\/2019\/10\/edinburgh-02-300x300.jpg 300w\" sizes=\"(max-width: 600px) 100vw, 600px\" \/><\/li>\n                <li style=\"display: none; width: 100%;\" class=\"slide-88 ms-image\"><img width=\"600\" height=\"600\" src=\"http:\/\/www.oagvm.sk\/wphirfolyam\/wp-content\/uploads\/2019\/10\/edinburgh-03.jpg\" class=\"slider-73 slide-88\" alt=\"\" loading=\"lazy\" rel=\"\" title=\"edinburgh-03\" srcset=\"http:\/\/www.oagvm.sk\/wphirfolyam\/wp-content\/uploads\/2019\/10\/edinburgh-03.jpg 600w, http:\/\/www.oagvm.sk\/wphirfolyam\/wp-content\/uploads\/2019\/10\/edinburgh-03-150x150.jpg 150w, http:\/\/www.oagvm.sk\/wphirfolyam\/wp-content\/uploads\/2019\/10\/edinburgh-03-300x300.jpg 300w\" sizes=\"(max-width: 600px) 100vw, 600px\" \/><\/li>\n                <li style=\"display: none; width: 100%;\" class=\"slide-89 ms-image\"><img width=\"600\" height=\"600\" src=\"http:\/\/www.oagvm.sk\/wphirfolyam\/wp-content\/uploads\/2019\/10\/edinburgh-04.jpg\" class=\"slider-73 slide-89\" alt=\"\" loading=\"lazy\" rel=\"\" title=\"edinburgh-04\" srcset=\"http:\/\/www.oagvm.sk\/wphirfolyam\/wp-content\/uploads\/2019\/10\/edinburgh-04.jpg 600w, http:\/\/www.oagvm.sk\/wphirfolyam\/wp-content\/uploads\/2019\/10\/edinburgh-04-150x150.jpg 150w, http:\/\/www.oagvm.sk\/wphirfolyam\/wp-content\/uploads\/2019\/10\/edinburgh-04-300x300.jpg 300w\" sizes=\"(max-width: 600px) 100vw, 600px\" \/><\/li>\n                <li style=\"display: none; width: 100%;\" class=\"slide-90 ms-image\"><img width=\"600\" height=\"600\" src=\"http:\/\/www.oagvm.sk\/wphirfolyam\/wp-content\/uploads\/2019\/10\/edinburgh-05.jpg\" class=\"slider-73 slide-90\" alt=\"\" loading=\"lazy\" rel=\"\" title=\"edinburgh-05\" srcset=\"http:\/\/www.oagvm.sk\/wphirfolyam\/wp-content\/uploads\/2019\/10\/edinburgh-05.jpg 600w, http:\/\/www.oagvm.sk\/wphirfolyam\/wp-content\/uploads\/2019\/10\/edinburgh-05-150x150.jpg 150w, http:\/\/www.oagvm.sk\/wphirfolyam\/wp-content\/uploads\/2019\/10\/edinburgh-05-300x300.jpg 300w\" sizes=\"(max-width: 600px) 100vw, 600px\" \/><\/li>\n                <li style=\"display: none; width: 100%;\" class=\"slide-91 ms-image\"><img width=\"600\" height=\"600\" src=\"http:\/\/www.oagvm.sk\/wphirfolyam\/wp-content\/uploads\/2019\/10\/edinburgh-06.jpg\" class=\"slider-73 slide-91\" alt=\"\" loading=\"lazy\" rel=\"\" title=\"edinburgh-06\" srcset=\"http:\/\/www.oagvm.sk\/wphirfolyam\/wp-content\/uploads\/2019\/10\/edinburgh-06.jpg 600w, http:\/\/www.oagvm.sk\/wphirfolyam\/wp-content\/uploads\/2019\/10\/edinburgh-06-150x150.jpg 150w, http:\/\/www.oagvm.sk\/wphirfolyam\/wp-content\/uploads\/2019\/10\/edinburgh-06-300x300.jpg 300w\" sizes=\"(max-width: 600px) 100vw, 600px\" \/><\/li>\n                <li style=\"display: none; width: 100%;\" class=\"slide-92 ms-image\"><img width=\"600\" height=\"600\" src=\"http:\/\/www.oagvm.sk\/wphirfolyam\/wp-content\/uploads\/2019\/10\/edinburgh-07.jpg\" class=\"slider-73 slide-92\" alt=\"\" loading=\"lazy\" rel=\"\" title=\"edinburgh-07\" srcset=\"http:\/\/www.oagvm.sk\/wphirfolyam\/wp-content\/uploads\/2019\/10\/edinburgh-07.jpg 600w, http:\/\/www.oagvm.sk\/wphirfolyam\/wp-content\/uploads\/2019\/10\/edinburgh-07-150x150.jpg 150w, http:\/\/www.oagvm.sk\/wphirfolyam\/wp-content\/uploads\/2019\/10\/edinburgh-07-300x300.jpg 300w\" sizes=\"(max-width: 600px) 100vw, 600px\" \/><\/li>\n                <li style=\"display: none; width: 100%;\" class=\"slide-93 ms-image\"><img width=\"600\" height=\"600\" src=\"http:\/\/www.oagvm.sk\/wphirfolyam\/wp-content\/uploads\/2019\/10\/edinburgh-08.jpg\" class=\"slider-73 slide-93\" alt=\"\" loading=\"lazy\" rel=\"\" title=\"edinburgh-08\" srcset=\"http:\/\/www.oagvm.sk\/wphirfolyam\/wp-content\/uploads\/2019\/10\/edinburgh-08.jpg 600w, http:\/\/www.oagvm.sk\/wphirfolyam\/wp-content\/uploads\/2019\/10\/edinburgh-08-150x150.jpg 150w, http:\/\/www.oagvm.sk\/wphirfolyam\/wp-content\/uploads\/2019\/10\/edinburgh-08-300x300.jpg 300w\" sizes=\"(max-width: 600px) 100vw, 600px\" \/><\/li>\n                <li style=\"display: none; width: 100%;\" class=\"slide-94 ms-image\"><img width=\"600\" height=\"600\" src=\"http:\/\/www.oagvm.sk\/wphirfolyam\/wp-content\/uploads\/2019\/10\/edinburgh-09.jpg\" class=\"slider-73 slide-94\" alt=\"\" loading=\"lazy\" rel=\"\" title=\"edinburgh-09\" srcset=\"http:\/\/www.oagvm.sk\/wphirfolyam\/wp-content\/uploads\/2019\/10\/edinburgh-09.jpg 600w, http:\/\/www.oagvm.sk\/wphirfolyam\/wp-content\/uploads\/2019\/10\/edinburgh-09-150x150.jpg 150w, http:\/\/www.oagvm.sk\/wphirfolyam\/wp-content\/uploads\/2019\/10\/edinburgh-09-300x300.jpg 300w\" sizes=\"(max-width: 600px) 100vw, 600px\" \/><\/li>\n                <li style=\"display: none; width: 100%;\" class=\"slide-95 ms-image\"><img width=\"600\" height=\"600\" src=\"http:\/\/www.oagvm.sk\/wphirfolyam\/wp-content\/uploads\/2019\/10\/edinburgh-10.jpg\" class=\"slider-73 slide-95\" alt=\"\" loading=\"lazy\" rel=\"\" title=\"edinburgh-10\" srcset=\"http:\/\/www.oagvm.sk\/wphirfolyam\/wp-content\/uploads\/2019\/10\/edinburgh-10.jpg 600w, http:\/\/www.oagvm.sk\/wphirfolyam\/wp-content\/uploads\/2019\/10\/edinburgh-10-150x150.jpg 150w, http:\/\/www.oagvm.sk\/wphirfolyam\/wp-content\/uploads\/2019\/10\/edinburgh-10-300x300.jpg 300w\" sizes=\"(max-width: 600px) 100vw, 600px\" \/><\/li>\n                <li style=\"display: none; width: 100%;\" class=\"slide-96 ms-image\"><img width=\"600\" height=\"600\" src=\"http:\/\/www.oagvm.sk\/wphirfolyam\/wp-content\/uploads\/2019\/10\/edinburgh-11.jpg\" class=\"slider-73 slide-96\" alt=\"\" loading=\"lazy\" rel=\"\" title=\"edinburgh-11\" srcset=\"http:\/\/www.oagvm.sk\/wphirfolyam\/wp-content\/uploads\/2019\/10\/edinburgh-11.jpg 600w, http:\/\/www.oagvm.sk\/wphirfolyam\/wp-content\/uploads\/2019\/10\/edinburgh-11-150x150.jpg 150w, http:\/\/www.oagvm.sk\/wphirfolyam\/wp-content\/uploads\/2019\/10\/edinburgh-11-300x300.jpg 300w\" sizes=\"(max-width: 600px) 100vw, 600px\" \/><\/li>\n                <li style=\"display: none; width: 100%;\" class=\"slide-97 ms-image\"><img width=\"600\" height=\"600\" src=\"http:\/\/www.oagvm.sk\/wphirfolyam\/wp-content\/uploads\/2019\/10\/edinburgh-12.jpg\" class=\"slider-73 slide-97\" alt=\"\" loading=\"lazy\" rel=\"\" title=\"edinburgh-12\" srcset=\"http:\/\/www.oagvm.sk\/wphirfolyam\/wp-content\/uploads\/2019\/10\/edinburgh-12.jpg 600w, http:\/\/www.oagvm.sk\/wphirfolyam\/wp-content\/uploads\/2019\/10\/edinburgh-12-150x150.jpg 150w, http:\/\/www.oagvm.sk\/wphirfolyam\/wp-content\/uploads\/2019\/10\/edinburgh-12-300x300.jpg 300w\" sizes=\"(max-width: 600px) 100vw, 600px\" \/><\/li>\n            <\/ul>\n        <\/div>\n        \n    <\/div>\n<\/div><\/div>\n","protected":false},"excerpt":{"rendered":"<p>Edinburgh-d\u00edjas tanul\u00f3 Nagymegyeren\u00a0 \u00a0 A Nagymegyeri Kereskedelmi Akad\u00e9mia \u2013 r\u00e9gi\u00f3nk els\u0151 k\u00f6z\u00e9piskol\u00e1jak\u00e9nt \u2013 a 2017\/2018-as tan\u00e9vben el\u0151sz\u00f6r kapcsol\u00f3dott be a fiatalok k\u00f6r\u00e9ben nagy n\u00e9pszer\u0171s\u00e9gnek \u00f6rvend\u0151, vil\u00e1gszerte elismert Edinburgh Hercege Nemzetk\u00f6zi D\u00edj (DofE) programba. A 14 \u00e9s 24 \u00e9v k\u00f6z\u00f6tti fiataloknak sz\u00f3l\u00f3 \u00f6nk\u00e9ntes program c\u00e9lja az \u00f6nfejleszt\u00e9sre, \u00f6n\u00e1ll\u00f3s\u00e1gra, gyakorlatiass\u00e1gra, kreativit\u00e1sra, v\u00e9gs\u0151 soron pedig a tartalmasabb \u00e9letre &#8230; <a title=\"\ufeffEdinburgh-d\u00edjas tanul\u00f3 Nagymegyeren &#8211; \u00daspech v programe Medzin\u00e1rodn\u00e1 cena vojvodu z Edinburghu\" class=\"read-more\" href=\"http:\/\/www.oagvm.sk\/wphirfolyam\/?p=98\">Olvass tov\u00e1bb<span class=\"screen-reader-text\">\ufeffEdinburgh-d\u00edjas tanul\u00f3 Nagymegyeren &#8211; \u00daspech v programe Medzin\u00e1rodn\u00e1 cena vojvodu z Edinburghu<\/span><\/a><\/p>\n","protected":false},"author":1,"featured_media":0,"comment_status":"open","ping_status":"open","sticky":false,"template":"","format":"standard","meta":[],"categories":[3],"tags":[],"_links":{"self":[{"href":"http:\/\/www.oagvm.sk\/wphirfolyam\/index.php?rest_route=\/wp\/v2\/posts\/98"}],"collection":[{"href":"http:\/\/www.oagvm.sk\/wphirfolyam\/index.php?rest_route=\/wp\/v2\/posts"}],"about":[{"href":"http:\/\/www.oagvm.sk\/wphirfolyam\/index.php?rest_route=\/wp\/v2\/types\/post"}],"author":[{"embeddable":true,"href":"http:\/\/www.oagvm.sk\/wphirfolyam\/index.php?rest_route=\/wp\/v2\/users\/1"}],"replies":[{"embeddable":true,"href":"http:\/\/www.oagvm.sk\/wphirfolyam\/index.php?rest_route=%2Fwp%2Fv2%2Fcomments&post=98"}],"version-history":[{"count":1,"href":"http:\/\/www.oagvm.sk\/wphirfolyam\/index.php?rest_route=\/wp\/v2\/posts\/98\/revisions"}],"predecessor-version":[{"id":99,"href":"http:\/\/www.oagvm.sk\/wphirfolyam\/index.php?rest_route=\/wp\/v2\/posts\/98\/revisions\/99"}],"wp:attachment":[{"href":"http:\/\/www.oagvm.sk\/wphirfolyam\/index.php?rest_route=%2Fwp%2Fv2%2Fmedia&parent=98"}],"wp:term":[{"taxonomy":"category","embeddable":true,"href":"http:\/\/www.oagvm.sk\/wphirfolyam\/index.php?rest_route=%2Fwp%2Fv2%2Fcategories&post=98"},{"taxonomy":"post_tag","embeddable":true,"href":"http:\/\/www.oagvm.sk\/wphirfolyam\/index.php?rest_route=%2Fwp%2Fv2%2Ftags&post=98"}],"curies":[{"name":"wp","href":"https:\/\/api.w.org\/{rel}","templated":true}]}}